{"id":44421,"date":"2014-11-04T11:44:20","date_gmt":"2014-11-04T14:44:20","guid":{"rendered":"http:\/\/aconteceunovale.com.br\/portal\/?p=44421"},"modified":"2014-11-04T11:45:04","modified_gmt":"2014-11-04T14:45:04","slug":"chuvas-podem-nao-ser-suficientes-para-recuperacao-dos-rios-de-minas-gerais","status":"publish","type":"post","link":"https:\/\/aconteceunovale.com.br\/portal\/?p=44421","title":{"rendered":"Chuvas podem n\u00e3o ser suficientes para recupera\u00e7\u00e3o dos rios de Minas Gerais"},"content":{"rendered":"<h4><strong><em>De 17 pontos de monitoramento mantidos pelo Igam em bacias que cortam o estado, oito est\u00e3o em n\u00edvel abaixo do tido como normal para esta \u00e9poca do ano. Recupera\u00e7\u00e3o ser\u00e1 lenta<\/em><\/strong><\/h4>\n<div id=\"fb-root\"><\/div>\n<p>\t\t\t\t<script>(function(d, s, id) {\n\t\t\t\t  var js, fjs = d.getElementsByTagName(s)[0];\n\t\t\t\t  if (d.getElementById(id)) return;\n\t\t\t\t  js = d.createElement(s); js.id = id;\n\t\t\t\t  js.src = \"\/\/connect.facebook.net\/pt_BR\/sdk.js#xfbml=1&appId=691575364226355&version=v2.0\";\n\t\t\t\t  fjs.parentNode.insertBefore(js, fjs);\n\t\t\t\t}(document, 'script', 'facebook-jssdk'));<\/script><\/p>\n<div class=\"fb-like\" data-href=\"https:\/\/www.facebook.com\/aconteceunovale\" data-layout=\"button_count\" data-action=\"like\" data-show-faces=\"true\" data-share=\"true\"><\/div>\n<p><\/br><\/p>\n<p>Apesar da previs\u00e3o de chuvas estar dentro do normal para o per\u00edodo, a situa\u00e7\u00e3o dos rios de Minas n\u00e3o \u00e9 nada boa e est\u00e1 longe da recupera\u00e7\u00e3o. De um total de 17 pontos de monitoramento mantidos em rios de Minas pelo Instituto Mineiro de Gest\u00e3o das \u00c1guas (Igam), apenas nove est\u00e3o com o n\u00edvel de \u00e1gua normal, segundo medi\u00e7\u00e3o feita na \u00faltima quinta-feira. No geral, os cursos d\u2019\u00e1gua est\u00e3o com 81% da capacidade considerada normal para esta \u00e9poca do ano e o progn\u00f3stico \u00e9 de que as pr\u00f3ximas chuvas n\u00e3o sejam suficientes para recuperar o d\u00e9ficit imposto pelo per\u00edodo de estiagem. \u201c\u00c9 preciso uma sequ\u00eancia de per\u00edodos chuvosos dentro da normal climatol\u00f3gica para a recupera\u00e7\u00e3o\u201d, alerta a Ger\u00eancia de Projetos e Programas em Recursos H\u00eddricos do Igam.<\/p>\n<p>Na Bacia do Rio Doce, s\u00e3o nove esta\u00e7\u00f5es avaliando as cotas dos rios. No Munic\u00edpio de Belo Oriente, no Vale do A\u00e7o, o Rio Doce est\u00e1 com 61 cent\u00edmetros de \u00e1gua, quando o considerado normal para esta \u00e9poca do ano no ponto de medi\u00e7\u00e3o \u00e9 de 117 cent\u00edmetros. No munic\u00edpio de Ponte Nova, na Zona da Mata, o Rio Piranga tamb\u00e9m apresenta-se em situa\u00e7\u00e3o de d\u00e9ficit, segundo o Igam: a cota caiu de 137 para 80 cent\u00edmetros.<\/p>\n<p>Pen\u00faria tamb\u00e9m nos rios da Bacia do Rio Para\u00edba do Sul, onde h\u00e1 tr\u00eas esta\u00e7\u00f5es do Igam com transmiss\u00e3o autom\u00e1tica de dados. Em Cataguases, Zona da Mata, o Rio Pomba est\u00e1 com 73 cent\u00edmetros, quando a sua cota normal \u00e9 de 113 cent\u00edmetros. O n\u00edvel do Rio Novo em Itamarati de Minas, na mesma regi\u00e3o, caiu de 144 cent\u00edmetros para 67.<\/p>\n<p>Na Bacia do Rio S\u00e3o Francisco, as informa\u00e7\u00f5es enviadas pelas cinco esta\u00e7\u00f5es de monitoramento tamb\u00e9m s\u00e3o preocupantes. O Rio Maranh\u00e3o, em Congonhas, na Regi\u00e3o Central, teve a sua cota reduzida de 154 para 90 cent\u00edmetros. Em Pedras de Maria da Cruz, Norte de Minas, o Velho Chico baixou de 168 para 75 cent\u00edmetros.<\/p>\n<h4>Previs\u00e3o pessimista<\/h4>\n<p>O presidente do Comit\u00ea da Bacia Hidrogr\u00e1fica do Rio das Velhas, Marcus Vin\u00edcius Polignani, n\u00e3o acredita que as pr\u00f3ximas chuvas v\u00e3o conseguir recuperar os rios em Minas. \u201cA situa\u00e7\u00e3o continua cr\u00edtica. Com certeza, este ano S\u00e3o Francisco n\u00e3o ser\u00e1 recuperado. A situa\u00e7\u00e3o \u00e9 bem emblem\u00e1tica em Pirapora, onde a vaz\u00e3o do rio foi extremamente reduzida. A cachoeira praticamente desapareceu. Em Tr\u00eas Marias, a hidrel\u00e9trica est\u00e1 muito abaixo da sua capacidade operacional\u201d, lamenta Polignani. Segundo ele, \u00e9 preciso chover muito para elevar a vaz\u00e3o dos rios. \u201cN\u00e3o temos garantia nenhuma que vamos conseguir repor o passivo. N\u00e3o vamos conseguir recuperar a vaz\u00e3o dos rios aos n\u00edveis de 2011 e 2012\u201d, disse.<\/p>\n<p>V\u00e1rios afluentes do Rio das Velhas tamb\u00e9m est\u00e3o em situa\u00e7\u00e3o de pen\u00faria, segundo Polignani. \u201cNos rios Paraopeba, Paracatu e Rio Verde Grande, esse \u00faltimo em Bom Despacho, todos os afluentes est\u00e3o com vaz\u00e3o comprometida, bem abaixo da m\u00e9dia hist\u00f3rica\u201d, comentou.<\/p>\n<p>Em 30 de setembro, o Comit\u00ea da Bacia Hidrogr\u00e1fica do Rio S\u00e3o Francisco (CBHSF) prop\u00f4s ao Igam e \u00e0 Ag\u00eancia Nacional de \u00c1guas (ANA) um levantamento de todas as nascentes e c\u00f3rregos que secaram na bacia do Rio S\u00e3o Francisco, da nascente, no Parque Estadual da Serra da Canastra, \u00e0 represa de Tr\u00eas Marias, na Regi\u00e3o Centro-Oeste do estado. O trabalho teria o objetivo de subsidiar prefeituras da regi\u00e3o em casos de necessidade de decretar situa\u00e7\u00e3o de emerg\u00eancia e para facilitar a atua\u00e7\u00e3o da Defesa Civil, bem como promover a\u00e7\u00f5es em caso de desabastecimento humano e animal. As informa\u00e7\u00f5es s\u00e3o do <strong>Jornal Estado de Minas<\/strong>.<\/p>\n","protected":false},"excerpt":{"rendered":"<p>De 17 pontos de monitoramento mantidos pelo Igam em bacias que cortam o estado, oito est\u00e3o em n\u00edvel abaixo do tido como normal para esta \u00e9poca do ano. Recupera\u00e7\u00e3o ser\u00e1 lenta Apesar da previs\u00e3o de chuvas estar dentro do normal para o per\u00edodo, a situa\u00e7\u00e3o dos rios de Minas n\u00e3o \u00e9 nada boa e est\u00e1 [&hellip;]<\/p>\n","protected":false},"author":1,"featured_media":38514,"comment_status":"open","ping_status":"closed","sticky":false,"template":"","format":"standard","meta":{"amp_status":"","footnotes":""},"categories":[123],"tags":[21801,21802,21804,8419,350,1503,21800,1527,1018,212,1437,3723,254,217,21805,1774,21803,14129,6330,18110,1533],"class_list":["post-44421","post","type-post","status-publish","format-standard","has-post-thumbnail","hentry","category-gerais","tag-bacia-do-rio-doce","tag-bacia-do-rio-paraiba-do-sul","tag-bacia-hidrografica-do-rio-das-velhas","tag-bacia-hidrografica-do-rio-sao-francisco","tag-belo-oriente","tag-cataguases","tag-chuvas-podem-nao-ser-suficientes-para-recuperacao-dos-rios-de-minas-gerais","tag-congonhas","tag-destaque","tag-paracatu","tag-paraopeba","tag-pedras-de-maria-da-cruz","tag-pirapora","tag-ponte-nova","tag-rio-das-velhas","tag-rio-doce","tag-rio-maranhao","tag-rio-pomba","tag-rio-sao-francisco","tag-rio-verde-grande","tag-tres-marias"],"_links":{"self":[{"href":"https:\/\/aconteceunovale.com.br\/portal\/index.php?rest_route=\/wp\/v2\/posts\/44421","targetHints":{"allow":["GET"]}}],"collection":[{"href":"https:\/\/aconteceunovale.com.br\/portal\/index.php?rest_route=\/wp\/v2\/posts"}],"about":[{"href":"https:\/\/aconteceunovale.com.br\/portal\/index.php?rest_route=\/wp\/v2\/types\/post"}],"author":[{"embeddable":true,"href":"https:\/\/aconteceunovale.com.br\/portal\/index.php?rest_route=\/wp\/v2\/users\/1"}],"replies":[{"embeddable":true,"href":"https:\/\/aconteceunovale.com.br\/portal\/index.php?rest_route=%2Fwp%2Fv2%2Fcomments&post=44421"}],"version-history":[{"count":0,"href":"https:\/\/aconteceunovale.com.br\/portal\/index.php?rest_route=\/wp\/v2\/posts\/44421\/revisions"}],"wp:featuredmedia":[{"embeddable":true,"href":"https:\/\/aconteceunovale.com.br\/portal\/index.php?rest_route=\/wp\/v2\/media\/38514"}],"wp:attachment":[{"href":"https:\/\/aconteceunovale.com.br\/portal\/index.php?rest_route=%2Fwp%2Fv2%2Fmedia&parent=44421"}],"wp:term":[{"taxonomy":"category","embeddable":true,"href":"https:\/\/aconteceunovale.com.br\/portal\/index.php?rest_route=%2Fwp%2Fv2%2Fcategories&post=44421"},{"taxonomy":"post_tag","embeddable":true,"href":"https:\/\/aconteceunovale.com.br\/portal\/index.php?rest_route=%2Fwp%2Fv2%2Ftags&post=44421"}],"curies":[{"name":"wp","href":"https:\/\/api.w.org\/{rel}","templated":true}]}}