{"id":44387,"date":"2014-11-04T09:45:56","date_gmt":"2014-11-04T12:45:56","guid":{"rendered":"http:\/\/aconteceunovale.com.br\/portal\/?p=44387"},"modified":"2014-11-04T09:45:56","modified_gmt":"2014-11-04T12:45:56","slug":"plantao-do-samu-no-norte-de-minas-gerais-03-de-novembro-de-2014","status":"publish","type":"post","link":"https:\/\/aconteceunovale.com.br\/portal\/?p=44387","title":{"rendered":"Plant\u00e3o do Samu no Norte de Minas Gerais &#8211; 03 de novembro de 2014"},"content":{"rendered":"<h4><em><strong>Segunda-feira, 03 de novembro de 2014<\/strong><\/em><\/h4>\n<div id=\"fb-root\"><\/div>\n<p>\t\t\t\t<script>(function(d, s, id) {\n\t\t\t\t  var js, fjs = d.getElementsByTagName(s)[0];\n\t\t\t\t  if (d.getElementById(id)) return;\n\t\t\t\t  js = d.createElement(s); js.id = id;\n\t\t\t\t  js.src = \"\/\/connect.facebook.net\/pt_BR\/sdk.js#xfbml=1&appId=691575364226355&version=v2.0\";\n\t\t\t\t  fjs.parentNode.insertBefore(js, fjs);\n\t\t\t\t}(document, 'script', 'facebook-jssdk'));<\/script><\/p>\n<div class=\"fb-like\" data-href=\"https:\/\/www.facebook.com\/aconteceunovale\" data-layout=\"button_count\" data-action=\"like\" data-show-faces=\"true\" data-share=\"true\"><\/div>\n<p><\/br><\/p>\n<p>Nesta segunda-feira, 03\/11, as unidades do SAMU de Montes Claros realizaram 48 atendimentos, sendo 41 casos cl\u00ednicos e 7 em decorr\u00eancia de acidente de tr\u00e2nsito.<\/p>\n<p>\u00c0s 19h55, a unidade do Samu foi acionada para atendimento a um menino de 5 anos, que caiu de bicicleta na Avenida A, bairro Jardim S\u00e3o Geraldo. El apresentava escoria\u00e7\u00f5es na face e no t\u00f3rax. <\/p>\n<p>\u00c0s 16h30, uma adolescente de 17 anos, que transitava no banco traseiro de um carro na Rua Lagoa Santa, bairro Santa Cec\u00edlia, ficou ferida ap\u00f3s o ve\u00edculo colidir contra uma moto. <\/p>\n<p>Duas pessoas ficaram feridas em um acidente envolvendo uma moto e um carro, ocorrido \u00e0s 15h22, na Avenida Sidney Chaves, bairro Edgar Pereira. O condutor da moto, de 32 anos, se queixava de dor na perna esquerda e apresentava escoria\u00e7\u00f5es e poss\u00edvel fratura de t\u00edbia. Uma mulher de 42 anos, que estava na garupa da moto, se queixava de dor na patela e calcanhar esquerdo, apresentando escoria\u00e7\u00f5es no calcanhar.<\/p>\n<p>\u00c0s 13h22, um homem de 26 anos caiu de moto na Avenida das Palmeiras, bairro Jardim Palmeira, e sofreu escoria\u00e7\u00f5es generalizadas pelo corpo e corte contuso na face. Ele apresentava h\u00e1lito et\u00edlico. <\/p>\n<p>\u00c0s 07h34, uma mulher de 82 anos foi atropelada por uma moto na Avenida Jos\u00e9 Correa Machado, bairro Jardim S\u00e3o Luiz e apresentava corte contuso na cabe\u00e7a.<\/p>\n<p>Em todas as ocorr\u00eancias os feridos receberam os primeiros atendimentos no local e foram encaminhados ao hospital para avalia\u00e7\u00e3o.<\/p>\n","protected":false},"excerpt":{"rendered":"<p>Segunda-feira, 03 de novembro de 2014 Nesta segunda-feira, 03\/11, as unidades do SAMU de Montes Claros realizaram 48 atendimentos, sendo 41 casos cl\u00ednicos e 7 em decorr\u00eancia de acidente de tr\u00e2nsito. \u00c0s 19h55, a unidade do Samu foi acionada para atendimento a um menino de 5 anos, que caiu de bicicleta na Avenida A, bairro [&hellip;]<\/p>\n","protected":false},"author":1,"featured_media":37592,"comment_status":"open","ping_status":"closed","sticky":false,"template":"","format":"standard","meta":{"amp_status":"","footnotes":""},"categories":[1236],"tags":[21764,13996,210,21763,21765,4040],"class_list":["post-44387","post","type-post","status-publish","format-standard","has-post-thumbnail","hentry","category-norte_de_minas","tag-atendimento-do-samu-macro-norte","tag-atendimentos-do-samu-em-montes-claros","tag-montes-claros","tag-pantao-do-samu-em-montes-claros","tag-plantao-do-samu-no-norte-de-minas-gerais-03-de-novembro-de-2014","tag-samu-macro-norte"],"_links":{"self":[{"href":"https:\/\/aconteceunovale.com.br\/portal\/index.php?rest_route=\/wp\/v2\/posts\/44387","targetHints":{"allow":["GET"]}}],"collection":[{"href":"https:\/\/aconteceunovale.com.br\/portal\/index.php?rest_route=\/wp\/v2\/posts"}],"about":[{"href":"https:\/\/aconteceunovale.com.br\/portal\/index.php?rest_route=\/wp\/v2\/types\/post"}],"author":[{"embeddable":true,"href":"https:\/\/aconteceunovale.com.br\/portal\/index.php?rest_route=\/wp\/v2\/users\/1"}],"replies":[{"embeddable":true,"href":"https:\/\/aconteceunovale.com.br\/portal\/index.php?rest_route=%2Fwp%2Fv2%2Fcomments&post=44387"}],"version-history":[{"count":0,"href":"https:\/\/aconteceunovale.com.br\/portal\/index.php?rest_route=\/wp\/v2\/posts\/44387\/revisions"}],"wp:featuredmedia":[{"embeddable":true,"href":"https:\/\/aconteceunovale.com.br\/portal\/index.php?rest_route=\/wp\/v2\/media\/37592"}],"wp:attachment":[{"href":"https:\/\/aconteceunovale.com.br\/portal\/index.php?rest_route=%2Fwp%2Fv2%2Fmedia&parent=44387"}],"wp:term":[{"taxonomy":"category","embeddable":true,"href":"https:\/\/aconteceunovale.com.br\/portal\/index.php?rest_route=%2Fwp%2Fv2%2Fcategories&post=44387"},{"taxonomy":"post_tag","embeddable":true,"href":"https:\/\/aconteceunovale.com.br\/portal\/index.php?rest_route=%2Fwp%2Fv2%2Ftags&post=44387"}],"curies":[{"name":"wp","href":"https:\/\/api.w.org\/{rel}","templated":true}]}}