{"id":44382,"date":"2014-11-03T21:50:30","date_gmt":"2014-11-04T00:50:30","guid":{"rendered":"http:\/\/aconteceunovale.com.br\/portal\/?p=44382"},"modified":"2014-11-03T21:50:30","modified_gmt":"2014-11-04T00:50:30","slug":"projeto-de-apicultura-da-aperam-bioenergia-fica-entre-finalistas-do-premio-hugo-werneck","status":"publish","type":"post","link":"https:\/\/aconteceunovale.com.br\/portal\/?p=44382","title":{"rendered":"Projeto de Apicultura da Aperam BioEnergia fica entre finalistas do Pr\u00eamio Hugo Werneck"},"content":{"rendered":"<h4><em><strong>Empresa receber\u00e1 premia\u00e7\u00e3o no dia 11, em solenidade em BH com a presen\u00e7a da ministra do Meio Ambiente, Izabella Teixeira<\/strong><\/em><\/h4>\n<p>Mais uma vez, a Aperam BioEnergia mostra que a apicultura \u00e9 uma arte sem limites. No pr\u00f3ximo dia 11 de novembro, a empresa representar\u00e1 a comunidade do Vale do Jequitinhonha na solenidade de entrega do Pr\u00eamio Hugo Werneck de Sustentabilidade &#038; Amor \u00e0 Natureza, no Teatro Francisco Nunes, em Belo Horizonte. Criada em 2010, a iniciativa \u00e9 do Grupo Ecol\u00f3gico, integrado pela Revista Ecol\u00f3gico, a mais respeitada publica\u00e7\u00e3o jornal\u00edstica sobre sustentabilidade na grande m\u00eddia impressa e digital brasileira.<\/p>\n<p><img decoding=\"async\" src=\"http:\/\/aconteceunovale.com.br\/portal\/wp-content\/uploads\/2014\/11\/apicultura_amperam.jpg\" alt=\"\" \/><em>Projeto de Apicultura da Aperam BioEnergia &#8211; Foto: Divulga\u00e7\u00e3o<\/em><br \/>\n<\/br><\/p>\n<p>Este ano, na 5\u00aa edi\u00e7\u00e3o do Pr\u00eamio, a Aperam BioEnergia \u00e9 uma das tr\u00eas finalistas na categoria \u201cMelhor Exemplo em Flora\u201d com o Projeto de Apicultura. A solenidade contar\u00e1 com a presen\u00e7a da ministra do Meio Ambiente, Izabella Teixeira; o governador de Minas Gerais, Alberto Pinto Coelho; representantes de outras institui\u00e7\u00f5es premiadas e da Aperam BioEnergia.<\/p>\n<p>O Projeto de Apicultura da Aperam BioEnergia beneficia mais de 100 fam\u00edlias das regi\u00f5es de Itamarandiba e Veredinha. Com uma produ\u00e7\u00e3o m\u00e9dia de 440 toneladas de mel por ano, o trabalho proporciona aumento da renda e, consequentemente, melhoria da qualidade de vida. As informa\u00e7\u00f5es s\u00e3o da <strong>Assessoria de Comunica\u00e7\u00e3o da Aperam BioEnergia<\/strong>.<\/p>\n","protected":false},"excerpt":{"rendered":"<p>Empresa receber\u00e1 premia\u00e7\u00e3o no dia 11, em solenidade em BH com a presen\u00e7a da ministra do Meio Ambiente, Izabella Teixeira Mais uma vez, a Aperam BioEnergia mostra que a apicultura \u00e9 uma arte sem limites. No pr\u00f3ximo dia 11 de novembro, a empresa representar\u00e1 a comunidade do Vale do Jequitinhonha na solenidade de entrega do [&hellip;]<\/p>\n","protected":false},"author":1,"featured_media":44383,"comment_status":"open","ping_status":"closed","sticky":false,"template":"","format":"standard","meta":{"amp_status":"","footnotes":""},"categories":[120],"tags":[149,21757,21758,21756,916],"class_list":["post-44382","post","type-post","status-publish","format-standard","has-post-thumbnail","hentry","category-jequi","tag-itamarandiba","tag-premio-hugo-werneck","tag-projeto-de-apicultura-da-aperam-bioenergia","tag-projeto-de-apicultura-da-aperam-bioenergia-fica-entre-finalistas-do-premio-hugo-werneck","tag-veredinha"],"_links":{"self":[{"href":"https:\/\/aconteceunovale.com.br\/portal\/index.php?rest_route=\/wp\/v2\/posts\/44382","targetHints":{"allow":["GET"]}}],"collection":[{"href":"https:\/\/aconteceunovale.com.br\/portal\/index.php?rest_route=\/wp\/v2\/posts"}],"about":[{"href":"https:\/\/aconteceunovale.com.br\/portal\/index.php?rest_route=\/wp\/v2\/types\/post"}],"author":[{"embeddable":true,"href":"https:\/\/aconteceunovale.com.br\/portal\/index.php?rest_route=\/wp\/v2\/users\/1"}],"replies":[{"embeddable":true,"href":"https:\/\/aconteceunovale.com.br\/portal\/index.php?rest_route=%2Fwp%2Fv2%2Fcomments&post=44382"}],"version-history":[{"count":0,"href":"https:\/\/aconteceunovale.com.br\/portal\/index.php?rest_route=\/wp\/v2\/posts\/44382\/revisions"}],"wp:featuredmedia":[{"embeddable":true,"href":"https:\/\/aconteceunovale.com.br\/portal\/index.php?rest_route=\/wp\/v2\/media\/44383"}],"wp:attachment":[{"href":"https:\/\/aconteceunovale.com.br\/portal\/index.php?rest_route=%2Fwp%2Fv2%2Fmedia&parent=44382"}],"wp:term":[{"taxonomy":"category","embeddable":true,"href":"https:\/\/aconteceunovale.com.br\/portal\/index.php?rest_route=%2Fwp%2Fv2%2Fcategories&post=44382"},{"taxonomy":"post_tag","embeddable":true,"href":"https:\/\/aconteceunovale.com.br\/portal\/index.php?rest_route=%2Fwp%2Fv2%2Ftags&post=44382"}],"curies":[{"name":"wp","href":"https:\/\/api.w.org\/{rel}","templated":true}]}}