{"id":44378,"date":"2014-11-03T21:42:57","date_gmt":"2014-11-04T00:42:57","guid":{"rendered":"http:\/\/aconteceunovale.com.br\/portal\/?p=44378"},"modified":"2014-11-03T21:42:57","modified_gmt":"2014-11-04T00:42:57","slug":"passados-quatro-anos-da-tragedia-com-alunos-da-apae-em-carbonita-familias-ainda-cobram-indenizacao","status":"publish","type":"post","link":"https:\/\/aconteceunovale.com.br\/portal\/?p=44378","title":{"rendered":"Passados quatro anos da trag\u00e9dia com alunos da Apae em Carbonita, fam\u00edlias ainda cobram indeniza\u00e7\u00e3o"},"content":{"rendered":"<h4><em><strong>Acidente envolvendo \u00f4nibus que transportava equipe e funcion\u00e1rios da associa\u00e7\u00e3o deixou 11 mortos. Para advogado, falta agilidade da Justi\u00e7a para julgar processos<\/strong><\/em><\/h4>\n<div id=\"fb-root\"><\/div>\n<p>\t\t\t\t<script>(function(d, s, id) {\n\t\t\t\t  var js, fjs = d.getElementsByTagName(s)[0];\n\t\t\t\t  if (d.getElementById(id)) return;\n\t\t\t\t  js = d.createElement(s); js.id = id;\n\t\t\t\t  js.src = \"\/\/connect.facebook.net\/pt_BR\/sdk.js#xfbml=1&appId=691575364226355&version=v2.0\";\n\t\t\t\t  fjs.parentNode.insertBefore(js, fjs);\n\t\t\t\t}(document, 'script', 'facebook-jssdk'));<\/script><\/p>\n<div class=\"fb-like\" data-href=\"https:\/\/www.facebook.com\/aconteceunovale\" data-layout=\"button_count\" data-action=\"like\" data-show-faces=\"true\" data-share=\"true\"><\/div>\n<p><\/br><\/p>\n<p>Domingo, in\u00edcio da madrugada de 17 de outubro de 2010. Naquela data, um tr\u00e1gico acidente mudaria para sempre a vida de dezenas de fam\u00edlias e jamais seria esquecida pelos ipatinguenses. Na ocasi\u00e3o, um \u00f4nibus com 34 passageiros, que transportava alunos e funcion\u00e1rios da Associa\u00e7\u00e3o de Pais e Amigos dos Excepcionais (Apae) de Ipatinga caiu de uma altura de aproximadamente sete metros ao passar pela ponte sobre o Rio Ara\u00e7ua\u00ed, na Rodovia MG-451, em Carbonita, no Vale do Jequitinhonha. O saldo foi de 11 mortos e 23 feridos. Os alunos da Apae participaram dos Jogos do Interior de Minas (JIMI), realizados naquele fim de semana. As v\u00edtimas retornavam de Montes Claros para Ipatinga.<\/p>\n<p>O \u00f4nibus que caiu no Rio Ara\u00e7ua\u00ed era da empresa Translima, locado pela Talentus Turismo, contratada pela Prefeitura de Ipatinga para fazer o transporte da equipe da Apae. Outro \u00f4nibus locado, que pertencia \u00e0 empresa Transirm\u00e3os, tamb\u00e9m transportava a equipe da Apae de Montes Claros para Ipatinga quando a trag\u00e9dia aconteceu. Por\u00e9m, o ve\u00edculo n\u00e3o se envolveu no acidente. Segundo a per\u00edcia, o motorista do \u00f4nibus da Translima tentou fazer uma ultrapassagem em uma curva e depois se deparou com uma ponte estreita, invadiu a passarela de pedestres e caiu de uma altura de sete metros. O motorista sobreviveu.<\/p>\n<p><img decoding=\"async\" src=\"http:\/\/aconteceunovale.com.br\/portal\/wp-content\/uploads\/2014\/11\/tragedia_de_carbonita_1.jpg\" alt=\"\" \/><em>Edmundo e Maria de F\u00e1tima, pais de Sandro Alex (no detalhe), morto no acidente, lamentam a morosidade do julgamento do processo &#8211; Foto: Bruno Jackson \/ Jornal Vale do A\u00e7o<\/em><br \/>\n<\/br><\/p>\n<p>Ap\u00f3s a trag\u00e9dia, parentes das v\u00edtimas fatais acionaram a Justi\u00e7a pedindo indeniza\u00e7\u00e3o. Mas, passados quatro anos do acidente, ningu\u00e9m foi responsabilizado. O advogado Em\u00edlio Celso Ferrer Fernandes, que representa sete das 11 fam\u00edlias que perderam parentes naquela trag\u00e9dia, acionou o munic\u00edpio, o estado, a Talentus e a Translima, pedindo uma indeniza\u00e7\u00e3o de R$ 1 milh\u00e3o para cada autor das a\u00e7\u00f5es, por danos morais. Tamb\u00e9m h\u00e1 pedido de ressarcimento por danos materiais. O Estado foi acionado na Justi\u00e7a em raz\u00e3o da falta de sinaliza\u00e7\u00e3o e condi\u00e7\u00e3o prec\u00e1ria MG-451 no local do acidente. <\/p>\n<p>Os processos tramitam no F\u00f3rum da Comarca de Ipatinga, na Vara da Fazenda P\u00fablica. Em\u00edlio Celso Ferrar lamenta que a audi\u00eancia de instru\u00e7\u00e3o e julgamento ainda n\u00e3o tenha sido marcada. \u201cJ\u00e1 estamos com quatro anos de tramita\u00e7\u00e3o. Todas as partes j\u00e1 contestaram. O estado, o munic\u00edpio, a empresa de \u00f4nibus e a empresa de turismo j\u00e1 contestaram a a\u00e7\u00e3o. J\u00e1 houve uma audi\u00eancia, em que n\u00e3o houve acordo. Estamos aguardando o juiz designar uma audi\u00eancia de instru\u00e7\u00e3o e julgamento, quando ser\u00e3o ouvidas as testemunhas e o processo estar\u00e1 pronto para ser sentenciado\u201d, esclarece o advogado.<\/p>\n<h4>Audi\u00eancia conjunta<\/h4>\n<p>Como s\u00e3o v\u00e1rios processos, com pedidos semelhantes, Em\u00edlio Celso Ferrer solicitou que eles fossem unificados. \u201cEu represento sete fam\u00edlias de v\u00edtimas fatais. Como eram processos que estavam tramitando separadamente, foi pedido uma s\u00f3 audi\u00eancia para possibilitar uma senten\u00e7a mais r\u00e1pida em rela\u00e7\u00e3o \u00e0 tramita\u00e7\u00e3o do processo\u201d, explica.<\/p>\n<p>O advogado enfatiza que as a\u00e7\u00f5es pedem que as partes processadas paguem as indeniza\u00e7\u00f5es de forma compartilhada. \u201cO que se pede \u00e9 que haja responsabilidade solid\u00e1ria de todos. A dor n\u00e3o tem pre\u00e7o quando se trata de um ente querido. Ent\u00e3o, o que se pretende n\u00e3o \u00e9 um enriquecimento il\u00edcito, o que se pretende \u00e9 que o ressarcimento possa diminuir a dor dos familiares\u201d, afirma.<\/p>\n<p><img decoding=\"async\" src=\"http:\/\/aconteceunovale.com.br\/portal\/wp-content\/uploads\/2014\/11\/tragedia_de_carbonita_2.jpg\" alt=\"\" \/><em>O advogado Em\u00edlio Celso, que representa sete das 11 fam\u00edlias que perderam parentes no acidente, diz que indeniza\u00e7\u00e3o visa minimizar dor &#8211; Foto: Bruno Jackson \/ Jornal Vale do A\u00e7o<\/em><br \/>\n<\/br><\/p>\n<h4>Varia\u00e7\u00e3o<\/h4>\n<p>Os pedidos de indeniza\u00e7\u00e3o por danos morais, feitos pelos autores dos processos, est\u00e3o fixados em R$ 1 milh\u00e3o. Quanto ao ressarcimento por danos materiais, o advogado Em\u00edlio Celso Ferrer esclarece que os valores podem variar. \u201cOs danos materiais s\u00e3o calculados em rela\u00e7\u00e3o ao tempo de vida que a pessoa teria. H\u00e1 uma varia\u00e7\u00e3o. Mas o que se pede \u00e9 que o Judici\u00e1rio seja sens\u00edvel, porque o que a popula\u00e7\u00e3o e as fam\u00edlias esperam \u00e9 uma resposta. Eu mesmo entendo que o Judici\u00e1rio se encontra sobrecarregado pelo n\u00famero de processos, mas a esperan\u00e7a das fam\u00edlias \u00e9 que a Justi\u00e7a atenda o pleito pedido\u201d, refor\u00e7a.<\/p>\n<h4>Jogo de empurra-empurra das responsabilidades<\/h4>\n<p>Conforme consta nos autos do processo 0313.11.027.176-1, todas as partes processadas no caso do acidente envolvendo o \u00f4nibus que transportava alunos e funcion\u00e1rios da Apae, em 2010, contestaram os pedidos de indeniza\u00e7\u00f5es feitos pelas fam\u00edlias das v\u00edtimas. Na vis\u00e3o do advogado Em\u00edlio Celso Ferrer, houve um jogo de empurra-empurra das responsabilidades pelo acidente. Os pais de uma das v\u00edtimas do acidente, por meio do advogado Em\u00edlio Celso, impugnaram as contesta\u00e7\u00f5es dos r\u00e9us. <\/p>\n<p>No final do pedido de impugna\u00e7\u00e3o das contesta\u00e7\u00f5es, o advogado argumenta: \u201cAs contesta\u00e7\u00f5es apresentadas n\u00e3o fazem refer\u00eancia \u00e0 responsabilidade objetiva de todos os envolvidos, uma vez que existe a atribui\u00e7\u00e3o de culpa evidente \u00e0 concession\u00e1ria de servi\u00e7o p\u00fablico, da transportadora, do Munic\u00edpio, e do Estado de Minas, conforme estabelece o artigo 37, par\u00e1grafo 6\u00ba da Constitui\u00e7\u00e3o Federal e o artigo 734 do C\u00f3digo Civil\u201d. <\/p>\n<p>O pedido de deferido da impugna\u00e7\u00e3o das contesta\u00e7\u00f5es dos r\u00e9us foi feito em 10 de setembro de 2012.<\/p>\n<h4>Dor sem fim <\/h4>\n<p>Uma das v\u00edtimas da trag\u00e9dia envolvendo a equipe da Apae de Ipatinga, em 2010, era o para-atleta (deficiente intelectual) Sandro Alex Cruz Santos, que tinha 33 anos. Em 1998, Sandro disputou o Campeonato Mundial de Atletismo, na Inglaterra, no qual conquistou a medalha de bronze. Sandro representou a Usipa por muitos anos. Em entrevista, os pais de Sandro Alex, Edmundo Lino dos Santos e Maria de F\u00e1tima Cruz Santos, falaram sobre a dor e a decep\u00e7\u00e3o com a Justi\u00e7a. <\/p>\n<p>\u201cPelo tamanho da trag\u00e9dia e pela repercuss\u00e3o, nacional e internacional, acho que falta sensibilidade da Justi\u00e7a para julgar o caso com mais interesse e rapidez\u201d, declara Maria de F\u00e1tima. A m\u00e3e de Sandro Alex tamb\u00e9m cobra sensibilidade. \u201cN\u00e3o \u00e9 s\u00f3 a Justi\u00e7a. Quase ningu\u00e9m que teve sua parcela de responsabilidade naquele acidente deu assist\u00eancia \u00e0s fam\u00edlias que perderam entes queridos\u201d, diz Maria de F\u00e1tima.<\/p>\n<p>Edmundo Lino endossa o discurso da esposa. \u201cHoje n\u00f3s temos uma Justi\u00e7a muito lenta. A Justi\u00e7a deveria se sensibilizar para dar uma resposta \u00e0 sociedade, primeiramente, punindo os culpados. A quest\u00e3o n\u00e3o \u00e9 s\u00f3 financeira, \u00e9 psicol\u00f3gica. Conhe\u00e7o fam\u00edlias que ficaram destru\u00eddas emocionalmente ap\u00f3s o acidente. Teria que haver um amparo \u00e0s fam\u00edlias das v\u00edtimas por parte das empresas que est\u00e3o sendo processadas, por parte do estado e do munic\u00edpio\u201d, reivindica. Edmundo Lino n\u00e3o esconde sua revolta. \u201cN\u00e3o \u00e9 cab\u00edvel que ap\u00f3s quatro anos n\u00e3o tenhamos uma defini\u00e7\u00e3o da Justi\u00e7a quanto a esses processos. Chega a ser vergonhoso. A Justi\u00e7a tinha que dar uma resposta para diminuir o peso do sofrimento sobre as nossas costas\u201d, desabafa.<\/p>\n<p><em><strong>(Fonte: Jornal Vale do A\u00e7o \/ Rep\u00f3rter: Bruno Jackson)<\/strong><\/em><\/p>\n","protected":false},"excerpt":{"rendered":"<p>Acidente envolvendo \u00f4nibus que transportava equipe e funcion\u00e1rios da associa\u00e7\u00e3o deixou 11 mortos. Para advogado, falta agilidade da Justi\u00e7a para julgar processos Domingo, in\u00edcio da madrugada de 17 de outubro de 2010. Naquela data, um tr\u00e1gico acidente mudaria para sempre a vida de dezenas de fam\u00edlias e jamais seria esquecida pelos ipatinguenses. Na ocasi\u00e3o, um [&hellip;]<\/p>\n","protected":false},"author":1,"featured_media":44379,"comment_status":"open","ping_status":"closed","sticky":false,"template":"","format":"standard","meta":{"amp_status":"","footnotes":""},"categories":[123],"tags":[21751,21750,557,1018,201,21753,21752,21755,21754],"class_list":["post-44378","post","type-post","status-publish","format-standard","has-post-thumbnail","hentry","category-gerais","tag-apae-de-ipatinga","tag-associacao-de-pais-e-amigos-dos-excepcionais-de-ipatinga","tag-carbonita","tag-destaque","tag-ipatinga","tag-passados-quatro-anos-da-tragedia-com-alunos-da-apae-em-carbonita-familias-ainda-cobram-indenizacao","tag-rio-aracuai","tag-tragedia-com-alunos-da-apae-em-carbonita","tag-tragedia-em-carbonita"],"_links":{"self":[{"href":"https:\/\/aconteceunovale.com.br\/portal\/index.php?rest_route=\/wp\/v2\/posts\/44378","targetHints":{"allow":["GET"]}}],"collection":[{"href":"https:\/\/aconteceunovale.com.br\/portal\/index.php?rest_route=\/wp\/v2\/posts"}],"about":[{"href":"https:\/\/aconteceunovale.com.br\/portal\/index.php?rest_route=\/wp\/v2\/types\/post"}],"author":[{"embeddable":true,"href":"https:\/\/aconteceunovale.com.br\/portal\/index.php?rest_route=\/wp\/v2\/users\/1"}],"replies":[{"embeddable":true,"href":"https:\/\/aconteceunovale.com.br\/portal\/index.php?rest_route=%2Fwp%2Fv2%2Fcomments&post=44378"}],"version-history":[{"count":0,"href":"https:\/\/aconteceunovale.com.br\/portal\/index.php?rest_route=\/wp\/v2\/posts\/44378\/revisions"}],"wp:featuredmedia":[{"embeddable":true,"href":"https:\/\/aconteceunovale.com.br\/portal\/index.php?rest_route=\/wp\/v2\/media\/44379"}],"wp:attachment":[{"href":"https:\/\/aconteceunovale.com.br\/portal\/index.php?rest_route=%2Fwp%2Fv2%2Fmedia&parent=44378"}],"wp:term":[{"taxonomy":"category","embeddable":true,"href":"https:\/\/aconteceunovale.com.br\/portal\/index.php?rest_route=%2Fwp%2Fv2%2Fcategories&post=44378"},{"taxonomy":"post_tag","embeddable":true,"href":"https:\/\/aconteceunovale.com.br\/portal\/index.php?rest_route=%2Fwp%2Fv2%2Ftags&post=44378"}],"curies":[{"name":"wp","href":"https:\/\/api.w.org\/{rel}","templated":true}]}}