{"id":44357,"date":"2014-11-03T20:50:56","date_gmt":"2014-11-03T23:50:56","guid":{"rendered":"http:\/\/aconteceunovale.com.br\/portal\/?p=44357"},"modified":"2014-11-03T20:50:56","modified_gmt":"2014-11-03T23:50:56","slug":"quadrilha-que-utilizava-facebook-para-cometer-crimes-e-presa-durante-operacao","status":"publish","type":"post","link":"https:\/\/aconteceunovale.com.br\/portal\/?p=44357","title":{"rendered":"Quadrilha que utilizava facebook para cometer crimes \u00e9 presa durante opera\u00e7\u00e3o"},"content":{"rendered":"<h4><em><strong>Investigadores de Patos de Minas cumpriram 10 mandados de pris\u00e3o e 19 de busca e apreens\u00e3o. Grupo postava fotos com armas e utilizava a internet para vender drogas<\/strong><\/em><\/h4>\n<div id=\"fb-root\"><\/div>\n<p>\t\t\t\t<script>(function(d, s, id) {\n\t\t\t\t  var js, fjs = d.getElementsByTagName(s)[0];\n\t\t\t\t  if (d.getElementById(id)) return;\n\t\t\t\t  js = d.createElement(s); js.id = id;\n\t\t\t\t  js.src = \"\/\/connect.facebook.net\/pt_BR\/sdk.js#xfbml=1&appId=691575364226355&version=v2.0\";\n\t\t\t\t  fjs.parentNode.insertBefore(js, fjs);\n\t\t\t\t}(document, 'script', 'facebook-jssdk'));<\/script><\/p>\n<div class=\"fb-like\" data-href=\"https:\/\/www.facebook.com\/aconteceunovale\" data-layout=\"button_count\" data-action=\"like\" data-show-faces=\"true\" data-share=\"true\"><\/div>\n<p><\/br><\/p>\n<p>Foi realizada na madrugada desta segunda-feira pela Pol\u00edcia Civil de Patos de Minas, Regi\u00e3o do Alto Parana\u00edba, a \u201cOpera\u00e7\u00e3o Impacto Digital\u201d, que teve o objetivo de cumprir 10 mandados de pris\u00e3o, oito de interna\u00e7\u00e3o de menores e 19 mandados de busca e apreens\u00e3o. De acordo com o delegado regional, Elber Cordeiro, o grupo utilizava as redes sociais para comercializar drogas, ostentar armas e praticar crimes na cidade.<\/p>\n<p><img decoding=\"async\" src=\"http:\/\/aconteceunovale.com.br\/portal\/wp-content\/uploads\/2014\/11\/quadrilha_face_patos.gif\" alt=\"\" \/><em>Opera\u00e7\u00e3o contou com 36 policiais civis e come\u00e7ou \u00e0s 5 horas da manh\u00e3 &#8211; Foto: Pol\u00edcia Civil<\/em><br \/>\n<\/br><\/p>\n<p>Segundo informa\u00e7\u00f5es da Pol\u00edcia Civil, a investiga\u00e7\u00e3o durou cerca de seis meses at\u00e9 que todos os integrantes da quadrilha fossem identificados e monitorados. Na semana passada, tr\u00eas maiores j\u00e1 haviam sido presos, al\u00e9m de um adolescente apreendido. Nesta segunda, os investigadores ainda encontraram na casa dos envolvidos, um carro, duas motocicletas, uma delas roubada e aproximadamente 250 gramas de maconha. <\/p>\n<p>\u201cHoje \u00e0s 5 horas da manh\u00e3 nos deslocamos em dez viaturas para cumprirmos todos os mandados que haviam sido enviados \u00e0 justi\u00e7a. Foi uma investiga\u00e7\u00e3o longa, pois encontramos muitos envolvidos e preferimos fazer um trabalho de investiga\u00e7\u00e3o bem detalhado. Encontramos v\u00e1rias provas de que eles agiam no mundo do crime, utilizando principalmente o Facebook\u201d, disse o delegado Elber Cordeiro.<\/p>\n<p>Ao longo dos meses, o servi\u00e7o de intelig\u00eancia da pol\u00edcia investigou os integrantes da quadrilha em car\u00e1ter individual. Mesmo assim, ainda restam um mandado de pris\u00e3o e um de busca e apreens\u00e3o para serem cumpridos. Conforme os investigadores, a \u201cOpera\u00e7\u00e3o Impacto Digital\u201d \u00e9 semelhante a outra interven\u00e7\u00e3o realizada em Patos de Minas no final do primeiro semestre, quando outro grupo foi preso utilizando a rede para praticar crimes. <\/p>\n<p>\u201cVamos continuar fiscalizando, porque ainda n\u00e3o prendemos todos os respons\u00e1veis. Encaminhamos os maiores para o pres\u00eddio municipal e os adolescentes para um centro de interna\u00e7\u00e3o, onde v\u00e3o aguardar a decis\u00e3o da justi\u00e7a\u201d, declarou o delegado. As informa\u00e7\u00f5es s\u00e3o do <strong>Jornal Estado de Minas<\/strong>.<\/p>\n","protected":false},"excerpt":{"rendered":"<p>Investigadores de Patos de Minas cumpriram 10 mandados de pris\u00e3o e 19 de busca e apreens\u00e3o. Grupo postava fotos com armas e utilizava a internet para vender drogas Foi realizada na madrugada desta segunda-feira pela Pol\u00edcia Civil de Patos de Minas, Regi\u00e3o do Alto Parana\u00edba, a \u201cOpera\u00e7\u00e3o Impacto Digital\u201d, que teve o objetivo de cumprir [&hellip;]<\/p>\n","protected":false},"author":1,"featured_media":44358,"comment_status":"open","ping_status":"closed","sticky":false,"template":"","format":"standard","meta":{"amp_status":"","footnotes":""},"categories":[123],"tags":[21712,214,21710,21711],"class_list":["post-44357","post","type-post","status-publish","format-standard","has-post-thumbnail","hentry","category-gerais","tag-operacao-impacto-digital","tag-patos-de-minas","tag-quadrilha-que-utilizava-facebook-para-cometer-crimes-e-presa-durante-operacao","tag-regiao-do-alto-paranaiba"],"_links":{"self":[{"href":"https:\/\/aconteceunovale.com.br\/portal\/index.php?rest_route=\/wp\/v2\/posts\/44357","targetHints":{"allow":["GET"]}}],"collection":[{"href":"https:\/\/aconteceunovale.com.br\/portal\/index.php?rest_route=\/wp\/v2\/posts"}],"about":[{"href":"https:\/\/aconteceunovale.com.br\/portal\/index.php?rest_route=\/wp\/v2\/types\/post"}],"author":[{"embeddable":true,"href":"https:\/\/aconteceunovale.com.br\/portal\/index.php?rest_route=\/wp\/v2\/users\/1"}],"replies":[{"embeddable":true,"href":"https:\/\/aconteceunovale.com.br\/portal\/index.php?rest_route=%2Fwp%2Fv2%2Fcomments&post=44357"}],"version-history":[{"count":0,"href":"https:\/\/aconteceunovale.com.br\/portal\/index.php?rest_route=\/wp\/v2\/posts\/44357\/revisions"}],"wp:featuredmedia":[{"embeddable":true,"href":"https:\/\/aconteceunovale.com.br\/portal\/index.php?rest_route=\/wp\/v2\/media\/44358"}],"wp:attachment":[{"href":"https:\/\/aconteceunovale.com.br\/portal\/index.php?rest_route=%2Fwp%2Fv2%2Fmedia&parent=44357"}],"wp:term":[{"taxonomy":"category","embeddable":true,"href":"https:\/\/aconteceunovale.com.br\/portal\/index.php?rest_route=%2Fwp%2Fv2%2Fcategories&post=44357"},{"taxonomy":"post_tag","embeddable":true,"href":"https:\/\/aconteceunovale.com.br\/portal\/index.php?rest_route=%2Fwp%2Fv2%2Ftags&post=44357"}],"curies":[{"name":"wp","href":"https:\/\/api.w.org\/{rel}","templated":true}]}}