{"id":44353,"date":"2014-11-03T20:16:40","date_gmt":"2014-11-03T23:16:40","guid":{"rendered":"http:\/\/aconteceunovale.com.br\/portal\/?p=44353"},"modified":"2014-11-03T20:31:43","modified_gmt":"2014-11-03T23:31:43","slug":"homem-e-assassinado-a-facadas-durante-festa-em-sao-sebastiao-do-maranhao","status":"publish","type":"post","link":"https:\/\/aconteceunovale.com.br\/portal\/?p=44353","title":{"rendered":"Homem \u00e9 assassinado a facadas durante festa em S\u00e3o Sebasti\u00e3o do Maranh\u00e3o"},"content":{"rendered":"<h4><strong><em>Crime aconteceu na noite de domingo, 2 de novembro. Pol\u00edcia j\u00e1 identificou o autor, que est\u00e1 foragido.<\/em><\/strong><\/h4>\n<div id=\"fb-root\"><\/div>\n<p>\t\t\t\t<script>(function(d, s, id) {\n\t\t\t\t  var js, fjs = d.getElementsByTagName(s)[0];\n\t\t\t\t  if (d.getElementById(id)) return;\n\t\t\t\t  js = d.createElement(s); js.id = id;\n\t\t\t\t  js.src = \"\/\/connect.facebook.net\/pt_BR\/sdk.js#xfbml=1&appId=691575364226355&version=v2.0\";\n\t\t\t\t  fjs.parentNode.insertBefore(js, fjs);\n\t\t\t\t}(document, 'script', 'facebook-jssdk'));<\/script><\/p>\n<div class=\"fb-like\" data-href=\"https:\/\/www.facebook.com\/aconteceunovale\" data-layout=\"button_count\" data-action=\"like\" data-show-faces=\"true\" data-share=\"true\"><\/div>\n<p><\/br><\/p>\n<p>Um homem de 42 anos foi assassinado a facadas na noite de domingo, 2 de novembro, na regi\u00e3o Central de S\u00e3o Sebasti\u00e3o do Maranh\u00e3o, no Vale do Rio Doce. A Pol\u00edcia j\u00e1 identificou o autor, que est\u00e1 foragido.<\/p>\n<p>Segundo informa\u00e7\u00f5es da Pol\u00edcia Militar, os dois envolvidos estavam participando de uma festa quando teriam se desentendido. Ap\u00f3s uma discuss\u00e3o, um esfaqueou o outro. A v\u00edtima foi atingida no pesco\u00e7o, rosto, cabe\u00e7a e no ombro.<\/p>\n<p>Antes de morrer, a v\u00edtima ainda tentou pedir socorro em um bar, mas n\u00e3o resistiu aos ferimentos e morreu no local. O corpo foi encaminhado ao Instituto M\u00e9dico Legal (IML) de Governador Valadares. (G1)<\/p>\n","protected":false},"excerpt":{"rendered":"<p>Crime aconteceu na noite de domingo, 2 de novembro. Pol\u00edcia j\u00e1 identificou o autor, que est\u00e1 foragido. Um homem de 42 anos foi assassinado a facadas na noite de domingo, 2 de novembro, na regi\u00e3o Central de S\u00e3o Sebasti\u00e3o do Maranh\u00e3o, no Vale do Rio Doce. A Pol\u00edcia j\u00e1 identificou o autor, que est\u00e1 foragido. [&hellip;]<\/p>\n","protected":false},"author":1,"featured_media":14659,"comment_status":"open","ping_status":"closed","sticky":false,"template":"","format":"standard","meta":{"amp_status":"","footnotes":""},"categories":[121],"tags":[21708,247,21706,21709,21707,324],"class_list":["post-44353","post","type-post","status-publish","format-standard","has-post-thumbnail","hentry","category-leste","tag-assassinato-em-sao-sebastiao-do-maranhao","tag-governador-valadares","tag-homem-e-assassinado-a-facadas-apos-discussao-durante-festa-em-sao-sebastiao-do-maranhao","tag-homem-e-assassinado-a-facadas-durante-festa-em-sao-sebastiao-do-maranhao","tag-homicidio-em-sao-sebastiao-do-maranhao","tag-sao-sebastiao-do-maranhao"],"_links":{"self":[{"href":"https:\/\/aconteceunovale.com.br\/portal\/index.php?rest_route=\/wp\/v2\/posts\/44353","targetHints":{"allow":["GET"]}}],"collection":[{"href":"https:\/\/aconteceunovale.com.br\/portal\/index.php?rest_route=\/wp\/v2\/posts"}],"about":[{"href":"https:\/\/aconteceunovale.com.br\/portal\/index.php?rest_route=\/wp\/v2\/types\/post"}],"author":[{"embeddable":true,"href":"https:\/\/aconteceunovale.com.br\/portal\/index.php?rest_route=\/wp\/v2\/users\/1"}],"replies":[{"embeddable":true,"href":"https:\/\/aconteceunovale.com.br\/portal\/index.php?rest_route=%2Fwp%2Fv2%2Fcomments&post=44353"}],"version-history":[{"count":0,"href":"https:\/\/aconteceunovale.com.br\/portal\/index.php?rest_route=\/wp\/v2\/posts\/44353\/revisions"}],"wp:featuredmedia":[{"embeddable":true,"href":"https:\/\/aconteceunovale.com.br\/portal\/index.php?rest_route=\/wp\/v2\/media\/14659"}],"wp:attachment":[{"href":"https:\/\/aconteceunovale.com.br\/portal\/index.php?rest_route=%2Fwp%2Fv2%2Fmedia&parent=44353"}],"wp:term":[{"taxonomy":"category","embeddable":true,"href":"https:\/\/aconteceunovale.com.br\/portal\/index.php?rest_route=%2Fwp%2Fv2%2Fcategories&post=44353"},{"taxonomy":"post_tag","embeddable":true,"href":"https:\/\/aconteceunovale.com.br\/portal\/index.php?rest_route=%2Fwp%2Fv2%2Ftags&post=44353"}],"curies":[{"name":"wp","href":"https:\/\/api.w.org\/{rel}","templated":true}]}}