{"id":44350,"date":"2014-11-03T19:53:13","date_gmt":"2014-11-03T22:53:13","guid":{"rendered":"http:\/\/aconteceunovale.com.br\/portal\/?p=44350"},"modified":"2014-11-03T19:53:13","modified_gmt":"2014-11-03T22:53:13","slug":"mais-de-um-milhao-de-alunos-sao-avaliados-nas-escolas-publicas-de-minas-esta-semana","status":"publish","type":"post","link":"https:\/\/aconteceunovale.com.br\/portal\/?p=44350","title":{"rendered":"Mais de um milh\u00e3o de alunos s\u00e3o avaliados nas escolas p\u00fablicas de Minas esta semana"},"content":{"rendered":"<h4><strong><em>As provas fazem parte do Sistema Mineiro de Avalia\u00e7\u00e3o da Educa\u00e7\u00e3o P\u00fablica (Simave) e ser\u00e3o em escolas da rede estadual e municipal<\/em><\/strong><\/h4>\n<div id=\"fb-root\"><\/div>\n<p>\t\t\t\t<script>(function(d, s, id) {\n\t\t\t\t  var js, fjs = d.getElementsByTagName(s)[0];\n\t\t\t\t  if (d.getElementById(id)) return;\n\t\t\t\t  js = d.createElement(s); js.id = id;\n\t\t\t\t  js.src = \"\/\/connect.facebook.net\/pt_BR\/sdk.js#xfbml=1&appId=691575364226355&version=v2.0\";\n\t\t\t\t  fjs.parentNode.insertBefore(js, fjs);\n\t\t\t\t}(document, 'script', 'facebook-jssdk'));<\/script><\/p>\n<div class=\"fb-like\" data-href=\"https:\/\/www.facebook.com\/aconteceunovale\" data-layout=\"button_count\" data-action=\"like\" data-show-faces=\"true\" data-share=\"true\"><\/div>\n<p><\/br><\/p>\n<p>At\u00e9 a pr\u00f3xima sexta-feira (07\/11), 1.074.887 alunos mineiros participam da \u201cSemana da Avalia\u00e7\u00e3o\u201d. Estudantes dos ensinos Fundamental e M\u00e9dio das redes p\u00fablicas de ensino, estadual e municipais, ser\u00e3o avaliados quando suas habilidades e compet\u00eancias em L\u00edngua Portuguesa e Matem\u00e1tica. As provas fazem parte do Sistema Mineiro de Avalia\u00e7\u00e3o da Educa\u00e7\u00e3o P\u00fablica (Simave) e auxiliam o Estado na elabora\u00e7\u00e3o de pol\u00edticas educacionais para a Educa\u00e7\u00e3o B\u00e1sica.<\/p>\n<p>O Programa de Avalia\u00e7\u00e3o da Alfabetiza\u00e7\u00e3o (Proalfa) avaliar\u00e1 habilidades de leitura e escrita de 352.387 estudantes, sendo sua maioria do 3\u00ba ano do Ensino Fundamental. Deste total, 106.596 est\u00e3o matriculados em escolas estaduais. O Programa de Avalia\u00e7\u00e3o da Rede P\u00fablica de Educa\u00e7\u00e3o B\u00e1sica (Proeb), por sua vez, ser\u00e1 aplicado a 722.500 alunos do 5\u00ba e 9\u00ba anos do ensino fundamental e 3\u00ba ano do ensino m\u00e9dio. Deste total, 473.035 s\u00e3o da rede estadual de ensino.<\/p>\n<p>\u201c\u00c9 importante a participa\u00e7\u00e3o de todos os alunos, porque a partir dos resultados a Secretaria de Educa\u00e7\u00e3o poder\u00e1 definir as pol\u00edticas mais assertivas para o aprimoramento do trabalho pedag\u00f3gico, investindo assim em uma melhor aprendizagem dos alunos\u201d, destaca a Superintendente de Avalia\u00e7\u00e3o Educacional, Maria Inez Barroso Sim\u00f5es.<\/p>\n<p><img decoding=\"async\" src=\"http:\/\/aconteceunovale.com.br\/portal\/wp-content\/uploads\/2014\/11\/mais-de-um-milhao-de-alunos-sao-avaliados-nas-escolas-publicas-de-minas-esta-semana.jpg\" alt=\"\" \/><em>Alunos das redes estadual e municipais de ensino participar\u00e3o da &#8216;Semana da Avalia\u00e7\u00e3o&#8217; no per\u00edodo de 03 a 07 de novembro de 2014 &#8211; Foto: Divulga\u00e7\u00e3o\/Secretaria Estadual de Educa\u00e7\u00e3o<\/em><br \/>\n<\/br><\/p>\n<p>Dentro da Semana de Avalia\u00e7\u00e3o, as Superintend\u00eancias Regionais de Ensino t\u00eam autonomia para definir os dias em que as avalia\u00e7\u00f5es ser\u00e3o aplicadas. Para auxiliar as escolas nessa aplica\u00e7\u00e3o das provas, os especialistas e analistas educacionais do Programa de Interven\u00e7\u00e3o Pedag\u00f3gica (PIP) do \u00d3rg\u00e3o Central e das 47 Superintend\u00eancias Regionais de Ensino marcar\u00e3o presen\u00e7a nas escolas estaduais. Orienta\u00e7\u00f5es sobre a aplica\u00e7\u00e3o das provas tamb\u00e9m foram repassadas \u00e0s equipes das redes municipais de ensino do PIP.<\/p>\n<h4>Question\u00e1rios<\/h4>\n<p>No dia em que realizarem as avalia\u00e7\u00f5es do Proalfa, os alunos levar\u00e3o para a casa um question\u00e1rio que dever\u00e1 ser preenchido pelos pais ou respons\u00e1veis e ser entregue no dia seguinte da aplica\u00e7\u00e3o. A partir desse question\u00e1rio, a Secretaria de Estado de Educa\u00e7\u00e3o poder\u00e1 conhecer um pouco mais o perfil das fam\u00edlias dos estudantes dos anos iniciais do Ensino Fundamental.<\/p>\n<p>O question\u00e1rio tamb\u00e9m ser\u00e1 aplicado para os alunos que far\u00e3o o Proeb. No caso desses estudantes o documento ser\u00e1 entregue a eles no terceiro dia de provas e dever\u00e1 ser devolvido ainda na Semana de Avalia\u00e7\u00e3o. O documento apresenta informa\u00e7\u00f5es sobre o perfil socioecon\u00f4mico dos estudantes e familiares.<\/p>\n<h4>Avalia\u00e7\u00e3o do Sistema P\u00fablico<\/h4>\n<p>Embora as avalia\u00e7\u00f5es do Simave sejam uma iniciativa do Governo de Minas, com recursos do tesouro estadual, os testes tamb\u00e9m s\u00e3o aplicados nas redes municipais de ensino mineiras e chegam a todos os 853 munic\u00edpios. Dos mais de um milh\u00e3o de alunos avaliados no Proalfa e no Proeb, 495.256 mil s\u00e3o estudantes de escolas municipais. As informa\u00e7\u00f5es s\u00e3o da <strong>Ag\u00eancia Minas<\/strong>.<\/p>\n","protected":false},"excerpt":{"rendered":"<p>As provas fazem parte do Sistema Mineiro de Avalia\u00e7\u00e3o da Educa\u00e7\u00e3o P\u00fablica (Simave) e ser\u00e3o em escolas da rede estadual e municipal At\u00e9 a pr\u00f3xima sexta-feira (07\/11), 1.074.887 alunos mineiros participam da \u201cSemana da Avalia\u00e7\u00e3o\u201d. Estudantes dos ensinos Fundamental e M\u00e9dio das redes p\u00fablicas de ensino, estadual e municipais, ser\u00e3o avaliados quando suas habilidades e [&hellip;]<\/p>\n","protected":false},"author":1,"featured_media":44351,"comment_status":"open","ping_status":"closed","sticky":false,"template":"","format":"standard","meta":{"amp_status":"","footnotes":""},"categories":[123],"tags":[21705,13425,21702,21704,21703],"class_list":["post-44350","post","type-post","status-publish","format-standard","has-post-thumbnail","hentry","category-gerais","tag-avaliacao-do-sistema-publico","tag-educacao","tag-mais-de-um-milhao-de-alunos-sao-avaliados-nas-escolas-publicas-de-minas-esta-semana","tag-simave","tag-sistema-mineiro-de-avaliacao-da-educacao-publica"],"_links":{"self":[{"href":"https:\/\/aconteceunovale.com.br\/portal\/index.php?rest_route=\/wp\/v2\/posts\/44350","targetHints":{"allow":["GET"]}}],"collection":[{"href":"https:\/\/aconteceunovale.com.br\/portal\/index.php?rest_route=\/wp\/v2\/posts"}],"about":[{"href":"https:\/\/aconteceunovale.com.br\/portal\/index.php?rest_route=\/wp\/v2\/types\/post"}],"author":[{"embeddable":true,"href":"https:\/\/aconteceunovale.com.br\/portal\/index.php?rest_route=\/wp\/v2\/users\/1"}],"replies":[{"embeddable":true,"href":"https:\/\/aconteceunovale.com.br\/portal\/index.php?rest_route=%2Fwp%2Fv2%2Fcomments&post=44350"}],"version-history":[{"count":0,"href":"https:\/\/aconteceunovale.com.br\/portal\/index.php?rest_route=\/wp\/v2\/posts\/44350\/revisions"}],"wp:featuredmedia":[{"embeddable":true,"href":"https:\/\/aconteceunovale.com.br\/portal\/index.php?rest_route=\/wp\/v2\/media\/44351"}],"wp:attachment":[{"href":"https:\/\/aconteceunovale.com.br\/portal\/index.php?rest_route=%2Fwp%2Fv2%2Fmedia&parent=44350"}],"wp:term":[{"taxonomy":"category","embeddable":true,"href":"https:\/\/aconteceunovale.com.br\/portal\/index.php?rest_route=%2Fwp%2Fv2%2Fcategories&post=44350"},{"taxonomy":"post_tag","embeddable":true,"href":"https:\/\/aconteceunovale.com.br\/portal\/index.php?rest_route=%2Fwp%2Fv2%2Ftags&post=44350"}],"curies":[{"name":"wp","href":"https:\/\/api.w.org\/{rel}","templated":true}]}}