{"id":44343,"date":"2014-11-03T18:32:33","date_gmt":"2014-11-03T21:32:33","guid":{"rendered":"http:\/\/aconteceunovale.com.br\/portal\/?p=44343"},"modified":"2014-11-03T18:33:21","modified_gmt":"2014-11-03T21:33:21","slug":"duas-pessoas-ficam-feridas-em-acidente-na-br-135-no-norte-de-minas","status":"publish","type":"post","link":"https:\/\/aconteceunovale.com.br\/portal\/?p=44343","title":{"rendered":"Duas pessoas ficam feridas em acidente na BR-135 no Norte de Minas"},"content":{"rendered":"<h4><em><strong>Motorista perdeu o controle da dire\u00e7\u00e3o e capotou na BR-135. Segundo o Samu, motorista e passageiro tiveram ferimentos leves.<\/strong><\/em><\/h4>\n<div id=\"fb-root\"><\/div>\n<p>\t\t\t\t<script>(function(d, s, id) {\n\t\t\t\t  var js, fjs = d.getElementsByTagName(s)[0];\n\t\t\t\t  if (d.getElementById(id)) return;\n\t\t\t\t  js = d.createElement(s); js.id = id;\n\t\t\t\t  js.src = \"\/\/connect.facebook.net\/pt_BR\/sdk.js#xfbml=1&appId=691575364226355&version=v2.0\";\n\t\t\t\t  fjs.parentNode.insertBefore(js, fjs);\n\t\t\t\t}(document, 'script', 'facebook-jssdk'));<\/script><\/p>\n<div class=\"fb-like\" data-href=\"https:\/\/www.facebook.com\/aconteceunovale\" data-layout=\"button_count\" data-action=\"like\" data-show-faces=\"true\" data-share=\"true\"><\/div>\n<p><\/br><\/p>\n<p>Duas pessoas ficaram feridas em um acidente na tarde desta segunda-feira, 3 de novembro, na BR-135, pr\u00f3ximo a Engenheiro Dolabela, no Norte de Minas. Segundo o Corpo de Bombeiros, o ve\u00edculo, que pertence ao Governo de Minas Gerais, seguia sentido Belo Horizonte ao norte do estado quando motorista perdeu o controle direcional e capotou em uma ribanceira, na altura do quil\u00f4metro 90 da rodovia.<\/p>\n<p>De acordo com informa\u00e7\u00f5es da Assessoria de Comunica\u00e7\u00e3o do Servi\u00e7o de Atendimento M\u00f3vel de Urg\u00eancia (SAMU), Fernando de Paula Carvalho, de 32 anos, e Carlos Regino Alves de Carvalho, de 53, tiveram ferimentos leves nas pernas. Eles foram socorridos e encaminhados para atendimento m\u00e9dico no hospital municipal de Bocaiuva.<\/p>\n<p><img decoding=\"async\" src=\"http:\/\/aconteceunovale.com.br\/portal\/wp-content\/uploads\/2014\/11\/acidente_135_dolabela.jpg\" alt=\"\" \/><em>Carro seguia sentido ao norte de Minas Gerais (Foto: Internauta\/G1)<\/em><br \/>\n<\/br><\/p>\n<p><em><strong>(Inter TV Grande Minas)<\/strong><\/em><\/p>\n","protected":false},"excerpt":{"rendered":"<p>Motorista perdeu o controle da dire\u00e7\u00e3o e capotou na BR-135. Segundo o Samu, motorista e passageiro tiveram ferimentos leves. Duas pessoas ficaram feridas em um acidente na tarde desta segunda-feira, 3 de novembro, na BR-135, pr\u00f3ximo a Engenheiro Dolabela, no Norte de Minas. Segundo o Corpo de Bombeiros, o ve\u00edculo, que pertence ao Governo de [&hellip;]<\/p>\n","protected":false},"author":1,"featured_media":44344,"comment_status":"open","ping_status":"closed","sticky":false,"template":"","format":"standard","meta":{"amp_status":"","footnotes":""},"categories":[1236],"tags":[21698,21696,645,21695,21692,21693,21694,21697],"class_list":["post-44343","post","type-post","status-publish","format-standard","has-post-thumbnail","hentry","category-norte_de_minas","tag-acidente-com-veiculo-da-cidade-administrativa-de-minas-gerais","tag-acidente-envolvendo-veiculo-do-governo-de-minas","tag-bocaiuva","tag-carlos-regino-alves-de-carvalho","tag-duas-pessoas-ficam-feridas-em-acidente-na-br-135-no-norte-de-minas","tag-duas-pessoas-ficam-feridas-em-acidente-na-br-135-proximo-a-engenheiro-dolabela","tag-fernando-de-paula-carvalho","tag-veiculo-do-governo-de-minas"],"_links":{"self":[{"href":"https:\/\/aconteceunovale.com.br\/portal\/index.php?rest_route=\/wp\/v2\/posts\/44343","targetHints":{"allow":["GET"]}}],"collection":[{"href":"https:\/\/aconteceunovale.com.br\/portal\/index.php?rest_route=\/wp\/v2\/posts"}],"about":[{"href":"https:\/\/aconteceunovale.com.br\/portal\/index.php?rest_route=\/wp\/v2\/types\/post"}],"author":[{"embeddable":true,"href":"https:\/\/aconteceunovale.com.br\/portal\/index.php?rest_route=\/wp\/v2\/users\/1"}],"replies":[{"embeddable":true,"href":"https:\/\/aconteceunovale.com.br\/portal\/index.php?rest_route=%2Fwp%2Fv2%2Fcomments&post=44343"}],"version-history":[{"count":0,"href":"https:\/\/aconteceunovale.com.br\/portal\/index.php?rest_route=\/wp\/v2\/posts\/44343\/revisions"}],"wp:featuredmedia":[{"embeddable":true,"href":"https:\/\/aconteceunovale.com.br\/portal\/index.php?rest_route=\/wp\/v2\/media\/44344"}],"wp:attachment":[{"href":"https:\/\/aconteceunovale.com.br\/portal\/index.php?rest_route=%2Fwp%2Fv2%2Fmedia&parent=44343"}],"wp:term":[{"taxonomy":"category","embeddable":true,"href":"https:\/\/aconteceunovale.com.br\/portal\/index.php?rest_route=%2Fwp%2Fv2%2Fcategories&post=44343"},{"taxonomy":"post_tag","embeddable":true,"href":"https:\/\/aconteceunovale.com.br\/portal\/index.php?rest_route=%2Fwp%2Fv2%2Ftags&post=44343"}],"curies":[{"name":"wp","href":"https:\/\/api.w.org\/{rel}","templated":true}]}}