{"id":44330,"date":"2014-11-03T17:32:52","date_gmt":"2014-11-03T20:32:52","guid":{"rendered":"http:\/\/aconteceunovale.com.br\/portal\/?p=44330"},"modified":"2014-11-03T17:32:52","modified_gmt":"2014-11-03T20:32:52","slug":"aparelhos-no-modo-stand-by-ou-espera-representam-acrescimo-de-ate-15-na-sua-conta-de-energia","status":"publish","type":"post","link":"https:\/\/aconteceunovale.com.br\/portal\/?p=44330","title":{"rendered":"Aparelhos no modo stand by ou espera representam acr\u00e9scimo de at\u00e9 15% na sua conta de energia"},"content":{"rendered":"<h4><em><strong>Leonardo Rivetti \u00e9 gerente de Efici\u00eancia Energ\u00e9tica da Companhia Energ\u00e9tica de Minas Gerais (Cemig)<\/strong><\/em><\/h4>\n<div id=\"fb-root\"><\/div>\n<p>\t\t\t\t<script>(function(d, s, id) {\n\t\t\t\t  var js, fjs = d.getElementsByTagName(s)[0];\n\t\t\t\t  if (d.getElementById(id)) return;\n\t\t\t\t  js = d.createElement(s); js.id = id;\n\t\t\t\t  js.src = \"\/\/connect.facebook.net\/pt_BR\/sdk.js#xfbml=1&appId=691575364226355&version=v2.0\";\n\t\t\t\t  fjs.parentNode.insertBefore(js, fjs);\n\t\t\t\t}(document, 'script', 'facebook-jssdk'));<\/script><\/p>\n<div class=\"fb-like\" data-href=\"https:\/\/www.facebook.com\/aconteceunovale\" data-layout=\"button_count\" data-action=\"like\" data-show-faces=\"true\" data-share=\"true\"><\/div>\n<p><\/br><\/p>\n<p>A energia el\u00e9trica consumida por aparelhos eletr\u00f4nicos no modo stand by ou espera pode representar um acr\u00e9scimo de at\u00e9 15% na conta de energia. Por isso, a Companhia Energ\u00e9tica de Minas Gerais (Cemig) tem se preocupado a informar aos seus clientes que medidas simples podem gerar economia e tamb\u00e9m evitar este tipo de desperd\u00edcio.<\/p>\n<p>Equipamentos que as pessoas costumam ter em casa, como receptores de TV por assinatura, computadores, televis\u00e3o, micro ondas, DVDs ou Blu-Rays, dentre outros, podem ficar ligados em modo de stand by 24 horas por dia, e a soma do consumo destes aparelhos, mesmo em \u201cmodo de espera\u201d certamente eleva o valor da conta no final do m\u00eas.<\/p>\n<p><img decoding=\"async\" src=\"http:\/\/aconteceunovale.com.br\/portal\/wp-content\/uploads\/2014\/11\/em_espera_cemig.jpg\" alt=\"\" \/>Leonardo Rivetti, gerente de Efici\u00eancia Energ\u00e9tica da Cemig &#8211; Foto: Divulga\u00e7\u00e3o<br \/>\n<\/br><\/p>\n<p>Em stand by, os aparelhos consomem menos do que em uso normal mas consomem, por analogia \u00e9 como uma torneira pingando 24 horas. Para evitar este desperd\u00edcio \u00e9 necess\u00e1rio que o consumidor de fato desligue o equipamento ou retire o da tomada. Vale ressaltar, ainda, que os equipamentos mais antigos consomem mais e consecutivamente tamb\u00e9m  no modo de espera.<\/p>\n<p>Geralmente, os receptores de TV por assinatura s\u00e3o os que mais proporcionam este tipo de desperd\u00edcio de energia, pois na maioria das vezes as pessoas desligam apenas a TV e acreditam que os receptores ficam no modo stand by, mas na verdade permanecem ligados.  Assim, apenas com o simples ato de desligar os aparelhos ou retira-los da tomada interrompe esse consumo dispens\u00e1vel.  <\/p>\n<p>Dessa forma, n\u00e3o h\u00e1 d\u00favida de que a mudan\u00e7a de h\u00e1bito \u00e9 a melhor maneira de se evitar o desperd\u00edcio de energia. Se o consumidor sabe que vai ficar muito tempo sem usar a TV, n\u00e3o custa nada desliga-la. Tamb\u00e9m \u00e9 importante n\u00e3o deixar o micro-ondas s\u00f3 por causa do rel\u00f3gio digital ou o carregador de celular conectado na tomada. Qualquer economia, o planeta agradece e o bolso tamb\u00e9m.  <\/p>\n<p>O consumo de energia depende, praticamente, da pot\u00eancia dos equipamentos e do tempo de utiliza\u00e7\u00e3o. Ent\u00e3o \u00e9 importante utilizarmos equipamentos de menor pot\u00eancia entre os similares e apenas no tempo necess\u00e1rio. Por isso, \u00e9 importante optar na hora da compra por equipamentos mais eficientes, aqueles identificados com o Selo Procel ou com classifica\u00e7\u00e3o \u2018A\u2019 no Programa Brasileiro de Etiquetagem do Inmetro.<\/p>\n<p>Um relat\u00f3rio da Ag\u00eancia Internacional de Energia (AIE) divulgado neste ano e denominado More Data, Less Energy: Making Network Standby More Efficient in Billions of Connected Devices apontou que o planeta consumiu s mais de 615 terawatts de energia por hora (TWh) no ano passado com 14 milh\u00f5es de aparelhos ligados e conectados \u00e0 internet, incluindo PCs, notebooks, tablets, smartphones, modems, m\u00e1quinas de lavar, geladeiras e Smart TVs.<\/p>\n<p>Desse total, nada menos que 400 TWh foram jogados fora com o nosso mau h\u00e1bito de n\u00e3o desligar nossos equipamentos. Essa quantidade \u00e9 maior do que o consumo de energia el\u00e9trica, em 2013, na Noruega e no Reino Unido. Essa energia desperdi\u00e7ada representa cerca de U$ 80 bilh\u00f5es.<\/p>\n<p>Em um momento t\u00e3o adverso para a gera\u00e7\u00e3o de energia el\u00e9trica no Brasil, simples mudan\u00e7as de comportamento podem impactar positivamente para o meio ambiente. Toda economia que fizermos no presente certamente ser\u00e1 importante para as gera\u00e7\u00f5es futuras. As informa\u00e7\u00f5es s\u00e3o da <strong>Ag\u00eancia de Not\u00edcias da Cemig<\/strong>.<\/p>\n","protected":false},"excerpt":{"rendered":"<p>Leonardo Rivetti \u00e9 gerente de Efici\u00eancia Energ\u00e9tica da Companhia Energ\u00e9tica de Minas Gerais (Cemig) A energia el\u00e9trica consumida por aparelhos eletr\u00f4nicos no modo stand by ou espera pode representar um acr\u00e9scimo de at\u00e9 15% na conta de energia. Por isso, a Companhia Energ\u00e9tica de Minas Gerais (Cemig) tem se preocupado a informar aos seus clientes [&hellip;]<\/p>\n","protected":false},"author":1,"featured_media":43811,"comment_status":"open","ping_status":"closed","sticky":false,"template":"","format":"standard","meta":{"amp_status":"","footnotes":""},"categories":[6],"tags":[21676,347,21677,21675,21678],"class_list":["post-44330","post","type-post","status-publish","format-standard","has-post-thumbnail","hentry","category-br","tag-aparelhos-no-modo-stand-by-ou-espera-representam-acrescimo-de-ate-15-na-sua-conta-de-energia","tag-cemig","tag-gasto-de-energia","tag-gasto-de-energia-desnecessario","tag-leonardo-rivetti"],"_links":{"self":[{"href":"https:\/\/aconteceunovale.com.br\/portal\/index.php?rest_route=\/wp\/v2\/posts\/44330","targetHints":{"allow":["GET"]}}],"collection":[{"href":"https:\/\/aconteceunovale.com.br\/portal\/index.php?rest_route=\/wp\/v2\/posts"}],"about":[{"href":"https:\/\/aconteceunovale.com.br\/portal\/index.php?rest_route=\/wp\/v2\/types\/post"}],"author":[{"embeddable":true,"href":"https:\/\/aconteceunovale.com.br\/portal\/index.php?rest_route=\/wp\/v2\/users\/1"}],"replies":[{"embeddable":true,"href":"https:\/\/aconteceunovale.com.br\/portal\/index.php?rest_route=%2Fwp%2Fv2%2Fcomments&post=44330"}],"version-history":[{"count":0,"href":"https:\/\/aconteceunovale.com.br\/portal\/index.php?rest_route=\/wp\/v2\/posts\/44330\/revisions"}],"wp:featuredmedia":[{"embeddable":true,"href":"https:\/\/aconteceunovale.com.br\/portal\/index.php?rest_route=\/wp\/v2\/media\/43811"}],"wp:attachment":[{"href":"https:\/\/aconteceunovale.com.br\/portal\/index.php?rest_route=%2Fwp%2Fv2%2Fmedia&parent=44330"}],"wp:term":[{"taxonomy":"category","embeddable":true,"href":"https:\/\/aconteceunovale.com.br\/portal\/index.php?rest_route=%2Fwp%2Fv2%2Fcategories&post=44330"},{"taxonomy":"post_tag","embeddable":true,"href":"https:\/\/aconteceunovale.com.br\/portal\/index.php?rest_route=%2Fwp%2Fv2%2Ftags&post=44330"}],"curies":[{"name":"wp","href":"https:\/\/api.w.org\/{rel}","templated":true}]}}