{"id":44322,"date":"2014-11-03T17:16:55","date_gmt":"2014-11-03T20:16:55","guid":{"rendered":"http:\/\/aconteceunovale.com.br\/portal\/?p=44322"},"modified":"2014-11-03T17:16:55","modified_gmt":"2014-11-03T20:16:55","slug":"tumulo-com-ossos-expostos-causa-indignacao-aos-visitantes-de-cemiterio-em-aracuai","status":"publish","type":"post","link":"https:\/\/aconteceunovale.com.br\/portal\/?p=44322","title":{"rendered":"T\u00famulo com ossos expostos causa indigna\u00e7\u00e3o aos visitantes de cemit\u00e9rio em Ara\u00e7ua\u00ed"},"content":{"rendered":"<h4><strong><em>No antigo cemit\u00e9rio municipal existem outros t\u00famulos com estrutura danificada<\/em><\/strong><\/h4>\n<div id=\"fb-root\"><\/div>\n<p>\t\t\t\t<script>(function(d, s, id) {\n\t\t\t\t  var js, fjs = d.getElementsByTagName(s)[0];\n\t\t\t\t  if (d.getElementById(id)) return;\n\t\t\t\t  js = d.createElement(s); js.id = id;\n\t\t\t\t  js.src = \"\/\/connect.facebook.net\/pt_BR\/sdk.js#xfbml=1&appId=691575364226355&version=v2.0\";\n\t\t\t\t  fjs.parentNode.insertBefore(js, fjs);\n\t\t\t\t}(document, 'script', 'facebook-jssdk'));<\/script><\/p>\n<div class=\"fb-like\" data-href=\"https:\/\/www.facebook.com\/aconteceunovale\" data-layout=\"button_count\" data-action=\"like\" data-show-faces=\"true\" data-share=\"true\"><\/div>\n<p><\/br><\/p>\n<p>Nos t\u00famulos, p\u00e9talas de rosas e arranjos com variadas flores. Nas m\u00e3os, ter\u00e7os para guiar as ora\u00e7\u00f5es e, n\u00e3o raro, len\u00e7os para enxugar as l\u00e1grimas. Em uma demonstra\u00e7\u00e3o de f\u00e9, centenas de pessoas visitaram nesse domingo, 2 de novembro, aos dois cemit\u00e9rios municipais e ao cemit\u00e9rio do Ros\u00e1rio, em Ara\u00e7ua\u00ed, no Vale do Jequitinhonha. O motivo, celebrar o Dia de Finados.<\/p>\n<p>A secular tradi\u00e7\u00e3o cat\u00f3lica foi criada no s\u00e9culo II para que familiares e amigos prestem homenagens \u00e0 mem\u00f3ria de parentes e amigos falecidos.<\/p>\n<p><img decoding=\"async\" src=\"http:\/\/aconteceunovale.com.br\/portal\/wp-content\/uploads\/2014\/11\/tumulos_ara_danificados_1.jpg\" alt=\"\" \/><em>Quem passou pelo cemit\u00e9rio no dia de Finados, condenou o descaso &#8211; Foto: Gazeta de Ara\u00e7ua\u00ed<\/em><br \/>\n<\/br><\/p>\n<p>Mesmo com o forte sol e o grande calor, a circula\u00e7\u00e3o pelos cemit\u00e9rios foi intensa. Muitos visitantes aproveitaram para levar flores para enfeitar os t\u00famulos, uma forma de homenagem aos mortos.<\/p>\n<p>Em meio \u00e0s tantas pessoas que visitaram o antigo cemit\u00e9rio municipal na tarde deste domingo, o olhar curioso foi para um t\u00famulo aberto e com toda a ossada \u00e0 mostra. \u201cUm desrespeito\u201d, disseram os visitantes. \u201c\u00c9 uma profana\u00e7\u00e3o\u201d, lamentou uma senhora. &#8220;Mesmo n\u00e3o sabendo de quem \u00e9 o t\u00famulo, a prefeitura deveria consertar. \u00c9 ultrajante ver uma situa\u00e7\u00e3o como essa&#8221;, afirmaram os visitantes que passaram pelo cemit\u00e9rio.<\/p>\n<p>O t\u00famulo, ao lado do jazigo da memorialista Cl\u00e9a Dalva, que faleceu em mar\u00e7o deste ano, n\u00e3o possui identifica\u00e7\u00e3o. Os restos mortais como t\u00edbia e costelas est\u00e3o \u00e0 vista, mas o cr\u00e2nio desapareceu.<\/p>\n<p>No antigo cemit\u00e9rio municipal existem outros t\u00famulos que tamb\u00e9m est\u00e3o danificados e sem identifica\u00e7\u00e3o. O local n\u00e3o conta com vigia.<\/p>\n<p>&#8220;Ano passado ao visitar o t\u00famulo do meu pai, fiquei surpreso ao ver dois cr\u00e2nios insepultos pr\u00f3ximo ao jazigo dele&#8221;, lembrou o engenheiro e professor Josias Gomes Ribeiro.<\/p>\n<p>Quem possui um jazigo em um cemit\u00e9rio p\u00fablico tem a responsabilidade de zelar pelo t\u00famulo, j\u00e1 que \u00e9 uma concess\u00e3o p\u00fablica. A prefeitura ainda n\u00e3o divulgou nota sobre o assunto.<\/p>\n<h4>O que o C\u00f3digo Penal fala sobre profana\u00e7\u00e3o<\/h4>\n<p>O C\u00f3digo Penal Brasileiro (CPB) pune o ato de vilipendiar, isto \u00e9, aviltar, profanar, desrespeitar, ultrajar o cad\u00e1ver ou ter atitude id\u00eantica em rela\u00e7\u00e3o a suas cinzas no caso de incinera\u00e7\u00e3o ou combust\u00e3o.<\/p>\n<p>Est\u00e1 previsto no Artigo 212, que diz respeito aos crimes contra o sentimento religioso e contra o respeito aos mortos.<\/p>\n<p>A pena \u00e9 de deten\u00e7\u00e3o, de um a tr\u00eas anos, e multa. Trata-se de uma A\u00e7\u00e3o P\u00fablica incondicionada. Conforme a doutrina, o vilip\u00eandio deve ser praticado sobre ou junto do cad\u00e1ver, na presen\u00e7a do corpo inerte ou de suas cinzas. H\u00e1 entendimento de que o esqueleto possa ser objeto de vilip\u00eandio. Neste crime, o esqueleto tamb\u00e9m ser\u00e1 objeto material.<\/p>\n<p><img decoding=\"async\" src=\"http:\/\/aconteceunovale.com.br\/portal\/wp-content\/uploads\/2014\/11\/tumulos_ara_danificados_2.jpg\" alt=\"\" \/><em>Sacolas de lixo em frente ao port\u00e3o da antigo cemit\u00e9rio municipal &#8211; Foto: Gazeta de Ara\u00e7ua\u00ed<\/em><br \/>\n<\/br><\/p>\n<p><em><strong>(Gazeta de Ara\u00e7ua\u00ed)<\/strong><\/em><\/p>\n","protected":false},"excerpt":{"rendered":"<p>No antigo cemit\u00e9rio municipal existem outros t\u00famulos com estrutura danificada Nos t\u00famulos, p\u00e9talas de rosas e arranjos com variadas flores. Nas m\u00e3os, ter\u00e7os para guiar as ora\u00e7\u00f5es e, n\u00e3o raro, len\u00e7os para enxugar as l\u00e1grimas. Em uma demonstra\u00e7\u00e3o de f\u00e9, centenas de pessoas visitaram nesse domingo, 2 de novembro, aos dois cemit\u00e9rios municipais e ao [&hellip;]<\/p>\n","protected":false},"author":1,"featured_media":44323,"comment_status":"open","ping_status":"closed","sticky":false,"template":"","format":"standard","meta":{"amp_status":"","footnotes":""},"categories":[120],"tags":[186,21447,21670],"class_list":["post-44322","post","type-post","status-publish","format-standard","has-post-thumbnail","hentry","category-jequi","tag-aracuai","tag-dia-de-finados","tag-tumulo-com-ossos-expostos-causa-indignacao-aos-visitantes-de-cemiterio-em-aracuai"],"_links":{"self":[{"href":"https:\/\/aconteceunovale.com.br\/portal\/index.php?rest_route=\/wp\/v2\/posts\/44322","targetHints":{"allow":["GET"]}}],"collection":[{"href":"https:\/\/aconteceunovale.com.br\/portal\/index.php?rest_route=\/wp\/v2\/posts"}],"about":[{"href":"https:\/\/aconteceunovale.com.br\/portal\/index.php?rest_route=\/wp\/v2\/types\/post"}],"author":[{"embeddable":true,"href":"https:\/\/aconteceunovale.com.br\/portal\/index.php?rest_route=\/wp\/v2\/users\/1"}],"replies":[{"embeddable":true,"href":"https:\/\/aconteceunovale.com.br\/portal\/index.php?rest_route=%2Fwp%2Fv2%2Fcomments&post=44322"}],"version-history":[{"count":0,"href":"https:\/\/aconteceunovale.com.br\/portal\/index.php?rest_route=\/wp\/v2\/posts\/44322\/revisions"}],"wp:featuredmedia":[{"embeddable":true,"href":"https:\/\/aconteceunovale.com.br\/portal\/index.php?rest_route=\/wp\/v2\/media\/44323"}],"wp:attachment":[{"href":"https:\/\/aconteceunovale.com.br\/portal\/index.php?rest_route=%2Fwp%2Fv2%2Fmedia&parent=44322"}],"wp:term":[{"taxonomy":"category","embeddable":true,"href":"https:\/\/aconteceunovale.com.br\/portal\/index.php?rest_route=%2Fwp%2Fv2%2Fcategories&post=44322"},{"taxonomy":"post_tag","embeddable":true,"href":"https:\/\/aconteceunovale.com.br\/portal\/index.php?rest_route=%2Fwp%2Fv2%2Ftags&post=44322"}],"curies":[{"name":"wp","href":"https:\/\/api.w.org\/{rel}","templated":true}]}}