{"id":44308,"date":"2014-11-03T16:37:46","date_gmt":"2014-11-03T19:37:46","guid":{"rendered":"http:\/\/aconteceunovale.com.br\/portal\/?p=44308"},"modified":"2014-11-03T16:37:46","modified_gmt":"2014-11-03T19:37:46","slug":"argentino-e-italiano-sao-presos-tentando-furtar-veiculo-em-governador-valadares","status":"publish","type":"post","link":"https:\/\/aconteceunovale.com.br\/portal\/?p=44308","title":{"rendered":"Argentino e Italiano s\u00e3o presos tentando furtar ve\u00edculo em Governador Valadares"},"content":{"rendered":"<div id=\"fb-root\"><\/div>\n<p>\t\t\t\t<script>(function(d, s, id) {\n\t\t\t\t  var js, fjs = d.getElementsByTagName(s)[0];\n\t\t\t\t  if (d.getElementById(id)) return;\n\t\t\t\t  js = d.createElement(s); js.id = id;\n\t\t\t\t  js.src = \"\/\/connect.facebook.net\/pt_BR\/sdk.js#xfbml=1&appId=691575364226355&version=v2.0\";\n\t\t\t\t  fjs.parentNode.insertBefore(js, fjs);\n\t\t\t\t}(document, 'script', 'facebook-jssdk'));<\/script><\/p>\n<div class=\"fb-like\" data-href=\"https:\/\/www.facebook.com\/aconteceunovale\" data-layout=\"button_count\" data-action=\"like\" data-show-faces=\"true\" data-share=\"true\"><\/div>\n<p><\/br><\/p>\n<p>Dois estrangeiros foram presos neste fim de semana em Governador Valadares, no Leste do Estado, tentando furtar um carro no Centro. Com eles foram apreendidas diversas ferramentas utilizadas para o arrombamento de ve\u00edculos. A pol\u00edcia investiga h\u00e1 quanto tempo a dupla agia na cidade e quantas v\u00edtimas pode te feito.<\/p>\n<p>O italiano D.S.R., de 36 anos e o argentino I.L.M., de 53 anos, foram alcan\u00e7ados pela PM logo depois que o propriet\u00e1rio do Fiat Uno placas GOV-9790 emplacado em Valadares, come\u00e7ou a gritar avisando que o seu carro estava sendo furtado. O Uno estava estacionado na Rua Israel Pinheiro com Osvaldo Cruz.<\/p>\n<p>Policiais militares que patrulham com motocicletas estavam pr\u00f3ximos e D., foi preso quando desceu do ve\u00edculo e tentou fugir a p\u00e9. O seu comparsa foi alcan\u00e7ado ap\u00f3s rastreamento pelas ruas do Centro. As ferramentas estavam em um outro carro, um Uno placas GUK-5451, que os dois homens usaram para deslocamento at\u00e9 o local do furto.<\/p>\n<p>D., mora no bairro S\u00e3o Raimundo e contou \u00e0 pol\u00edcia que foi convidado pelo amigo que mora no Vila Isa para o furto. E alega que s\u00f3 aceitou porque estava desempregado e passando necessidades com a fam\u00edlia. Os dois s\u00e3o naturalizados. Alicate, p\u00e9-de-cabra, bengala de ferro, machado e alavanca, estavam entre os materiais apreendidos com a dupla.<\/p>\n<p><img decoding=\"async\" src=\"http:\/\/aconteceunovale.com.br\/portal\/wp-content\/uploads\/2014\/11\/dupla_estrangeiros_gv.jpg\" alt=\"\" \/><em>Materiais apreendidos com um italiano e um argentino em Governador Valadares &#8211; Foto: PM\/Divulga\u00e7\u00e3o<\/em><br \/>\n<\/br><\/p>\n<p><em><strong>(Hoje em Dia)<\/strong><\/em><\/p>\n","protected":false},"excerpt":{"rendered":"<p>Dois estrangeiros foram presos neste fim de semana em Governador Valadares, no Leste do Estado, tentando furtar um carro no Centro. Com eles foram apreendidas diversas ferramentas utilizadas para o arrombamento de ve\u00edculos. A pol\u00edcia investiga h\u00e1 quanto tempo a dupla agia na cidade e quantas v\u00edtimas pode te feito. O italiano D.S.R., de 36 [&hellip;]<\/p>\n","protected":false},"author":1,"featured_media":44310,"comment_status":"open","ping_status":"closed","sticky":false,"template":"","format":"standard","meta":{"amp_status":"","footnotes":""},"categories":[121],"tags":[21665,247],"class_list":["post-44308","post","type-post","status-publish","format-standard","has-post-thumbnail","hentry","category-leste","tag-argentino-e-italiano-sao-presos-tentando-furtar-veiculo-em-governador-valadares","tag-governador-valadares"],"_links":{"self":[{"href":"https:\/\/aconteceunovale.com.br\/portal\/index.php?rest_route=\/wp\/v2\/posts\/44308","targetHints":{"allow":["GET"]}}],"collection":[{"href":"https:\/\/aconteceunovale.com.br\/portal\/index.php?rest_route=\/wp\/v2\/posts"}],"about":[{"href":"https:\/\/aconteceunovale.com.br\/portal\/index.php?rest_route=\/wp\/v2\/types\/post"}],"author":[{"embeddable":true,"href":"https:\/\/aconteceunovale.com.br\/portal\/index.php?rest_route=\/wp\/v2\/users\/1"}],"replies":[{"embeddable":true,"href":"https:\/\/aconteceunovale.com.br\/portal\/index.php?rest_route=%2Fwp%2Fv2%2Fcomments&post=44308"}],"version-history":[{"count":0,"href":"https:\/\/aconteceunovale.com.br\/portal\/index.php?rest_route=\/wp\/v2\/posts\/44308\/revisions"}],"wp:featuredmedia":[{"embeddable":true,"href":"https:\/\/aconteceunovale.com.br\/portal\/index.php?rest_route=\/wp\/v2\/media\/44310"}],"wp:attachment":[{"href":"https:\/\/aconteceunovale.com.br\/portal\/index.php?rest_route=%2Fwp%2Fv2%2Fmedia&parent=44308"}],"wp:term":[{"taxonomy":"category","embeddable":true,"href":"https:\/\/aconteceunovale.com.br\/portal\/index.php?rest_route=%2Fwp%2Fv2%2Fcategories&post=44308"},{"taxonomy":"post_tag","embeddable":true,"href":"https:\/\/aconteceunovale.com.br\/portal\/index.php?rest_route=%2Fwp%2Fv2%2Ftags&post=44308"}],"curies":[{"name":"wp","href":"https:\/\/api.w.org\/{rel}","templated":true}]}}