{"id":44304,"date":"2014-11-03T16:24:49","date_gmt":"2014-11-03T19:24:49","guid":{"rendered":"http:\/\/aconteceunovale.com.br\/portal\/?p=44304"},"modified":"2014-11-03T16:26:19","modified_gmt":"2014-11-03T19:26:19","slug":"caminhoneiro-que-causou-acidente-com-cinco-mortos-em-belo-horizonte-vai-a-juri-popular","status":"publish","type":"post","link":"https:\/\/aconteceunovale.com.br\/portal\/?p=44304","title":{"rendered":"Caminhoneiro que causou acidente com cinco mortos em Belo Horizonte vai a j\u00fari popular"},"content":{"rendered":"<h4><strong><em>Acidente aconteceu em janeiro de 2011. O motorista Leonardo Faria Hil\u00e1rio est\u00e1 solto, mas ser\u00e1 julgado pelo 1\u00ba Tribunal do J\u00fari<\/em><\/strong><\/h4>\n<div id=\"fb-root\"><\/div>\n<p>\t\t\t\t<script>(function(d, s, id) {\n\t\t\t\t  var js, fjs = d.getElementsByTagName(s)[0];\n\t\t\t\t  if (d.getElementById(id)) return;\n\t\t\t\t  js = d.createElement(s); js.id = id;\n\t\t\t\t  js.src = \"\/\/connect.facebook.net\/pt_BR\/sdk.js#xfbml=1&appId=691575364226355&version=v2.0\";\n\t\t\t\t  fjs.parentNode.insertBefore(js, fjs);\n\t\t\t\t}(document, 'script', 'facebook-jssdk'));<\/script><\/p>\n<div class=\"fb-like\" data-href=\"https:\/\/www.facebook.com\/aconteceunovale\" data-layout=\"button_count\" data-action=\"like\" data-show-faces=\"true\" data-share=\"true\"><\/div>\n<p><\/br><\/p>\n<p>O caminhoneiro Leonardo Faria Hil\u00e1rio, que causou um acidente com cinco mortos e mais de 10 feridos no Anel Rodovi\u00e1rio de Belo Horizonte, em janeiro de 2011, vai a j\u00fari popular. Ele responde por homic\u00eddios com dolo eventual e, mesmo em liberdade, vai encarar o banco dos r\u00e9us. A decis\u00e3o sobre a senten\u00e7a de pron\u00fancia \u00e9 da 1\u00aa C\u00e2mara Criminal do Tribunal de Justi\u00e7a de Minas Gerais (TJMG). <\/p>\n<p>Na \u00e9poca da batida, Leonardo foi acusado de homic\u00eddio doloso. O juiz sumariante do 1\u00ba Tribunal do J\u00fari, Guilherme Queiroz Lacerda, recebeu a den\u00fancia do Minist\u00e9rio P\u00fablico, em fevereiro de 2011, com a tese de dolo eventual. A promotoria considera que ele n\u00e3o teve a inten\u00e7\u00e3o de matar, mas assumiu o risco de causar o acidente e provocar as mortes pela sua conduta. Leonardo dirigia uma carreta bitrem a 115km\/h, transportando 40 toneladas de carga, e fazia manobras imprudentes. Laudo da per\u00edcia comprovou que a carreta estava a uma velocidade 50% acima do permitido no trecho.<\/p>\n<p><img decoding=\"async\" src=\"http:\/\/aconteceunovale.com.br\/portal\/wp-content\/uploads\/2014\/11\/motorista_assassino_bh.jpg\" alt=\"\" \/><em>Imagem de Leonardo Hil\u00e1rio na \u00e9poca que foi preso, em 2011 &#8211; Foto: Paulo Filgueiras\/EM<\/em><br \/>\n<\/br><\/p>\n<p>Contudo, em 12 de novembro de 2012, Queiroz, dando raz\u00e3o \u00e0 argumenta\u00e7\u00e3o da defesa, desclassificou o crime por considerar que o condutor n\u00e3o teve inten\u00e7\u00e3o de provocar o acidente. Assim, Leonardo passou a responder por homic\u00eddio culposo e les\u00e3o corporal culposa, o que n\u00e3o o levaria ao j\u00fari. O Minist\u00e9rio P\u00fablico, ent\u00e3o, recorreu contra a senten\u00e7a.<\/p>\n<p>Na segunda inst\u00e2ncia, os desembargadores Alberto Deodato Neto, Fl\u00e1vio Batista Leite e Walter Luiz de Melo reformaram a senten\u00e7a e determinaram que o motorista v\u00e1 a j\u00fari. Segundo o relator Alberto Deodato, as provas dos autos permitem concluir que o caminhoneiro, embora soubesse de problemas no sistema de freios do ve\u00edculo, dirigia em alta velocidade. O magistrado concluiu que o r\u00e9u assumiu o risco de causar um acidente.<\/p>\n<p>O motorista foi preso por duas vezes na \u00e9poca do acidente, mas est\u00e1 solto desde mar\u00e7o de 2011. Ele teve um habeas corpus concedido pelo ministro Celso Limongi, do Superior Tribunal de Justi\u00e7a (STJ), em 2 de mar\u00e7o daquele ano. O ministro concedeu, ainda, salvo-conduto para o caminhoneiro que permitiu a ele aguardar o processo em liberdade at\u00e9 o julgamento do caso.<\/p>\n<p>No acidente, morreram Ana Fl\u00e1via Miglioranca Gibosky, de 2 anos, Marcelo Ferreira dos Santos, de 12, a av\u00f3 dele, Maria da Concei\u00e7\u00e3o dos Santos, de 60, M\u00e1rcia Iasmine de Azeredo Villas Boas Sales, de 44, e Eduardo de Souza Oliveira, de 40. Entre os feridos est\u00e1 a menina Laura Gibosky, que virou s\u00edmbolo de supera\u00e7\u00e3o na luta pela vida. As informa\u00e7\u00f5es s\u00e3o do <strong>Jornal Estado de Minas<\/strong> e <strong>Tribunal de Justi\u00e7a de Minas Gerais<\/strong>.<\/p>\n","protected":false},"excerpt":{"rendered":"<p>Acidente aconteceu em janeiro de 2011. O motorista Leonardo Faria Hil\u00e1rio est\u00e1 solto, mas ser\u00e1 julgado pelo 1\u00ba Tribunal do J\u00fari O caminhoneiro Leonardo Faria Hil\u00e1rio, que causou um acidente com cinco mortos e mais de 10 feridos no Anel Rodovi\u00e1rio de Belo Horizonte, em janeiro de 2011, vai a j\u00fari popular. Ele responde por [&hellip;]<\/p>\n","protected":false},"author":1,"featured_media":44305,"comment_status":"open","ping_status":"closed","sticky":false,"template":"","format":"standard","meta":{"amp_status":"","footnotes":""},"categories":[123],"tags":[21659,1018,21663,21664,21658,21660,21662,21661],"class_list":["post-44304","post","type-post","status-publish","format-standard","has-post-thumbnail","hentry","category-gerais","tag-ana-flavia-miglioranca-gibosky","tag-destaque","tag-eduardo-de-souza-oliveira","tag-laura-gibosky","tag-leonardo-faria-hilario","tag-marcelo-ferreira-dos-santos","tag-marcia-iasmine-de-azeredo-villas-boas-sales","tag-maria-da-conceicao-dos-santos"],"_links":{"self":[{"href":"https:\/\/aconteceunovale.com.br\/portal\/index.php?rest_route=\/wp\/v2\/posts\/44304","targetHints":{"allow":["GET"]}}],"collection":[{"href":"https:\/\/aconteceunovale.com.br\/portal\/index.php?rest_route=\/wp\/v2\/posts"}],"about":[{"href":"https:\/\/aconteceunovale.com.br\/portal\/index.php?rest_route=\/wp\/v2\/types\/post"}],"author":[{"embeddable":true,"href":"https:\/\/aconteceunovale.com.br\/portal\/index.php?rest_route=\/wp\/v2\/users\/1"}],"replies":[{"embeddable":true,"href":"https:\/\/aconteceunovale.com.br\/portal\/index.php?rest_route=%2Fwp%2Fv2%2Fcomments&post=44304"}],"version-history":[{"count":0,"href":"https:\/\/aconteceunovale.com.br\/portal\/index.php?rest_route=\/wp\/v2\/posts\/44304\/revisions"}],"wp:featuredmedia":[{"embeddable":true,"href":"https:\/\/aconteceunovale.com.br\/portal\/index.php?rest_route=\/wp\/v2\/media\/44305"}],"wp:attachment":[{"href":"https:\/\/aconteceunovale.com.br\/portal\/index.php?rest_route=%2Fwp%2Fv2%2Fmedia&parent=44304"}],"wp:term":[{"taxonomy":"category","embeddable":true,"href":"https:\/\/aconteceunovale.com.br\/portal\/index.php?rest_route=%2Fwp%2Fv2%2Fcategories&post=44304"},{"taxonomy":"post_tag","embeddable":true,"href":"https:\/\/aconteceunovale.com.br\/portal\/index.php?rest_route=%2Fwp%2Fv2%2Ftags&post=44304"}],"curies":[{"name":"wp","href":"https:\/\/api.w.org\/{rel}","templated":true}]}}