{"id":44278,"date":"2014-11-03T15:03:40","date_gmt":"2014-11-03T18:03:40","guid":{"rendered":"http:\/\/aconteceunovale.com.br\/portal\/?p=44278"},"modified":"2014-11-03T15:04:03","modified_gmt":"2014-11-03T18:04:03","slug":"defesa-civil-reconhece-situacao-de-emergencia-em-mais-dez-cidades-mineiras","status":"publish","type":"post","link":"https:\/\/aconteceunovale.com.br\/portal\/?p=44278","title":{"rendered":"Defesa Civil reconhece situa\u00e7\u00e3o de emerg\u00eancia em mais dez cidades mineiras"},"content":{"rendered":"<div id=\"fb-root\"><\/div>\n<p>\t\t\t\t<script>(function(d, s, id) {\n\t\t\t\t  var js, fjs = d.getElementsByTagName(s)[0];\n\t\t\t\t  if (d.getElementById(id)) return;\n\t\t\t\t  js = d.createElement(s); js.id = id;\n\t\t\t\t  js.src = \"\/\/connect.facebook.net\/pt_BR\/sdk.js#xfbml=1&appId=691575364226355&version=v2.0\";\n\t\t\t\t  fjs.parentNode.insertBefore(js, fjs);\n\t\t\t\t}(document, 'script', 'facebook-jssdk'));<\/script><\/p>\n<div class=\"fb-like\" data-href=\"https:\/\/www.facebook.com\/aconteceunovale\" data-layout=\"button_count\" data-action=\"like\" data-show-faces=\"true\" data-share=\"true\"><\/div>\n<p><\/br><\/p>\n<p>A Defesa Civil reconheceu, nesta segunda-feira, 3 de novembro, a situa\u00e7\u00e3o de emerg\u00eancia em dez munic\u00edpios de Minas Gerais afetados pela seca ou estiagem e nas cidades de Sete de Setembro, no Rio Grande do Sul &#8211; devido a fortes chuvas &#8211; al\u00e9m de S\u00e3o Jos\u00e9 do Cerrito, em Santa Catarina, por conta de danos causados por chuva de granizo.<\/p>\n<p>Conforme portaria da Secretaria Nacional de Prote\u00e7\u00e3o e Defesa Civil, publicada no Di\u00e1rio Oficial da Uni\u00e3o, as cidades mineiras que tiveram a situa\u00e7\u00e3o de emerg\u00eancia decretada s\u00e3o: Bocaiuva, Comercinho, Ibiracatu, Joaquim Fel\u00edcio, Juramento, Malacacheta, Mirav\u00e2nia, Pai Pedro, Piumhi e Rio do Prado.<\/p>\n<p>Assim que o decreto municipal \u00e9 reconhecido em \u00e2mbito federal, a prefeitura torna-se apta a pedir e receber recursos da Uni\u00e3o para recupera\u00e7\u00e3o de danos ou atendimentos emergenciais. Desde o in\u00edcio do ano, cerca de 200 munic\u00edpios de Minas Gerais tiveram decretos municipais de situa\u00e7\u00e3o de emerg\u00eancia ou de calamidade p\u00fablica reconhecidos pelo governo federal. Em Santa Catarina, devido \u00e0s chuvas e ocorr\u00eancia de granizo, esse n\u00famero \u00e9 de aproximadamente 100.<\/p>\n<p>Em outras duas portarias do Minist\u00e9rio da Integra\u00e7\u00e3o Nacional, tamb\u00e9m publicadas nesta segunda-feira, no Di\u00e1rio Oficial, foi autorizado o empenho de R$ 114 mil para as cidades de Tarauac\u00e1 (AC) e Ipir\u00e1 (SC) para a execu\u00e7\u00e3o de a\u00e7\u00f5es de restabelecimento de servi\u00e7os essenciais afetados por fortes chuvas e enchentes. Para a cidade acreana foram empenhados R$ 52,2 mil e, para o munic\u00edpio catarinense, R$ 62,5 mil.<\/p>\n<p>O prazo de execu\u00e7\u00e3o das obras e servi\u00e7os \u00e9 180 dias, a partir desta segunda-feira, e as prefeituras ter\u00e3o que prestar contas da utiliza\u00e7\u00e3o dos recursos em at\u00e9 30 dias ap\u00f3s esse prazo. As informa\u00e7\u00f5es s\u00e3o da <strong>Ag\u00eancia Brasil<\/strong>.<\/p>\n","protected":false},"excerpt":{"rendered":"<p>A Defesa Civil reconheceu, nesta segunda-feira, 3 de novembro, a situa\u00e7\u00e3o de emerg\u00eancia em dez munic\u00edpios de Minas Gerais afetados pela seca ou estiagem e nas cidades de Sete de Setembro, no Rio Grande do Sul &#8211; devido a fortes chuvas &#8211; al\u00e9m de S\u00e3o Jos\u00e9 do Cerrito, em Santa Catarina, por conta de danos [&hellip;]<\/p>\n","protected":false},"author":1,"featured_media":42997,"comment_status":"open","ping_status":"closed","sticky":false,"template":"","format":"standard","meta":{"amp_status":"","footnotes":""},"categories":[123],"tags":[645,426,21620,1704,1043,1697,226,3056,3059,1783,3928,21621],"class_list":["post-44278","post","type-post","status-publish","format-standard","has-post-thumbnail","hentry","category-gerais","tag-bocaiuva","tag-comercinho","tag-defesa-civil-reconhece-situacao-de-emergencia-em-mais-dez-cidades-mineiras","tag-ibiracatu","tag-joaquim-felicio","tag-juramento","tag-malacacheta","tag-miravania","tag-pai-pedro","tag-piumhi","tag-rio-do-prado","tag-sao-jose-do-cerrito"],"_links":{"self":[{"href":"https:\/\/aconteceunovale.com.br\/portal\/index.php?rest_route=\/wp\/v2\/posts\/44278","targetHints":{"allow":["GET"]}}],"collection":[{"href":"https:\/\/aconteceunovale.com.br\/portal\/index.php?rest_route=\/wp\/v2\/posts"}],"about":[{"href":"https:\/\/aconteceunovale.com.br\/portal\/index.php?rest_route=\/wp\/v2\/types\/post"}],"author":[{"embeddable":true,"href":"https:\/\/aconteceunovale.com.br\/portal\/index.php?rest_route=\/wp\/v2\/users\/1"}],"replies":[{"embeddable":true,"href":"https:\/\/aconteceunovale.com.br\/portal\/index.php?rest_route=%2Fwp%2Fv2%2Fcomments&post=44278"}],"version-history":[{"count":0,"href":"https:\/\/aconteceunovale.com.br\/portal\/index.php?rest_route=\/wp\/v2\/posts\/44278\/revisions"}],"wp:featuredmedia":[{"embeddable":true,"href":"https:\/\/aconteceunovale.com.br\/portal\/index.php?rest_route=\/wp\/v2\/media\/42997"}],"wp:attachment":[{"href":"https:\/\/aconteceunovale.com.br\/portal\/index.php?rest_route=%2Fwp%2Fv2%2Fmedia&parent=44278"}],"wp:term":[{"taxonomy":"category","embeddable":true,"href":"https:\/\/aconteceunovale.com.br\/portal\/index.php?rest_route=%2Fwp%2Fv2%2Fcategories&post=44278"},{"taxonomy":"post_tag","embeddable":true,"href":"https:\/\/aconteceunovale.com.br\/portal\/index.php?rest_route=%2Fwp%2Fv2%2Ftags&post=44278"}],"curies":[{"name":"wp","href":"https:\/\/api.w.org\/{rel}","templated":true}]}}