{"id":44272,"date":"2014-11-03T14:41:46","date_gmt":"2014-11-03T17:41:46","guid":{"rendered":"http:\/\/aconteceunovale.com.br\/portal\/?p=44272"},"modified":"2014-11-03T14:41:46","modified_gmt":"2014-11-03T17:41:46","slug":"campanha-novembro-azul-faz-alerta-sobre-o-cancer-de-prostata-e-saude-do-homem","status":"publish","type":"post","link":"https:\/\/aconteceunovale.com.br\/portal\/?p=44272","title":{"rendered":"Campanha Novembro Azul faz alerta sobre o c\u00e2ncer de pr\u00f3stata e sa\u00fade do homem"},"content":{"rendered":"<h4><em><strong>Campanha marca a cria\u00e7\u00e3o da Comiss\u00e3o de elabora\u00e7\u00e3o do Programa Estadual de Preven\u00e7\u00e3o e Controle do C\u00e2ncer de Pr\u00f3stata em Minas<\/strong><\/em><\/h4>\n<div id=\"fb-root\"><\/div>\n<p>\t\t\t\t<script>(function(d, s, id) {\n\t\t\t\t  var js, fjs = d.getElementsByTagName(s)[0];\n\t\t\t\t  if (d.getElementById(id)) return;\n\t\t\t\t  js = d.createElement(s); js.id = id;\n\t\t\t\t  js.src = \"\/\/connect.facebook.net\/pt_BR\/sdk.js#xfbml=1&appId=691575364226355&version=v2.0\";\n\t\t\t\t  fjs.parentNode.insertBefore(js, fjs);\n\t\t\t\t}(document, 'script', 'facebook-jssdk'));<\/script><\/p>\n<div class=\"fb-like\" data-href=\"https:\/\/www.facebook.com\/aconteceunovale\" data-layout=\"button_count\" data-action=\"like\" data-show-faces=\"true\" data-share=\"true\"><\/div>\n<p><\/br><\/p>\n<p>Homem que \u00e9 homem se cuida. Esse \u00e9 lema da Campanha Novembro Azul  que tem o objetivo de conscientizar os homens sobre a import\u00e2ncia do autocuidado e do diagn\u00f3stico precoce do c\u00e2ncer de pr\u00f3stata. O ponto forte da campanha \u00e9 sensibilizar os homens com mais de 45 anos para que eles procurem um urologista ao menos uma vez por ano e fa\u00e7am os exames preventivos. Aos homens negros ou com hist\u00f3rico da doen\u00e7a na fam\u00edlia, os cuidados devem come\u00e7ar aos 40 anos, j\u00e1 que \u00e9 um grupo que apresenta maior incid\u00eancia da doen\u00e7a. Al\u00e9m do c\u00e2ncer de pr\u00f3stata, a campanha tamb\u00e9m visa incentivar os homens a terem mais aten\u00e7\u00e3o com a pr\u00f3pria sa\u00fade, j\u00e1 que as mortes masculinas por outros tipos de c\u00e2ncer e por doen\u00e7as cr\u00f4nicas como hipertens\u00e3o e diabetes s\u00e3o maiores que no p\u00fablico feminino.<\/p>\n<p><img decoding=\"async\" src=\"http:\/\/aconteceunovale.com.br\/portal\/wp-content\/uploads\/2014\/11\/campanha-novembro-azul-faz-alerta-sobre-o-cancer-de-prostata-e-saude-do-homem.jpg\" alt=\"\" \/><em>Campanha foi lan\u00e7ada com a participa\u00e7\u00e3o de diversos padrinhos &#8211; Foto: Marcus Ferreira\/Ag\u00eancia Minas<\/em><br \/>\n<\/br><\/p>\n<p>Esta \u00e9 a primeira vez que a Secretaria de Estado de Sa\u00fade (SES-MG) participa da campanha realizada mundialmente. E n\u00e3o por acaso, escolheu a data para criar uma Comiss\u00e3o para elabora\u00e7\u00e3o do Programa Estadual de Preven\u00e7\u00e3o e Controle do C\u00e2ncer de Pr\u00f3stata em Minas Gerais e da implanta\u00e7\u00e3o e implementa\u00e7\u00e3o da Pol\u00edtica Estadual de Aten\u00e7\u00e3o Integral \u00e0 Sa\u00fade do Homem.<\/p>\n<p>Para o secret\u00e1rio de Estado de Sa\u00fade, Jos\u00e9 Geraldo de Oliveira Prado, esta \u00e9 uma grande oportunidade para avan\u00e7ar nos cuidados integrais \u00e0 sa\u00fade do homem. \u201cMinas tem o protocolo mais avan\u00e7ado do Pa\u00eds para tratamento do c\u00e2ncer e uma rede de aten\u00e7\u00e3o especializada para atender o homem desde sua chegada \u00e0 aten\u00e7\u00e3o b\u00e1sica. Mas nos faltava sistematizar melhor uma pol\u00edtica de sa\u00fade voltada para o p\u00fablico masculino. E hoje estamos assinando uma resolu\u00e7\u00e3o que cria uma comiss\u00e3o para elaborar esse programa\u201d, informou.<\/p>\n<p>O avan\u00e7o em uma pol\u00edtica espec\u00edfica para a sa\u00fade masculina tamb\u00e9m foi comemorado pela coordenadora da Pol\u00edtica Estadual da Sa\u00fade do Homem, Rejane Aparecida Alves. \u201cJ\u00e1 temos v\u00e1rios servi\u00e7os que fazem o acompanhamento da sa\u00fade dos homens no estado. Mas a exemplo dos cuidados com a sa\u00fade da mulher, do idoso e da crian\u00e7a, criar pol\u00edticas que olhem especificamente para as demandas desse p\u00fablico tamb\u00e9m \u00e9 importante para termos uma melhora na qualidade do atendimento. E s\u00e3o essas pol\u00edticas que ser\u00e3o discutidas por essa comiss\u00e3o\u201d, ressaltou.<\/p>\n<p>O presidente da Sociedade Brasileira de Urologia regional Minas Gerais, Ant\u00f4nio Peixoto de Lucena Cunha, chamou a aten\u00e7\u00e3o para o aumento da incid\u00eancia do c\u00e2ncer de pr\u00f3stata na popula\u00e7\u00e3o brasileira devido ao aumento da expectativa de vida. \u201cMais de 40% dos homens no Brasil n\u00e3o v\u00e3o ao urologista e por isso a import\u00e2ncia dessa campanha para a conscientiza\u00e7\u00e3o. O grande problema \u00e9 que o c\u00e2ncer de pr\u00f3stata n\u00e3o apresenta sintomas nos per\u00edodos iniciais. E nos est\u00e1gios avan\u00e7ados s\u00f3 h\u00e1 tratamento paliativo. Por isso a import\u00e2ncia do diagn\u00f3stico precoce. Essa parceria com a Secretaria de Estado de Sa\u00fade \u00e9 fundamental porque todos somam for\u00e7as e agregam valores\u201d, alertou. <\/p>\n<p>Durante o lan\u00e7amento da campanha, o jornalista Eduardo Costa, representante dos padrinhos do Novembro Azul, contou sua experi\u00eancia com a doen\u00e7a e deixou um recado para que os homens superem o medo dos exames de preven\u00e7\u00e3o. O jornalista entregou ao secret\u00e1rio de Estado de Sa\u00fade, Jos\u00e9 Geraldo de Oliveira Prado, um depoimento emocionado que recebeu de uma ouvinte agradecendo as orienta\u00e7\u00f5es sobre a doen\u00e7a que o jornalista compartilhou em seu programa e que possibilitaram que ela convencesse o marido a realizar os exames que detectaram a doen\u00e7a do companheiro.<\/p>\n<p>Para 2014 s\u00e3o esperados 68 mil novos casos de c\u00e2ncer de pr\u00f3stata no pa\u00eds. Em Minas, a expectativa \u00e9 de 7.990 novos casos. No Brasil o c\u00e2ncer de pr\u00f3stata \u00e9 o segundo tipo de c\u00e2ncer que mais mata a popula\u00e7\u00e3o masculina, ficando atr\u00e1s apenas do c\u00e2ncer de pele. Em Minas, \u00e9 a neoplasia de maior mortalidade entre os homens.<\/p>\n<p>Durante todo o m\u00eas de novembro a SES realiza a\u00e7\u00f5es de conscientiza\u00e7\u00e3o e mobiliza\u00e7\u00e3o voltadas \u00e0 popula\u00e7\u00e3o masculina, com palestras em empresas com quadro de funcion\u00e1rios majoritariamente masculinos; distribui\u00e7\u00e3o de material informativo, entre outras. Pontos tur\u00edsticos e est\u00e1tuas masculinas espalhadas nas ruas da capital ser\u00e3o iluminados de azul para lembrar a import\u00e2ncia do diagn\u00f3stico precoce e dos cuidados com a sa\u00fade do homem. As informa\u00e7\u00f5es s\u00e3o da <strong>Ag\u00eancia Minas<\/strong>.<\/p>\n","protected":false},"excerpt":{"rendered":"<p>Campanha marca a cria\u00e7\u00e3o da Comiss\u00e3o de elabora\u00e7\u00e3o do Programa Estadual de Preven\u00e7\u00e3o e Controle do C\u00e2ncer de Pr\u00f3stata em Minas Homem que \u00e9 homem se cuida. Esse \u00e9 lema da Campanha Novembro Azul que tem o objetivo de conscientizar os homens sobre a import\u00e2ncia do autocuidado e do diagn\u00f3stico precoce do c\u00e2ncer de pr\u00f3stata. [&hellip;]<\/p>\n","protected":false},"author":1,"featured_media":44273,"comment_status":"open","ping_status":"closed","sticky":false,"template":"","format":"standard","meta":{"amp_status":"","footnotes":""},"categories":[123],"tags":[21616,21108,21615,21110,21617],"class_list":["post-44272","post","type-post","status-publish","format-standard","has-post-thumbnail","hentry","category-gerais","tag-campanha-marca-a-criacao-da-comissao-de-elaboracao-do-programa-estadual-de-prevencao-e-controle-do-cancer-de-prostata-em-minas","tag-campanha-novembro-azul","tag-campanha-novembro-azul-faz-alerta-sobre-o-cancer-de-prostata-e-saude-do-homem","tag-cancer-de-prostata","tag-comissao-de-elaboracao-do-programa-estadual-de-prevencao-e-controle-do-cancer-de-prostata-em-minas"],"_links":{"self":[{"href":"https:\/\/aconteceunovale.com.br\/portal\/index.php?rest_route=\/wp\/v2\/posts\/44272","targetHints":{"allow":["GET"]}}],"collection":[{"href":"https:\/\/aconteceunovale.com.br\/portal\/index.php?rest_route=\/wp\/v2\/posts"}],"about":[{"href":"https:\/\/aconteceunovale.com.br\/portal\/index.php?rest_route=\/wp\/v2\/types\/post"}],"author":[{"embeddable":true,"href":"https:\/\/aconteceunovale.com.br\/portal\/index.php?rest_route=\/wp\/v2\/users\/1"}],"replies":[{"embeddable":true,"href":"https:\/\/aconteceunovale.com.br\/portal\/index.php?rest_route=%2Fwp%2Fv2%2Fcomments&post=44272"}],"version-history":[{"count":0,"href":"https:\/\/aconteceunovale.com.br\/portal\/index.php?rest_route=\/wp\/v2\/posts\/44272\/revisions"}],"wp:featuredmedia":[{"embeddable":true,"href":"https:\/\/aconteceunovale.com.br\/portal\/index.php?rest_route=\/wp\/v2\/media\/44273"}],"wp:attachment":[{"href":"https:\/\/aconteceunovale.com.br\/portal\/index.php?rest_route=%2Fwp%2Fv2%2Fmedia&parent=44272"}],"wp:term":[{"taxonomy":"category","embeddable":true,"href":"https:\/\/aconteceunovale.com.br\/portal\/index.php?rest_route=%2Fwp%2Fv2%2Fcategories&post=44272"},{"taxonomy":"post_tag","embeddable":true,"href":"https:\/\/aconteceunovale.com.br\/portal\/index.php?rest_route=%2Fwp%2Fv2%2Ftags&post=44272"}],"curies":[{"name":"wp","href":"https:\/\/api.w.org\/{rel}","templated":true}]}}