{"id":44269,"date":"2014-11-03T09:59:18","date_gmt":"2014-11-03T12:59:18","guid":{"rendered":"http:\/\/aconteceunovale.com.br\/portal\/?p=44269"},"modified":"2014-11-03T09:59:18","modified_gmt":"2014-11-03T12:59:18","slug":"canada-lanca-primeiro-ataque-aereo-contra-estado-islamico-no-iraque","status":"publish","type":"post","link":"https:\/\/aconteceunovale.com.br\/portal\/?p=44269","title":{"rendered":"Canad\u00e1 lan\u00e7a primeiro ataque a\u00e9reo contra Estado Isl\u00e2mico no Iraque"},"content":{"rendered":"<div id=\"fb-root\"><\/div>\n<p>\t\t\t\t<script>(function(d, s, id) {\n\t\t\t\t  var js, fjs = d.getElementsByTagName(s)[0];\n\t\t\t\t  if (d.getElementById(id)) return;\n\t\t\t\t  js = d.createElement(s); js.id = id;\n\t\t\t\t  js.src = \"\/\/connect.facebook.net\/pt_BR\/sdk.js#xfbml=1&appId=691575364226355&version=v2.0\";\n\t\t\t\t  fjs.parentNode.insertBefore(js, fjs);\n\t\t\t\t}(document, 'script', 'facebook-jssdk'));<\/script><\/p>\n<div class=\"fb-like\" data-href=\"https:\/\/www.facebook.com\/aconteceunovale\" data-layout=\"button_count\" data-action=\"like\" data-show-faces=\"true\" data-share=\"true\"><\/div>\n<p><\/br><\/p>\n<p>A For\u00e7a A\u00e9rea do Canad\u00e1 lan\u00e7ou nesse domingo (2) o primeiro ataque contra alvos do Estado Isl\u00e2mico (EI) no Iraque, anunciou o Minist\u00e9rio da Defesa do pa\u00eds.<\/p>\n<p>&#8220;Dois ca\u00e7as CF-18 atacaram [domingo] alvos do Estado Isl\u00e2mico nas proximidades de Fallujah, a 70 quil\u00f4metros a oeste de Bagd\u00e1, lan\u00e7ando cerca de 227 quilos de m\u00edsseis guiados por laser GBU &#8211; 12&#8221;, anunciou em comunicado o ministro da Defesa, Rob Nicholson.<\/p>\n<p>Ele informou que a miss\u00e3o durou cerca de quatro horas e envolveu tamb\u00e9m o avi\u00e3o de reabastecimento Polaris, regressando as aeronaves ao Kuwait, onde est\u00e3o sediadas em seguran\u00e7a.<\/p>\n<p>Foi o primeiro ataque a\u00e9reo feito pelo Canad\u00e1 ap\u00f3s a chegada dos avi\u00f5es \u00e0 regi\u00e3o, em 30 de outubro, ap\u00f3s ades\u00e3o \u00e0 coliga\u00e7\u00e3o internacional liderada pelos Estados Unidos nos bombardeios ao Estado Isl\u00e2mico no Iraque.<\/p>\n<p>O Canad\u00e1 enviou, em miss\u00e3o de seis meses para combater o EI no Iraque, seis ca\u00e7as CF-18, dois avi\u00f5es de vigil\u00e2ncia CP-140 Aurora e um avi\u00e3o de reabastecimento CC-150 Polaris, al\u00e9m de colaborar com o Ex\u00e9rcito iraquiano no treino militar e no fornecimento de mantimentos. As informa\u00e7\u00f5es s\u00e3o da <strong>Ag\u00eancia Brasil<\/strong>.<\/p>\n","protected":false},"excerpt":{"rendered":"<p>A For\u00e7a A\u00e9rea do Canad\u00e1 lan\u00e7ou nesse domingo (2) o primeiro ataque contra alvos do Estado Isl\u00e2mico (EI) no Iraque, anunciou o Minist\u00e9rio da Defesa do pa\u00eds. &#8220;Dois ca\u00e7as CF-18 atacaram [domingo] alvos do Estado Isl\u00e2mico nas proximidades de Fallujah, a 70 quil\u00f4metros a oeste de Bagd\u00e1, lan\u00e7ando cerca de 227 quilos de m\u00edsseis guiados [&hellip;]<\/p>\n","protected":false},"author":1,"featured_media":44270,"comment_status":"open","ping_status":"closed","sticky":false,"template":"","format":"standard","meta":{"amp_status":"","footnotes":""},"categories":[6],"tags":[21607,21605,21603,21613,21604,21606,21602,21610,21611,15226,21612,21609,21608,21614],"class_list":["post-44269","post","type-post","status-publish","format-standard","has-post-thumbnail","hentry","category-br","tag-ataque","tag-ataque-aereo-contra-estado-islamico","tag-ataque-contra-estado-islamico","tag-bagda","tag-canada","tag-canada-ataca-estado-islamico","tag-canada-lanca-primeiro-ataque-aereo-contra-estado-islamico-no-iraque","tag-ei","tag-ei-no-iraque","tag-estado-islamico","tag-fallujah","tag-forca-aerea-do-canada","tag-iraque","tag-rob-nicholson"],"_links":{"self":[{"href":"https:\/\/aconteceunovale.com.br\/portal\/index.php?rest_route=\/wp\/v2\/posts\/44269","targetHints":{"allow":["GET"]}}],"collection":[{"href":"https:\/\/aconteceunovale.com.br\/portal\/index.php?rest_route=\/wp\/v2\/posts"}],"about":[{"href":"https:\/\/aconteceunovale.com.br\/portal\/index.php?rest_route=\/wp\/v2\/types\/post"}],"author":[{"embeddable":true,"href":"https:\/\/aconteceunovale.com.br\/portal\/index.php?rest_route=\/wp\/v2\/users\/1"}],"replies":[{"embeddable":true,"href":"https:\/\/aconteceunovale.com.br\/portal\/index.php?rest_route=%2Fwp%2Fv2%2Fcomments&post=44269"}],"version-history":[{"count":0,"href":"https:\/\/aconteceunovale.com.br\/portal\/index.php?rest_route=\/wp\/v2\/posts\/44269\/revisions"}],"wp:featuredmedia":[{"embeddable":true,"href":"https:\/\/aconteceunovale.com.br\/portal\/index.php?rest_route=\/wp\/v2\/media\/44270"}],"wp:attachment":[{"href":"https:\/\/aconteceunovale.com.br\/portal\/index.php?rest_route=%2Fwp%2Fv2%2Fmedia&parent=44269"}],"wp:term":[{"taxonomy":"category","embeddable":true,"href":"https:\/\/aconteceunovale.com.br\/portal\/index.php?rest_route=%2Fwp%2Fv2%2Fcategories&post=44269"},{"taxonomy":"post_tag","embeddable":true,"href":"https:\/\/aconteceunovale.com.br\/portal\/index.php?rest_route=%2Fwp%2Fv2%2Ftags&post=44269"}],"curies":[{"name":"wp","href":"https:\/\/api.w.org\/{rel}","templated":true}]}}