{"id":44266,"date":"2014-11-03T09:28:11","date_gmt":"2014-11-03T12:28:11","guid":{"rendered":"http:\/\/aconteceunovale.com.br\/portal\/?p=44266"},"modified":"2014-11-03T09:28:11","modified_gmt":"2014-11-03T12:28:11","slug":"plantao-do-samu-no-norte-de-minas-gerais-31-de-outubro-a-02-de-novembro-de-2014","status":"publish","type":"post","link":"https:\/\/aconteceunovale.com.br\/portal\/?p=44266","title":{"rendered":"Plant\u00e3o do Samu no Norte de Minas Gerais &#8211; 31 de outubro a 02 de novembro de 2014"},"content":{"rendered":"<h4><strong>Final de semana, 31 de outubro a 02 de novembro de 2014<\/strong><\/h4>\n<div id=\"fb-root\"><\/div>\n<p>\t\t\t\t<script>(function(d, s, id) {\n\t\t\t\t  var js, fjs = d.getElementsByTagName(s)[0];\n\t\t\t\t  if (d.getElementById(id)) return;\n\t\t\t\t  js = d.createElement(s); js.id = id;\n\t\t\t\t  js.src = \"\/\/connect.facebook.net\/pt_BR\/sdk.js#xfbml=1&appId=691575364226355&version=v2.0\";\n\t\t\t\t  fjs.parentNode.insertBefore(js, fjs);\n\t\t\t\t}(document, 'script', 'facebook-jssdk'));<\/script><\/p>\n<div class=\"fb-like\" data-href=\"https:\/\/www.facebook.com\/aconteceunovale\" data-layout=\"button_count\" data-action=\"like\" data-show-faces=\"true\" data-share=\"true\"><\/div>\n<p><\/br><\/p>\n<p>Neste final de semana, de 31\/10 a 02\/11, as unidades do SAMU de Montes Claros realizaram outros 152 atendimentos, sendo 106 atendimentos cl\u00ednicos, 40 em decorr\u00eancia de decorr\u00eancia de acidente de tr\u00e2nsito, com um \u00f3bito, 02 por ferimento por arma de fogo, 03 por ferimento por arma branca e 01 por agress\u00e3o. <\/p>\n<p>Entre os acidentes de tr\u00e2nsito, 33 envolveram motocicleta e ocorreram na \u00e1rea urbana de Montes Claros. Na tarde de domingo, 02\/11, um homem de aproximadamente de 60 anos morreu em um capotamento de caminh\u00e3o acidente ocorrido na BR-135, km 02. Ele conduzia o caminh\u00e3o. E na manh\u00e3 de domingo, duas pessoas, sendo um homem de 42 anos e uma mulher de 35, ficaram feridas em um capotamento de ve\u00edculo ocorrido na MG-308, sa\u00edda de Montes Claros para Juramento.<\/p>\n<p>Ainda no domingo, um homem de 31 anos foi ferido por arma branca no bairro Delfino Magalh\u00e3es. Ele foi golpeado na cabe\u00e7a por fac\u00e3o e apresentava les\u00e3o de com poss\u00edvel fratura \u00f3ssea no cr\u00e2nio. E um homem de 70 anos sofreu agress\u00e3o f\u00edsica, na Vila Castelo Branco. Ele foi atingido com um peda\u00e7o de madeira na cabe\u00e7a e na regi\u00e3o lombar, apresentando corte contuso no couro cabeludo e escoria\u00e7\u00f5es na regi\u00e3o lombar, se queixando de dor intensa.<\/p>\n<p>No s\u00e1bado, 01\/11, um rapaz de 15 anos foi ferido por arma de fogo no bairro Ac\u00e1cias, e um menino de 12 anos foi ferido por arma branca no bairro Castelo Branco. E na sexta-feira, 31\/11, uma mulher de 38 anos foi ferida por arma branca no bairro Guaruj\u00e1. Ela apresentava corte contuso na n\u00e1dega, pass\u00edvel de sutura.<\/p>\n<p>Em todas as ocorr\u00eancias os feridos receberam os primeiros atendimentos no local e foram encaminhados ao hospital para avalia\u00e7\u00e3o.<\/p>\n","protected":false},"excerpt":{"rendered":"<p>Final de semana, 31 de outubro a 02 de novembro de 2014 Neste final de semana, de 31\/10 a 02\/11, as unidades do SAMU de Montes Claros realizaram outros 152 atendimentos, sendo 106 atendimentos cl\u00ednicos, 40 em decorr\u00eancia de decorr\u00eancia de acidente de tr\u00e2nsito, com um \u00f3bito, 02 por ferimento por arma de fogo, 03 [&hellip;]<\/p>\n","protected":false},"author":1,"featured_media":37592,"comment_status":"open","ping_status":"closed","sticky":false,"template":"","format":"standard","meta":{"amp_status":"","footnotes":""},"categories":[1236],"tags":[13996,210,21601,18629,4040],"class_list":["post-44266","post","type-post","status-publish","format-standard","has-post-thumbnail","hentry","category-norte_de_minas","tag-atendimentos-do-samu-em-montes-claros","tag-montes-claros","tag-plantao-do-samu-no-norte-de-minas-gerais-31-de-outubro-a-02-de-novembro-de-2014","tag-samu-de-montes-claros","tag-samu-macro-norte"],"_links":{"self":[{"href":"https:\/\/aconteceunovale.com.br\/portal\/index.php?rest_route=\/wp\/v2\/posts\/44266","targetHints":{"allow":["GET"]}}],"collection":[{"href":"https:\/\/aconteceunovale.com.br\/portal\/index.php?rest_route=\/wp\/v2\/posts"}],"about":[{"href":"https:\/\/aconteceunovale.com.br\/portal\/index.php?rest_route=\/wp\/v2\/types\/post"}],"author":[{"embeddable":true,"href":"https:\/\/aconteceunovale.com.br\/portal\/index.php?rest_route=\/wp\/v2\/users\/1"}],"replies":[{"embeddable":true,"href":"https:\/\/aconteceunovale.com.br\/portal\/index.php?rest_route=%2Fwp%2Fv2%2Fcomments&post=44266"}],"version-history":[{"count":0,"href":"https:\/\/aconteceunovale.com.br\/portal\/index.php?rest_route=\/wp\/v2\/posts\/44266\/revisions"}],"wp:featuredmedia":[{"embeddable":true,"href":"https:\/\/aconteceunovale.com.br\/portal\/index.php?rest_route=\/wp\/v2\/media\/37592"}],"wp:attachment":[{"href":"https:\/\/aconteceunovale.com.br\/portal\/index.php?rest_route=%2Fwp%2Fv2%2Fmedia&parent=44266"}],"wp:term":[{"taxonomy":"category","embeddable":true,"href":"https:\/\/aconteceunovale.com.br\/portal\/index.php?rest_route=%2Fwp%2Fv2%2Fcategories&post=44266"},{"taxonomy":"post_tag","embeddable":true,"href":"https:\/\/aconteceunovale.com.br\/portal\/index.php?rest_route=%2Fwp%2Fv2%2Ftags&post=44266"}],"curies":[{"name":"wp","href":"https:\/\/api.w.org\/{rel}","templated":true}]}}