{"id":44259,"date":"2014-11-03T09:11:30","date_gmt":"2014-11-03T12:11:30","guid":{"rendered":"http:\/\/aconteceunovale.com.br\/portal\/?p=44259"},"modified":"2014-11-03T15:47:14","modified_gmt":"2014-11-03T18:47:14","slug":"homem-de-56-anos-morre-apos-bater-o-carro-em-arvore-na-zona-rural-de-felixlandia","status":"publish","type":"post","link":"https:\/\/aconteceunovale.com.br\/portal\/?p=44259","title":{"rendered":"Homem de 56 anos morre ap\u00f3s bater o carro em \u00e1rvore na zona rural de Felixl\u00e2ndia"},"content":{"rendered":"<h4><strong>V\u00edtima conduzia carro com placas de Lupion\u00f3polis (PR) quando saiu da pista e colidiu com uma \u00e1rvore. Na BR-354, tr\u00eas pessoas morreram em colis\u00e3o frontal entre dois ve\u00edculos.<\/strong><\/h4>\n<div id=\"fb-root\"><\/div>\n<p>\t\t\t\t<script>(function(d, s, id) {\n\t\t\t\t  var js, fjs = d.getElementsByTagName(s)[0];\n\t\t\t\t  if (d.getElementById(id)) return;\n\t\t\t\t  js = d.createElement(s); js.id = id;\n\t\t\t\t  js.src = \"\/\/connect.facebook.net\/pt_BR\/sdk.js#xfbml=1&appId=691575364226355&version=v2.0\";\n\t\t\t\t  fjs.parentNode.insertBefore(js, fjs);\n\t\t\t\t}(document, 'script', 'facebook-jssdk'));<\/script><\/p>\n<div class=\"fb-like\" data-href=\"https:\/\/www.facebook.com\/aconteceunovale\" data-layout=\"button_count\" data-action=\"like\" data-show-faces=\"true\" data-share=\"true\"><\/div>\n<p><\/br><\/p>\n<p>Um motorista morreu, na madrugada desta segunda-feira (3), na MGC-259, na zona rural de Felixl\u00e2ndia, na regi\u00e3o Central de Minas Gerais. Depois de perder o controle do ve\u00edculo, o condutor bateu em \u00e1rvore e faleceu no local. <\/p>\n<p>De acordo com a Pol\u00edcia Militar Rodovi\u00e1ria, Joel Roberto da Silva, 56, seguia em um Fiat Uno Mille, no sentido Curvelo\/Felixl\u00e2ndia, quando, na altura do km 591, perdeu o controle da dire\u00e7\u00e3o, invadiu a contram\u00e3o, saiu da pista e bateu em uma \u00e1rvore.<\/p>\n<p>Silva morreu no local e ficou com o corpo preso \u00e0s ferragens, sendo retirado pelo Corpo de Bombeiros e encaminhado para o Instituto M\u00e9dico Legal de Curvelo. O carro teve perda total.<\/p>\n<p><img decoding=\"async\" src=\"http:\/\/aconteceunovale.com.br\/portal\/wp-content\/uploads\/2014\/11\/acidente_felixlandia.jpg\" alt=\"\" \/><em>Motorista do Uno morreu no local do acidente &#8211; Foto: Divulga\u00e7\u00e3o\/Pol\u00edcia Militar<\/em><br \/>\n<\/br><\/p>\n<h4>Acidente na BR-354<\/h4>\n<p>Tr\u00eas pessoas morreram em uma colis\u00e3o frontal entre dois carros, na BR-354, em Cana Verde, na regi\u00e3o Centro-Oeste de Minas Gerais, na noite desse domingo (2). Outras tr\u00eas pessoas ficaram feridas.<\/p>\n<p>De acordo com a Pol\u00edcia Militar Rodovi\u00e1ria, o condutor de um Fiat Siena realizou uma ultrapassagem em um local proibido e acabou deparando com um Fiat Palio, que seguia no sentido contr\u00e1rio. A batida aconteceu na altura do km 581, em uma subida.<\/p>\n<p>Com a colis\u00e3o, o motorista do Palio, Allan Silva Nascimento, 22, e o passageiro Vitor de Oliveira Silva, 58, morreram no local e ficaram com os corpos presos \u00e0 ferragens. Outros tr\u00eas passageiros desse ve\u00edculo tiveram ferimentos, sendo um grave e os outros dois leves. <\/p>\n<p>O condutor do Siena, Gustavo Roque da Silva, 20, chegou a ser socorrido por uma equipe do Corpo de Bombeiros, mas n\u00e3o resistiu aos ferimentos e morreu.<\/p>\n<p><img decoding=\"async\" src=\"http:\/\/aconteceunovale.com.br\/portal\/wp-content\/uploads\/2014\/11\/acidente_cana_verde.jpg\" alt=\"\" \/><em>Ultrapassagem em local proibido acabou na colis\u00e3o frontal &#8211; Foto: Divulga\u00e7\u00e3o\/PMRv<\/em><br \/>\n<\/br><\/p>\n<p><em><strong>(O Tempo Online)<\/strong><\/em><\/p>\n","protected":false},"excerpt":{"rendered":"<p>V\u00edtima conduzia carro com placas de Lupion\u00f3polis (PR) quando saiu da pista e colidiu com uma \u00e1rvore. Na BR-354, tr\u00eas pessoas morreram em colis\u00e3o frontal entre dois ve\u00edculos. Um motorista morreu, na madrugada desta segunda-feira (3), na MGC-259, na zona rural de Felixl\u00e2ndia, na regi\u00e3o Central de Minas Gerais. Depois de perder o controle do [&hellip;]<\/p>\n","protected":false},"author":1,"featured_media":44289,"comment_status":"open","ping_status":"closed","sticky":false,"template":"","format":"standard","meta":{"amp_status":"","footnotes":""},"categories":[123],"tags":[21593,21592,21594,1630,21589,197,1271,21596,21597,21591,21590,21595],"class_list":["post-44259","post","type-post","status-publish","format-standard","has-post-thumbnail","hentry","category-gerais","tag-acidente-em-cana-verde","tag-acidente-em-felixlandia","tag-allan-silva-nascimento","tag-cana-verde","tag-carro-com-placas-de-lupionopolis","tag-curvelo","tag-felixlandia","tag-gustavo-roque-da-silva","tag-homem-de-56-anos-morre-apos-bater-o-carro-em-arvore-na-zona-rural-de-felixlandia","tag-joel-roberto-da-silva","tag-lupionopolis","tag-vitor-de-oliveira-silva"],"_links":{"self":[{"href":"https:\/\/aconteceunovale.com.br\/portal\/index.php?rest_route=\/wp\/v2\/posts\/44259","targetHints":{"allow":["GET"]}}],"collection":[{"href":"https:\/\/aconteceunovale.com.br\/portal\/index.php?rest_route=\/wp\/v2\/posts"}],"about":[{"href":"https:\/\/aconteceunovale.com.br\/portal\/index.php?rest_route=\/wp\/v2\/types\/post"}],"author":[{"embeddable":true,"href":"https:\/\/aconteceunovale.com.br\/portal\/index.php?rest_route=\/wp\/v2\/users\/1"}],"replies":[{"embeddable":true,"href":"https:\/\/aconteceunovale.com.br\/portal\/index.php?rest_route=%2Fwp%2Fv2%2Fcomments&post=44259"}],"version-history":[{"count":0,"href":"https:\/\/aconteceunovale.com.br\/portal\/index.php?rest_route=\/wp\/v2\/posts\/44259\/revisions"}],"wp:featuredmedia":[{"embeddable":true,"href":"https:\/\/aconteceunovale.com.br\/portal\/index.php?rest_route=\/wp\/v2\/media\/44289"}],"wp:attachment":[{"href":"https:\/\/aconteceunovale.com.br\/portal\/index.php?rest_route=%2Fwp%2Fv2%2Fmedia&parent=44259"}],"wp:term":[{"taxonomy":"category","embeddable":true,"href":"https:\/\/aconteceunovale.com.br\/portal\/index.php?rest_route=%2Fwp%2Fv2%2Fcategories&post=44259"},{"taxonomy":"post_tag","embeddable":true,"href":"https:\/\/aconteceunovale.com.br\/portal\/index.php?rest_route=%2Fwp%2Fv2%2Ftags&post=44259"}],"curies":[{"name":"wp","href":"https:\/\/api.w.org\/{rel}","templated":true}]}}