{"id":44257,"date":"2014-11-03T08:59:07","date_gmt":"2014-11-03T11:59:07","guid":{"rendered":"http:\/\/aconteceunovale.com.br\/portal\/?p=44257"},"modified":"2014-11-03T08:59:07","modified_gmt":"2014-11-03T11:59:07","slug":"jovem-de-17-anos-e-sequestrada-pelo-ex-namorado-em-carai","status":"publish","type":"post","link":"https:\/\/aconteceunovale.com.br\/portal\/?p=44257","title":{"rendered":"Jovem de 17 anos \u00e9 sequestrada pelo ex-namorado em Cara\u00ed"},"content":{"rendered":"<h4><em><strong>Jovem teria tirado a adolescente de dentro de casa e amea\u00e7ado atirar em seus pais.<\/strong><\/em><\/h4>\n<div id=\"fb-root\"><\/div>\n<p>\t\t\t\t<script>(function(d, s, id) {\n\t\t\t\t  var js, fjs = d.getElementsByTagName(s)[0];\n\t\t\t\t  if (d.getElementById(id)) return;\n\t\t\t\t  js = d.createElement(s); js.id = id;\n\t\t\t\t  js.src = \"\/\/connect.facebook.net\/pt_BR\/sdk.js#xfbml=1&appId=691575364226355&version=v2.0\";\n\t\t\t\t  fjs.parentNode.insertBefore(js, fjs);\n\t\t\t\t}(document, 'script', 'facebook-jssdk'));<\/script><\/p>\n<div class=\"fb-like\" data-href=\"https:\/\/www.facebook.com\/aconteceunovale\" data-layout=\"button_count\" data-action=\"like\" data-show-faces=\"true\" data-share=\"true\"><\/div>\n<p><\/br><\/p>\n<p>Uma adolescente de 17 anos foi sequestrada pelo ex-namorado na noite de domingo, 2 de novembro, em Cara\u00ed, no Vale do Jequitinhonha. A pol\u00edcia faz rastreamento pela regi\u00e3o, mas at\u00e9 o momento nenhum dos dois foi localizado.  <\/p>\n<p>Segundo a Pol\u00edcia Milita, os pais da menor informaram que o jovem teria entrado na resid\u00eancia por volta de 21h e teria obrigado em menor a subir em uma motocicleta CG 125 Titan de cor escura que era conduzida por ele.  <\/p>\n<p>Ainda conforme os pais, eles tentaram impedir, mas o suspeito teria colocado a m\u00e3o sobre a blusa dando a entender que estaria armado e amea\u00e7ou atirar contra o casal.   <\/p>\n<p>Em seguida, ele saiu chutando as portas do im\u00f3vel e levou a ex-namorada na motocicleta. O caso est\u00e1 sendo investigado pela Pol\u00edcia Civil. (R7)<\/p>\n","protected":false},"excerpt":{"rendered":"<p>Jovem teria tirado a adolescente de dentro de casa e amea\u00e7ado atirar em seus pais. Uma adolescente de 17 anos foi sequestrada pelo ex-namorado na noite de domingo, 2 de novembro, em Cara\u00ed, no Vale do Jequitinhonha. A pol\u00edcia faz rastreamento pela regi\u00e3o, mas at\u00e9 o momento nenhum dos dois foi localizado. Segundo a Pol\u00edcia [&hellip;]<\/p>\n","protected":false},"author":1,"featured_media":14204,"comment_status":"open","ping_status":"closed","sticky":false,"template":"","format":"standard","meta":{"amp_status":"","footnotes":""},"categories":[120],"tags":[490,21587,21588],"class_list":["post-44257","post","type-post","status-publish","format-standard","has-post-thumbnail","hentry","category-jequi","tag-carai","tag-jovem-de-17-anos-e-sequestrada-pelo-ex-namorado-em-carai","tag-sequestro-em-carai"],"_links":{"self":[{"href":"https:\/\/aconteceunovale.com.br\/portal\/index.php?rest_route=\/wp\/v2\/posts\/44257","targetHints":{"allow":["GET"]}}],"collection":[{"href":"https:\/\/aconteceunovale.com.br\/portal\/index.php?rest_route=\/wp\/v2\/posts"}],"about":[{"href":"https:\/\/aconteceunovale.com.br\/portal\/index.php?rest_route=\/wp\/v2\/types\/post"}],"author":[{"embeddable":true,"href":"https:\/\/aconteceunovale.com.br\/portal\/index.php?rest_route=\/wp\/v2\/users\/1"}],"replies":[{"embeddable":true,"href":"https:\/\/aconteceunovale.com.br\/portal\/index.php?rest_route=%2Fwp%2Fv2%2Fcomments&post=44257"}],"version-history":[{"count":0,"href":"https:\/\/aconteceunovale.com.br\/portal\/index.php?rest_route=\/wp\/v2\/posts\/44257\/revisions"}],"wp:featuredmedia":[{"embeddable":true,"href":"https:\/\/aconteceunovale.com.br\/portal\/index.php?rest_route=\/wp\/v2\/media\/14204"}],"wp:attachment":[{"href":"https:\/\/aconteceunovale.com.br\/portal\/index.php?rest_route=%2Fwp%2Fv2%2Fmedia&parent=44257"}],"wp:term":[{"taxonomy":"category","embeddable":true,"href":"https:\/\/aconteceunovale.com.br\/portal\/index.php?rest_route=%2Fwp%2Fv2%2Fcategories&post=44257"},{"taxonomy":"post_tag","embeddable":true,"href":"https:\/\/aconteceunovale.com.br\/portal\/index.php?rest_route=%2Fwp%2Fv2%2Ftags&post=44257"}],"curies":[{"name":"wp","href":"https:\/\/api.w.org\/{rel}","templated":true}]}}