{"id":44191,"date":"2014-11-02T12:32:02","date_gmt":"2014-11-02T15:32:02","guid":{"rendered":"http:\/\/aconteceunovale.com.br\/portal\/?p=44191"},"modified":"2014-11-02T12:33:34","modified_gmt":"2014-11-02T15:33:34","slug":"44191","status":"publish","type":"post","link":"https:\/\/aconteceunovale.com.br\/portal\/?p=44191","title":{"rendered":"Ocorr\u00eancias em destaque nos Vales do Jequitinhonha, Rio Doce e Mucuri &#8211; 02 de novembro de 2014"},"content":{"rendered":"<h4><strong>Bandidos tentam arrombar banco em Itaip\u00e9<\/strong><\/h4>\n<div id=\"fb-root\"><\/div>\n<p>\t\t\t\t<script>(function(d, s, id) {\n\t\t\t\t  var js, fjs = d.getElementsByTagName(s)[0];\n\t\t\t\t  if (d.getElementById(id)) return;\n\t\t\t\t  js = d.createElement(s); js.id = id;\n\t\t\t\t  js.src = \"\/\/connect.facebook.net\/pt_BR\/sdk.js#xfbml=1&appId=691575364226355&version=v2.0\";\n\t\t\t\t  fjs.parentNode.insertBefore(js, fjs);\n\t\t\t\t}(document, 'script', 'facebook-jssdk'));<\/script><\/p>\n<div class=\"fb-like\" data-href=\"https:\/\/www.facebook.com\/aconteceunovale\" data-layout=\"button_count\" data-action=\"like\" data-show-faces=\"true\" data-share=\"true\"><\/div>\n<p><\/br><\/p>\n<p>Uma ag\u00eancia do banco Ita\u00fa foi alvo de criminosos na madrugada de s\u00e1bado, 1\u00ba de novembro, em Itaip\u00e9, no Vale do Mucuri. De acordo com o registro de ocorr\u00eancias da Pol\u00edcia Militar, a central de monitoramento da empresa identificou a a\u00e7\u00e3o de dois indiv\u00edduos tentando arrombar os caixas eletr\u00f4nicos da ag\u00eancia localizada na regi\u00e3o central da cidade.<\/p>\n<p>De imediato, policiais militares se deslocaram at\u00e9 o local, e em contato preliminar com a v\u00edtima A.S.L, este informou que quando passava pela rua, foi abordado por um indiv\u00edduo que pediu um isqueiro emprestado e disse que iria assaltar o banco. A v\u00edtima ainda relatou que o homem efetuou diversos disparos em via p\u00fablica e o atingiu na altura do joelho da perna esquerda.<\/p>\n<p>No local, os militares encontraram uma ferramenta conhecida como p\u00e9 de cabra que foi utilizada para arrombar as portas da frente bem como os dois caixas eletr\u00f4nicos que tinham no interior da agencia banc\u00e1ria, por\u00e9m nenhuma quantia em dinheiro foi subtra\u00edda. <\/p>\n<p>A Pol\u00edcia Militar realizou rastreamentos com intuito de localizar os suspeitos do crime, por\u00e9m at\u00e9 o momento sem \u00eaxito.<br \/>\n<\/br><\/p>\n<h4><strong>Pol\u00edcia Militar prende traficantes no Bairro Frei Dimas em Te\u00f3filo Otoni<\/strong><\/h4>\n<div id=\"fb-root\"><\/div>\n<p>\t\t\t\t<script>(function(d, s, id) {\n\t\t\t\t  var js, fjs = d.getElementsByTagName(s)[0];\n\t\t\t\t  if (d.getElementById(id)) return;\n\t\t\t\t  js = d.createElement(s); js.id = id;\n\t\t\t\t  js.src = \"\/\/connect.facebook.net\/pt_BR\/sdk.js#xfbml=1&appId=691575364226355&version=v2.0\";\n\t\t\t\t  fjs.parentNode.insertBefore(js, fjs);\n\t\t\t\t}(document, 'script', 'facebook-jssdk'));<\/script><\/p>\n<div class=\"fb-like\" data-href=\"https:\/\/www.facebook.com\/aconteceunovale\" data-layout=\"button_count\" data-action=\"like\" data-show-faces=\"true\" data-share=\"true\"><\/div>\n<p><\/br><\/p>\n<p>Dois suspeitos de tr\u00e1fico de drogas foram presos na noite de s\u00e1bado, 1\u00ba de novembro, em Te\u00f3filo Otoni, no Vale do Mucuri. De acordo com a Pol\u00edcia Militar, equipes policiais compareceram a Rua Nilza C\u00e2ndida, no bairro Frei Dimas, onde localizaram os suspeitos I.G.S, de 18 anos, e R.R.O, de 24. Com eles foram encontrados sete pinos de coca\u00edna, treze pedras de crack, um aparelho de celular e a a quantia de R$ 14 reais. <\/p>\n<p>Um terceiro envolvido, identificado pelas iniciais N.R.S, de 19 anos, conseguiu fugir do local. Durante a fuga ele deixou cair um carregador de pistola, calibre 9mm. Os autores foram conduzidos, juntamente com os materiais descritos, \u00e0 Delegacia de Pol\u00edcia Civil.<br \/>\n<\/br><\/p>\n<h4><strong>Traficante \u00e9 preso no bairro Funcion\u00e1rios em Te\u00f3filo Otoni<\/strong><\/h4>\n<div id=\"fb-root\"><\/div>\n<p>\t\t\t\t<script>(function(d, s, id) {\n\t\t\t\t  var js, fjs = d.getElementsByTagName(s)[0];\n\t\t\t\t  if (d.getElementById(id)) return;\n\t\t\t\t  js = d.createElement(s); js.id = id;\n\t\t\t\t  js.src = \"\/\/connect.facebook.net\/pt_BR\/sdk.js#xfbml=1&appId=691575364226355&version=v2.0\";\n\t\t\t\t  fjs.parentNode.insertBefore(js, fjs);\n\t\t\t\t}(document, 'script', 'facebook-jssdk'));<\/script><\/p>\n<div class=\"fb-like\" data-href=\"https:\/\/www.facebook.com\/aconteceunovale\" data-layout=\"button_count\" data-action=\"like\" data-show-faces=\"true\" data-share=\"true\"><\/div>\n<p><\/br><\/p>\n<p>Um suspeito de tr\u00e1fico de drogas foi preso na madrugada deste domingo, 2 de novembro, no bairro Funcion\u00e1rios, em Te\u00f3filo Otoni. De acordo com a Pol\u00edcia Militar, durante patrulhamento na Rua Manoel Ferreira dos Santos, um indiv\u00edduo arremessou um inv\u00f3lucro dentro de um quintal ao perceber a aproxima\u00e7\u00e3o de uma viatura policial.<\/p>\n<p>O autor A.C.O, de 32 anos, foi abordado e com ele foi encontrado a quantia de R$ 50,00. Ao acessar o quintal, os militares localizaram um saco pl\u00e1stico contendo dezesseis pedras de crack.<\/p>\n<p>Diante do exposto foi dada voz de pris\u00e3o ao autor, sendo este conduzido \u00e0 Delegacia de Pol\u00edcia Civil, juntamente com o material apreendido. Ap\u00f3s consulta ao Sistema REDS, constatou-se haver um mandado de pris\u00e3o em desfavor do autor.<br \/>\n<\/br><\/p>\n<h4><strong>Dois indiv\u00edduos armados roubam motocicleta no distrito de Mucuri<\/strong><\/h4>\n<div id=\"fb-root\"><\/div>\n<p>\t\t\t\t<script>(function(d, s, id) {\n\t\t\t\t  var js, fjs = d.getElementsByTagName(s)[0];\n\t\t\t\t  if (d.getElementById(id)) return;\n\t\t\t\t  js = d.createElement(s); js.id = id;\n\t\t\t\t  js.src = \"\/\/connect.facebook.net\/pt_BR\/sdk.js#xfbml=1&appId=691575364226355&version=v2.0\";\n\t\t\t\t  fjs.parentNode.insertBefore(js, fjs);\n\t\t\t\t}(document, 'script', 'facebook-jssdk'));<\/script><\/p>\n<div class=\"fb-like\" data-href=\"https:\/\/www.facebook.com\/aconteceunovale\" data-layout=\"button_count\" data-action=\"like\" data-show-faces=\"true\" data-share=\"true\"><\/div>\n<p><\/br><\/p>\n<p>Dois indiv\u00edduos armados roubaram uma motocicleta na manh\u00e3 de sexta-feira, 31 de outubro, no distrit ode Mucuri, em Te\u00f3filo Otoni. De acordo com a PM, a v\u00edtima relatou que por volta das 6 horas da manh\u00e3 foi surpreendida por dois indiv\u00edduos que chegaram em um ve\u00edculo Fiat Strada, tendo um deles permanecido na dire\u00e7\u00e3o do ve\u00edculo, enquanto o outro, armado com uma pistola, desceu do ve\u00edculo, aproximou-se e anunciou o assalto.<\/p>\n<p>O assaltante subtraiu sua motocicleta Honda CG FAN 150, placa HEU-3782, cor vermelha, bem como exigiu e levou sua carteira, contendo a quantia de R$ 180,00, al\u00e9m dos seus documentos pessoais e do referido ve\u00edculo. <\/p>\n<p>Ap\u00f3s o feito criminoso, os autores evadiram do local em sentido \u00e0 rodovia BR-116. Foram realizados rastreamentos e estes ainda continuam com intuito de localizar os autores do roubo.<br \/>\n<\/br><\/p>\n<h4><strong>Motociclista \u00e9 preso traficando drogas em Te\u00f3filo Otoni<\/strong><\/h4>\n<div id=\"fb-root\"><\/div>\n<p>\t\t\t\t<script>(function(d, s, id) {\n\t\t\t\t  var js, fjs = d.getElementsByTagName(s)[0];\n\t\t\t\t  if (d.getElementById(id)) return;\n\t\t\t\t  js = d.createElement(s); js.id = id;\n\t\t\t\t  js.src = \"\/\/connect.facebook.net\/pt_BR\/sdk.js#xfbml=1&appId=691575364226355&version=v2.0\";\n\t\t\t\t  fjs.parentNode.insertBefore(js, fjs);\n\t\t\t\t}(document, 'script', 'facebook-jssdk'));<\/script><\/p>\n<div class=\"fb-like\" data-href=\"https:\/\/www.facebook.com\/aconteceunovale\" data-layout=\"button_count\" data-action=\"like\" data-show-faces=\"true\" data-share=\"true\"><\/div>\n<p><\/br><\/p>\n<p>Dois homens de 22 e 27 anos foram presos por tr\u00e1fico de drogas na noite de sexta-feira, 31 de outubro, no bairro Bela Vista, em Te\u00f3filo Otoni, no Vale do Mucuri. <\/p>\n<p>De acordo com a Pol\u00edcia Militar, durante patrulhamento na Rua Rachid Handeri, uma guarni\u00e7\u00e3o deparou com uma moto Titan CG 150, cor vermelha, com dois indiv\u00edduos, sendo que, o autor L.A.S (condutor da motocicleta), ao avistar a viatura, passou rapidamente um embrulho para o autor L.P.A.C (passageiro), momento em que os militares abordaram os autores, encontrando o referido embrulho contendo 34 c\u00e1psulas de pl\u00e1sticos transparente contendo coca\u00edna e um aparelho celular. <\/p>\n<p>Ao efetuarem busca no condutor da moto, os militares localizaram no bolso direito da sua bermuda, uma c\u00e1psula de pl\u00e1stico transparente contendo coca\u00edna e dentro da pochete que ele portava foi encontrada a quantia de R$ 410,00 em dinheiro. <\/p>\n<p>Os militares deslocaram at\u00e9 a resid\u00eancia do autor L.A.S, onde, localizaram dentro do banheiro, um bolsa vermelha contendo as 629 gramas de maconha, 299 pedras de Crack (pequenas) e v\u00e1rias pedras de Crack (grandes) pesando aproximadamente 327 gramas. Em um buraco localizado na parede da resid\u00eancia, os militares localizaram 07 cartuchos de muni\u00e7\u00e3o calibre 32 intactos. <\/p>\n<p>Os autores, juntamente com as drogas e materiais apreendidos, foram presos e conduzidos para a Delegacia de Pol\u00edcia para demais provid\u00eancias.<br \/>\n<\/br><\/p>\n<h4><strong>Bandidos levam R$ 2000 de posto de combust\u00edveis em Rio do Prado<\/strong><\/h4>\n<div id=\"fb-root\"><\/div>\n<p>\t\t\t\t<script>(function(d, s, id) {\n\t\t\t\t  var js, fjs = d.getElementsByTagName(s)[0];\n\t\t\t\t  if (d.getElementById(id)) return;\n\t\t\t\t  js = d.createElement(s); js.id = id;\n\t\t\t\t  js.src = \"\/\/connect.facebook.net\/pt_BR\/sdk.js#xfbml=1&appId=691575364226355&version=v2.0\";\n\t\t\t\t  fjs.parentNode.insertBefore(js, fjs);\n\t\t\t\t}(document, 'script', 'facebook-jssdk'));<\/script><\/p>\n<div class=\"fb-like\" data-href=\"https:\/\/www.facebook.com\/aconteceunovale\" data-layout=\"button_count\" data-action=\"like\" data-show-faces=\"true\" data-share=\"true\"><\/div>\n<p><\/br><\/p>\n<p>Um posto de combust\u00edveis foi assaltado na tarde de s\u00e1bado, 1\u00ba de novembro, em Rio do Prado, no Vale do Jequitinhonha. De acordo com a Pol\u00edcia Militar, a v\u00edtima relatou que dois indiv\u00edduos, em uma motocicleta, chegaram ao local e anunciaram o assalto com uma arma de fogo. Os autores fugiram do local levando a quantia de R$ 2000,00. A Pol\u00edcia Militar realizou rastreamentos, por\u00e9m, at\u00e9 o momento os meliantes n\u00e3o foram identificados.<br \/>\n<\/br><\/p>\n<h4><strong>Foragido da justi\u00e7a amea\u00e7a militares durante pris\u00e3o em Almenara<\/strong><\/h4>\n<div id=\"fb-root\"><\/div>\n<p>\t\t\t\t<script>(function(d, s, id) {\n\t\t\t\t  var js, fjs = d.getElementsByTagName(s)[0];\n\t\t\t\t  if (d.getElementById(id)) return;\n\t\t\t\t  js = d.createElement(s); js.id = id;\n\t\t\t\t  js.src = \"\/\/connect.facebook.net\/pt_BR\/sdk.js#xfbml=1&appId=691575364226355&version=v2.0\";\n\t\t\t\t  fjs.parentNode.insertBefore(js, fjs);\n\t\t\t\t}(document, 'script', 'facebook-jssdk'));<\/script><\/p>\n<div class=\"fb-like\" data-href=\"https:\/\/www.facebook.com\/aconteceunovale\" data-layout=\"button_count\" data-action=\"like\" data-show-faces=\"true\" data-share=\"true\"><\/div>\n<p><\/br><\/p>\n<p>Um foragido da justi\u00e7a foi preso na manh\u00e3 deste domingo, 2 de novembro, em Almenara, no Vale do Jequitinhonha. De acordo com a Pol\u00edcia Militar, C.P.S, de 23 anos, tentou evadir ao visualizar uma viatura policial. Ele foi abordado, e durante consulta sistema foi constatado que havia um mandado de pris\u00e3o em seu desfavor, expedida pelo Banco Nacional de Mandados de Pris\u00e3o do Conselho Nacional de Justi\u00e7a.<\/p>\n<p>Diante do exposto, o homem foi conduzido at\u00e9 a Delegacia e durante a confec\u00e7\u00e3o do registro de ocorr\u00eancia, este desacatou os militares com adjetivos pejorativos e os amea\u00e7aram, com dizeres como: &#8220;&#8230;quando eu sair da cadeia, eu vou matar todos voc\u00eas&#8230; Podem esperar, vou matar voc\u00eas&#8221;.<br \/>\n<\/br><\/p>\n<h4><strong>Jovem \u00e9 executado a tiros no Bandeirantes em Tim\u00f3teo<\/strong><\/h4>\n<div id=\"fb-root\"><\/div>\n<p>\t\t\t\t<script>(function(d, s, id) {\n\t\t\t\t  var js, fjs = d.getElementsByTagName(s)[0];\n\t\t\t\t  if (d.getElementById(id)) return;\n\t\t\t\t  js = d.createElement(s); js.id = id;\n\t\t\t\t  js.src = \"\/\/connect.facebook.net\/pt_BR\/sdk.js#xfbml=1&appId=691575364226355&version=v2.0\";\n\t\t\t\t  fjs.parentNode.insertBefore(js, fjs);\n\t\t\t\t}(document, 'script', 'facebook-jssdk'));<\/script><\/p>\n<div class=\"fb-like\" data-href=\"https:\/\/www.facebook.com\/aconteceunovale\" data-layout=\"button_count\" data-action=\"like\" data-show-faces=\"true\" data-share=\"true\"><\/div>\n<p><\/br><\/p>\n<p>Dois jovens s\u00e3o procurados, acusados de um homic\u00eddio na tarde deste s\u00e1bado, 1\u00ba de novembro, no bairro Bandeirantes, em Tim\u00f3teo, no Vale do A\u00e7o. A ocorr\u00eancia foi registrada por volta das 16h deste s\u00e1bado, na rua D. Cl\u00e1udio Martins de Lima, 19 anos, foi encontrado ca\u00eddo ao solo, v\u00edtima de disparos de arma de fogo, alvejado com quatro tiros na cabe\u00e7a e um de rasp\u00e3o no peito.<\/p>\n<p>Vizinhos do local informaram que escutaram v\u00e1rios disparos de arma de fogo e, quando foram averiguar, encontraram Cl\u00e1udio alvejado a tiros e  avistaram dois jovens, um deles moreno e outro claro, ambos trajando cal\u00e7a jeans e camisa preta, que tentavam ligar uma motocicleta Honda Bros de cor preta, sem placa de identifica\u00e7\u00e3o.<\/p>\n<p>A pol\u00edcia descobriu que a motocicleta Honda Bros de cor preta, foi tomada de assalto no dia 23 de outubro. A moto n\u00e3o funcionou e os dois pegaram uma motocicleta XTZ 125 de cor preta placa HDE-1068, que estava estacionada nas proximidades com a chave na igni\u00e7\u00e3o, e fugiram.<\/p>\n<p>Familiares de Cl\u00e1udio informaram que um dos atiradores tratava-se de D.S.S, o Dedei. Na apura\u00e7\u00e3o do caso, a pol\u00edcia chegou \u00e0 identidade do suspeito de ser o comparsa, D.P.B.<\/p>\n<p>Na fuga os dois acusados do homic\u00eddio no bairro Bandeirantes abandonaram a motocicleta XTZ na avenida Amazonas e tomaram de assalto o VW\/FOX, de cor prata, placas JQJ-2643, da v\u00edtima F.A.R., que estava estacionado na rua Cruzeiro do Sul, no bairro Novo Tempo e mantiveram a fuga.<\/p>\n<p>O veiculo foi localizado abandonado com um dos pneus traseiro estourado, na estrada da ponte Mau\u00e1, que d\u00e1 acesso ao contorno rodovi\u00e1rio da BR-381. No interior do ve\u00edculo foi localizado um estojo de muni\u00e7\u00e3o calibre 38.  <\/p>\n<p>Uma equipe da PM iniciou o rastreamento dentro de uma \u00e1rea com vegeta\u00e7\u00e3o e avistou os dois suspeitos. Escutaram disparos de arma de fogo e localizaram a dupla.<\/p>\n<p>Os policiais relataram que o jovem armado chegou a apontar a arma em dire\u00e7\u00e3o a equipe, e um dos militares efetuou disparos, sem acertar os jovens, que se separaram no meio do mato.<\/p>\n<p>Foram encontrados abandonados pelos dois, tr\u00eas capacetes, uma touca ninja, uma blusa moleton, um cord\u00e3o prateado e um rev\u00f3lver Taurus, calibre 38 com numera\u00e7\u00e3o raspada, municiado com dois cartuchos deflagrados. Os suspeitos mantiveram a fuga e ainda s\u00e3o procurados pela pol\u00edcia. Dedei, um dos acusados de envolvimento no crime, tem passagens por homic\u00eddio \u00e9 acusado da morte de um adolescente no bairro Primavera e j\u00e1 foi preso por manter uma planta\u00e7\u00e3o de maconha em uma mata, tamb\u00e9m no bairro  Primavera.<\/p>\n<p>Nas buscas na mata policiais descobriram porque, em fuga, os dois suspeitos fizeram dois disparos. Eles encontraram em uma estrada \u00e0 margem do contorno rodovi\u00e1rio J.P., e o abordaram. O homem contou que reagiu ao assalto e segurou a arma na m\u00e3o do jovem armado. Ele conseguiu se soltar e fez dois disparos, sem atingir a v\u00edtima.<\/p>\n","protected":false},"excerpt":{"rendered":"<p>Bandidos tentam arrombar banco em Itaip\u00e9 Uma ag\u00eancia do banco Ita\u00fa foi alvo de criminosos na madrugada de s\u00e1bado, 1\u00ba de novembro, em Itaip\u00e9, no Vale do Mucuri. De acordo com o registro de ocorr\u00eancias da Pol\u00edcia Militar, a central de monitoramento da empresa identificou a a\u00e7\u00e3o de dois indiv\u00edduos tentando arrombar os caixas eletr\u00f4nicos [&hellip;]<\/p>\n","protected":false},"author":1,"featured_media":42404,"comment_status":"open","ping_status":"closed","sticky":false,"template":"","format":"standard","meta":{"amp_status":"","footnotes":""},"categories":[122],"tags":[21471,142,21476,21472,21475,21474,21483,21477,21473,21467,191,21481,21479,21480,21478,21469,21482,21466,3928,21468,164,1105,21470],"class_list":["post-44191","post","type-post","status-publish","format-standard","has-post-thumbnail","hentry","category-mucuri","tag-adriano-da-costa-oliveira","tag-almenara","tag-assalto-no-banco-itau-de-itaipe","tag-bandidos-levam-r-2000-de-posto-de-combustiveis-em-rio-do-prado","tag-bandidos-tentam-arrombar-banco-em-itaipe","tag-carlos-pereira-santos","tag-claudio-martins-de-lima","tag-dois-individuos-armados-roubam-motocicleta-no-distrito-de-mucuri","tag-foragido-da-justica-ameaca-militares-durante-prisao-em-almenara","tag-igor-gouveia-da-silva","tag-itaipe","tag-jovem-e-executado-a-tiros-no-bandeirantes-em-timoteo","tag-leandro-amaral-dos-santos","tag-lucimar-pacheco-de-amorim-costa","tag-motociclista-e-preso-traficando-drogas-em-teofilo-otoni","tag-nickolas-rodrigues-dos-santos","tag-ocorrencias-em-destaque-nos-vales-do-jequitinhonha-rio-doce-e-mucuri-02-de-novembro-de-2014","tag-policia-militar-prende-traficantes-no-bairro-frei-dimas-em-teofilo-otoni","tag-rio-do-prado","tag-rodrigo-ribeiro-de-oliveira","tag-teofilo-otoni","tag-timoteo","tag-traficante-e-preso-no-bairro-funcionarios-em-teofilo-otoni"],"_links":{"self":[{"href":"https:\/\/aconteceunovale.com.br\/portal\/index.php?rest_route=\/wp\/v2\/posts\/44191","targetHints":{"allow":["GET"]}}],"collection":[{"href":"https:\/\/aconteceunovale.com.br\/portal\/index.php?rest_route=\/wp\/v2\/posts"}],"about":[{"href":"https:\/\/aconteceunovale.com.br\/portal\/index.php?rest_route=\/wp\/v2\/types\/post"}],"author":[{"embeddable":true,"href":"https:\/\/aconteceunovale.com.br\/portal\/index.php?rest_route=\/wp\/v2\/users\/1"}],"replies":[{"embeddable":true,"href":"https:\/\/aconteceunovale.com.br\/portal\/index.php?rest_route=%2Fwp%2Fv2%2Fcomments&post=44191"}],"version-history":[{"count":0,"href":"https:\/\/aconteceunovale.com.br\/portal\/index.php?rest_route=\/wp\/v2\/posts\/44191\/revisions"}],"wp:featuredmedia":[{"embeddable":true,"href":"https:\/\/aconteceunovale.com.br\/portal\/index.php?rest_route=\/wp\/v2\/media\/42404"}],"wp:attachment":[{"href":"https:\/\/aconteceunovale.com.br\/portal\/index.php?rest_route=%2Fwp%2Fv2%2Fmedia&parent=44191"}],"wp:term":[{"taxonomy":"category","embeddable":true,"href":"https:\/\/aconteceunovale.com.br\/portal\/index.php?rest_route=%2Fwp%2Fv2%2Fcategories&post=44191"},{"taxonomy":"post_tag","embeddable":true,"href":"https:\/\/aconteceunovale.com.br\/portal\/index.php?rest_route=%2Fwp%2Fv2%2Ftags&post=44191"}],"curies":[{"name":"wp","href":"https:\/\/api.w.org\/{rel}","templated":true}]}}