{"id":44187,"date":"2014-11-02T11:21:15","date_gmt":"2014-11-02T14:21:15","guid":{"rendered":"http:\/\/aconteceunovale.com.br\/portal\/?p=44187"},"modified":"2014-11-02T11:22:40","modified_gmt":"2014-11-02T14:22:40","slug":"colisao-entre-duas-motos-deixa-um-morto-e-cinco-feridos-em-aracuai","status":"publish","type":"post","link":"https:\/\/aconteceunovale.com.br\/portal\/?p=44187","title":{"rendered":"Colis\u00e3o entre duas motos deixa um morto e cinco feridos em Ara\u00e7ua\u00ed"},"content":{"rendered":"<h4><em><strong>Acidente ocorreu no povoado da Vargem Grande, na zona rural de Ara\u00e7ua\u00ed. Um homem morreu e cinco pessoas ficaram feridas.<\/strong><\/em><\/h4>\n<div id=\"fb-root\"><\/div>\n<p>\t\t\t\t<script>(function(d, s, id) {\n\t\t\t\t  var js, fjs = d.getElementsByTagName(s)[0];\n\t\t\t\t  if (d.getElementById(id)) return;\n\t\t\t\t  js = d.createElement(s); js.id = id;\n\t\t\t\t  js.src = \"\/\/connect.facebook.net\/pt_BR\/sdk.js#xfbml=1&appId=691575364226355&version=v2.0\";\n\t\t\t\t  fjs.parentNode.insertBefore(js, fjs);\n\t\t\t\t}(document, 'script', 'facebook-jssdk'));<\/script><\/p>\n<div class=\"fb-like\" data-href=\"https:\/\/www.facebook.com\/aconteceunovale\" data-layout=\"button_count\" data-action=\"like\" data-show-faces=\"true\" data-share=\"true\"><\/div>\n<p><\/br><\/p>\n<p>Um homem de 48 anos morreu e outras cinco pessoas ficaram feridas em um acidente envolvendo duas motocicletas no final da noite de s\u00e1bado, 1\u00ba de novembro, na altura do quil\u00f4metro 257 da LMG-342, no munic\u00edpio de Ara\u00e7ua\u00ed, no Vale do Jequitinhonha.<\/p>\n<p>De acordo com informa\u00e7\u00f5es do registro de ocorr\u00eancia da Pol\u00edcia Militar, uma equipe policial compareceu no povoado da Vargem Grande, onde depararam com a motocicleta Yamaha YBR, de cor preta, sem placa de identifica\u00e7\u00e3o, tombada na pista de rolamento, e com a motocicleta Honda CG 150 Titan, de cor azul, placa HBT-0296, \u00e0 margem da rodovia, bem como uma equipe do Servi\u00e7o de Atendimento M\u00f3vel de Urg\u00eancia (SAMU) prestando os primeiros atendimentos \u00e0s v\u00edtimas, que foram encaminhadas ao Hospital S\u00e3o Vicente de Paulo, em Ara\u00e7ua\u00ed.<\/p>\n<p>A v\u00edtima Modestino Santos Pereira, condutor da motocicleta Honda, foi hospitalizada com traumatismo craniano grave e n\u00e3o resistiu aos ferimentos, vindo a \u00f3bito. O condutor da moto Yamaha, Am\u00e9rico Lopes dos Santos, sofreu les\u00f5es na face e escoria\u00e7\u00f5es pelo corpo e passageira Inez Pedro Ferreira teve apenas ferimentos leves. Ainda ficaram feridos a passageira da moto Honda, Denise Santos Pereira, que sofreu fratura no bra\u00e7o e perna esquerda, e os pedestres Ataliba Carlos Pereira Neto, que teve fratura no tornozelo esquerdo e Seomara Pereira de Almeida, que sentia fortes dores nas pernas direita e esquerda, mas dispensou atendimento m\u00e9dico.<\/p>\n<p>Ainda segundo a PM, o condutor da motocicleta Yamaha, este relatou que transitava de Ara\u00e7ua\u00ed sentido o povoado de Itira e que ao se aproximar do local do acidente havia uma aglomera\u00e7\u00e3o de pessoas na margem da rodovia. O motociclista foi surpreendido por uma motocicleta que saiu da margem direita da pista, tentando atravessar a via. Ainda segundo o relato do condutor, ele n\u00e3o conseguiu evitar a colis\u00e3o. <\/p>\n<p>J\u00e1 a passageira da moto Honda disse aos policiais que n\u00e3o se lembrava de nada com rela\u00e7\u00e3o ao acidente, que se recordava apenas de ter chegado ao povoado e parado \u00e0 margem direita da pista.<\/p>\n<p>A v\u00edtima Ataliba, relatou que estava em p\u00e9 \u00e0 margem da rodovia, momento em que o condutor da moto Honda chegou ao local e parou na pista. A v\u00edtima disse tamb\u00e9m, que logo ap\u00f3s, o motociclista iniciou a travessia sem olhar para os lados, instante em que ocorreu a colis\u00e3o. Com o impacto, um dos ve\u00edculos o atingiu na perna esquerda, causando fratura no seu tornozelo esquerdo.<\/p>\n<p>Foi acionado o auto socorro que fez a remo\u00e7\u00e3o dos ve\u00edculos ao p\u00e1tio. O condutor da moto Yamaha, que n\u00e3o tem habilita\u00e7\u00e3o, assumiu o compromisso de se apresentar a Delegacia de Pol\u00edcia ap\u00f3s receber alta m\u00e9dica para demais provid\u00eancias.<\/p>\n","protected":false},"excerpt":{"rendered":"<p>Acidente ocorreu no povoado da Vargem Grande, na zona rural de Ara\u00e7ua\u00ed. Um homem morreu e cinco pessoas ficaram feridas. Um homem de 48 anos morreu e outras cinco pessoas ficaram feridas em um acidente envolvendo duas motocicletas no final da noite de s\u00e1bado, 1\u00ba de novembro, na altura do quil\u00f4metro 257 da LMG-342, no [&hellip;]<\/p>\n","protected":false},"author":1,"featured_media":44188,"comment_status":"open","ping_status":"closed","sticky":false,"template":"","format":"standard","meta":{"amp_status":"","footnotes":""},"categories":[120],"tags":[21459,21460,21456,186,21464,21458,21463,21462,21457,21461,21465],"class_list":["post-44187","post","type-post","status-publish","format-standard","has-post-thumbnail","hentry","category-jequi","tag-acidente-em-aracuai","tag-acidente-no-povoado-da-vargem-grande-em-aracuai","tag-americo-lopes-dos-santos","tag-aracuai","tag-ataliba-carlos-pereira-neto","tag-colisao-entre-duas-motos-deixa-um-morto-e-cinco-feridos-em-aracuai","tag-denise-santos-pereira","tag-inez-pedro-ferreira","tag-modestino-santos-pereira","tag-povoado-da-vargem-grande","tag-seomara-pereira-de-almeida"],"_links":{"self":[{"href":"https:\/\/aconteceunovale.com.br\/portal\/index.php?rest_route=\/wp\/v2\/posts\/44187","targetHints":{"allow":["GET"]}}],"collection":[{"href":"https:\/\/aconteceunovale.com.br\/portal\/index.php?rest_route=\/wp\/v2\/posts"}],"about":[{"href":"https:\/\/aconteceunovale.com.br\/portal\/index.php?rest_route=\/wp\/v2\/types\/post"}],"author":[{"embeddable":true,"href":"https:\/\/aconteceunovale.com.br\/portal\/index.php?rest_route=\/wp\/v2\/users\/1"}],"replies":[{"embeddable":true,"href":"https:\/\/aconteceunovale.com.br\/portal\/index.php?rest_route=%2Fwp%2Fv2%2Fcomments&post=44187"}],"version-history":[{"count":0,"href":"https:\/\/aconteceunovale.com.br\/portal\/index.php?rest_route=\/wp\/v2\/posts\/44187\/revisions"}],"wp:featuredmedia":[{"embeddable":true,"href":"https:\/\/aconteceunovale.com.br\/portal\/index.php?rest_route=\/wp\/v2\/media\/44188"}],"wp:attachment":[{"href":"https:\/\/aconteceunovale.com.br\/portal\/index.php?rest_route=%2Fwp%2Fv2%2Fmedia&parent=44187"}],"wp:term":[{"taxonomy":"category","embeddable":true,"href":"https:\/\/aconteceunovale.com.br\/portal\/index.php?rest_route=%2Fwp%2Fv2%2Fcategories&post=44187"},{"taxonomy":"post_tag","embeddable":true,"href":"https:\/\/aconteceunovale.com.br\/portal\/index.php?rest_route=%2Fwp%2Fv2%2Ftags&post=44187"}],"curies":[{"name":"wp","href":"https:\/\/api.w.org\/{rel}","templated":true}]}}