{"id":44175,"date":"2014-11-01T19:48:20","date_gmt":"2014-11-01T22:48:20","guid":{"rendered":"http:\/\/aconteceunovale.com.br\/portal\/?p=44175"},"modified":"2014-11-01T19:49:58","modified_gmt":"2014-11-01T22:49:58","slug":"atos-em-quatro-capitais-pedem-impeachment-de-dilma-e-intervencao-militar","status":"publish","type":"post","link":"https:\/\/aconteceunovale.com.br\/portal\/?p=44175","title":{"rendered":"Atos em quatro capitais pedem impeachment de Dilma e interven\u00e7\u00e3o militar"},"content":{"rendered":"<h4><em><strong>Manifesta\u00e7\u00f5es aconteceram em S\u00e3o Paulo, Belo Horizonte, Bras\u00edlia e Curitiba. Atos, que reunir\u00e3o centenas pessoas, foram marcados tamb\u00e9m por provoca\u00e7\u00f5es entre simpatizantes da esquerda e da direita.<\/strong><\/em><\/h4>\n<div id=\"fb-root\"><\/div>\n<p>\t\t\t\t<script>(function(d, s, id) {\n\t\t\t\t  var js, fjs = d.getElementsByTagName(s)[0];\n\t\t\t\t  if (d.getElementById(id)) return;\n\t\t\t\t  js = d.createElement(s); js.id = id;\n\t\t\t\t  js.src = \"\/\/connect.facebook.net\/pt_BR\/sdk.js#xfbml=1&appId=691575364226355&version=v2.0\";\n\t\t\t\t  fjs.parentNode.insertBefore(js, fjs);\n\t\t\t\t}(document, 'script', 'facebook-jssdk'));<\/script><\/p>\n<div class=\"fb-like\" data-href=\"https:\/\/www.facebook.com\/aconteceunovale\" data-layout=\"button_count\" data-action=\"like\" data-show-faces=\"true\" data-share=\"true\"><\/div>\n<p><\/br><\/p>\n<p>&#8220;Boa tarde, rea\u00e7as&#8221;, cumprimentou ao microfone cerca de mil pessoas &#8211; segundo estimativa da Pol\u00edcia Militar &#8211; o empres\u00e1rio Paulo Martins, que foi candidato a deputado federal pelo PSC neste ano no Paran\u00e1. &#8220;\u00c9 ineg\u00e1vel que o PT constr\u00f3i uma ditadura no pa\u00eds&#8221;, acrescentou, sob fortes aplausos. O discurso, realizado em cima de um carro de som, foi feito em manifesta\u00e7\u00e3o a favor do impeachment da presidente Dilma Rousseff (PT), convocado pelas redes sociais para este s\u00e1bado (1\u00ba) e promovido na avenida Paulista.<\/p>\n<p>Com uma bandeira do Brasil sobre os ombros, o cantor Lob\u00e3o defendeu a recontagem dos votos das elei\u00e7\u00f5es presidenciais e negou que o movimento tenha como prop\u00f3sito dar um novo golpe militar no pa\u00eds. &#8220;N\u00e3o tem ningu\u00e9m aqui golpista&#8221;, disse ao microfone. A caminhada \u00e9 marcada tamb\u00e9m por provoca\u00e7\u00f5es entre simpatizantes da esquerda e da direita. Na avenida Paulista, alguns moradores de pr\u00e9dios da regi\u00e3o estenderam nas janelas camisetas vermelhas e bandeira da campanha \u00e0 reelei\u00e7\u00e3o da presidente. &#8220;Vai para Cuba&#8221;, gritaram os manifestantes em resposta. Eles fecharam uma das faixas da avenida.<\/p>\n<p><img decoding=\"async\" src=\"http:\/\/aconteceunovale.com.br\/portal\/wp-content\/uploads\/2014\/11\/impeachment_dilma_1.jpg\" alt=\"\" \/><em>Manifestantes pedem impeachment da presidente Dilma em BH &#8211; Foto: Mariela Guimar\u00e3es\/O Tempo<\/em><br \/>\n<\/br><\/p>\n<p>No evento, al\u00e9m de pedirem a sa\u00edda da petista, os manifestantes defenderam um novo golpe militar no pa\u00eds. &#8220;\u00c9 necess\u00e1rio a volta do militarismo. O que voc\u00eas chamam de democracia \u00e9 esse governo que est\u00e1 a\u00ed?&#8221;, criticou o investigador de pol\u00edcia S\u00e9rgio Salgi, 46, que carregava cartaz com o pedido &#8220;SOS For\u00e7as Armadas&#8221;. O n\u00famero de manifestantes no evento \u00e9 bem menor do que o total de confirma\u00e7\u00f5es nas redes sociais, que chegaram a 100 mil. A caminhada teve in\u00edcio em frente ao MASP (Museu de Arte de S\u00e3o Paulo). Com cartazes e faixas, os indignados acusaram o resultado das elei\u00e7\u00f5es deste ano de ser a &#8220;maior fraude da hist\u00f3ria&#8221; e o PT de ser &#8220;o c\u00e2ncer do Brasil&#8221;. &#8220;P\u00e9 na bunda dela [presidente], o Brasil n\u00e3o \u00e9 a Venezuela&#8221;, gritaram.<\/p>\n<p>&#8220;O presidente do Tribunal Superior Eleitoral, Jos\u00e9 Dias Toffoli, \u00e9 um estagi\u00e1rio do PT&#8221;, acusou Paulo Martins. Sob aplausos, o deputado federal eleito Eduardo Bolsonaro (PSC-SP), filho do deputado federal Jair Bolsonaro (PP-RJ), foi apresentado ao microfone como &#8220;algu\u00e9m de uma fam\u00edlia que vem lutando muito pelo Brasil&#8221;. Em discurso, o parlamentar disse que se seu pai fosse candidato a presidente, ele teria &#8220;fuzilado&#8221; a presidente. Segundo ele, Jair Bolsonaro ser\u00e1 candidato em 2018 &#8220;mesmo que tenha de mudar de partido&#8221;.<\/p>\n<p>&#8220;Eu voto no Marcola, mas n\u00e3o voto na Dilma, porque pelo menos o Marcola tem palavra&#8221;, disse, em refer\u00eancia a Marcos Willians Herbas Camacho, o Marcola, um dos chefes da fac\u00e7\u00e3o criminosa PCC. A manifesta\u00e7\u00e3o \u00e9 acompanhada pela Pol\u00edcia Militar e pela chamada &#8220;Tropa do Bra\u00e7o&#8221;, escalada para eventos de rua.<\/p>\n<p>Por volta das 16h, os manifestantes deixaram a avenida Paulista e tomaram a avenida Brigadeiro Lu\u00eds Ant\u00f4nio, caminhando em dire\u00e7\u00e3o ao parque Ibirapuera. Entre as bandeiras carregadas no protesto, est\u00e3o a do Brasil, a do Estado de S\u00e3o Paulo e da campanha do candidato derrotado do PSDB \u00e0 Presid\u00eancia, A\u00e9cio Neves.<\/p>\n<h4>Protesto contra Alckmin<\/h4>\n<p>Tamb\u00e9m neste s\u00e1bado, no largo da Batata, zona oeste da cidade, manifestantes se organizaram para protestar contra o governador Geraldo Alckmin (PSDB), em uma manifesta\u00e7\u00e3o contra a crise h\u00eddrica no Estado. O grupo afirma que a seca que se vive no Estado \u00e9 de responsabilidade do governador. &#8220;O verdadeiro culpado por essa crise n\u00e3o \u00e9 S\u00e3o Pedro e sim o governador Geraldo Alckmin. Agora os tucanos n\u00e3o t\u00eam como escapar&#8221;, afirmam os manifestantes.<\/p>\n<h4>Em Belo Horizonte<\/h4>\n<p>Cerca de 400 pessoas se reuniram na pra\u00e7a Sete na tarde deste s\u00e1bado (01) pelo mesmo motivo dos paulistas. As centenas de pessoas se concentraram no local, segundo informa\u00e7\u00f5es do tenente Isidoro, e seguiram em caminhada pela avenida Afonso Pena at\u00e9 a sede da Prefeitura de Belo Horizonte, bradando palavras de ordem e frases contra a presidente reeleita. Uma mulher come\u00e7ou a gritar defendendo o Partido dos Trabalhadores e deu in\u00edcio a uma confus\u00e3o. Outro conflito aconteceu quando os manifestantes perceberam que um carro que passava pelo local levava em seu interior uma bandeira do PT. Ningu\u00e9m ficou ferido. <\/p>\n<h4>Em Bras\u00edlia<\/h4>\n<p>Manifestantes realizaram protesto contra a presidente Dilma Rousseff na Esplanada dos Minist\u00e9rios. Segundo informa\u00e7\u00f5es do 6\u00ba batalh\u00e3o da Pol\u00edcia Militar do Distrito Federal, que faz a seguran\u00e7a da \u00e1rea, houve concentra\u00e7\u00e3o de pessoas no gramado em frente ao Congresso Nacional no in\u00edcio da tarde.<\/p>\n<p>Pouco depois os manifestantes caminharam pelo Eixo Monumental e ocuparam tr\u00eas faixas da via que d\u00e1 acesso ao Congresso. A PM informou que participaram do protesto, no momento em que o grupo se deslocou pela Esplanada, aproximadamente 500 pessoas.<\/p>\n<h4>Em Curitiba<\/h4>\n<p>Como em S\u00e3o Paulo, Belo Horizonte e Bras\u00edlia, Curitiba tamb\u00e9m foi palco de uma manifesta\u00e7\u00e3o contra a reelei\u00e7\u00e3o da presidente Dilma Rousseff (PT). Autodenominados a nova gera\u00e7\u00e3o dos \u201cCaras Pintadas\u201d, os manifestantes se concentraram em frente \u00e0 pra\u00e7a Santos Andrade, no Centro da capital, por volta das 14 horas.<\/p>\n<p>Muitos deles estavam equipados com bandeiras do Brasil, faixas e cartazes com dizeres de protesto ao resultado da elei\u00e7\u00e3o presidencial. A camisa verde e amarela tamb\u00e9m marcou presen\u00e7a. \u201cO Brasil est\u00e1 em luto. Vamos agir galera!\u201d, foi uma das designa\u00e7\u00f5es usadas para apresentar o evento no Facebook. Na rede social, 888 pessoas chegaram a confirmar presen\u00e7a.<\/p>\n<p>A Guarda Municipal de Curitiba confirmou a realiza\u00e7\u00e3o do ato, por\u00e9m, disse n\u00e3o saber informar quantas pessoas participaram porque n\u00e3o acompanhou a manifesta\u00e7\u00e3o. A r\u00e1dio CBN informou que o ato reuniu cerca de 500 participantes. As informa\u00e7\u00f5es s\u00e3o da <strong>Folha Press<\/strong>, <strong>O Tempo Online<\/strong> e <strong>Gazeta do Povo<\/strong>.<\/p>\n","protected":false},"excerpt":{"rendered":"<p>Manifesta\u00e7\u00f5es aconteceram em S\u00e3o Paulo, Belo Horizonte, Bras\u00edlia e Curitiba. Atos, que reunir\u00e3o centenas pessoas, foram marcados tamb\u00e9m por provoca\u00e7\u00f5es entre simpatizantes da esquerda e da direita. &#8220;Boa tarde, rea\u00e7as&#8221;, cumprimentou ao microfone cerca de mil pessoas &#8211; segundo estimativa da Pol\u00edcia Militar &#8211; o empres\u00e1rio Paulo Martins, que foi candidato a deputado federal pelo [&hellip;]<\/p>\n","protected":false},"author":1,"featured_media":44176,"comment_status":"open","ping_status":"closed","sticky":false,"template":"","format":"standard","meta":{"amp_status":"","footnotes":""},"categories":[6],"tags":[21427,21431,21428,21438,21429,21436,21437,21430,21432,21433,21435,21434],"class_list":["post-44175","post","type-post","status-publish","format-standard","has-post-thumbnail","hentry","category-br","tag-atos-em-quatro-capitais-pedem-impeachment-de-dilma-e-intervencao-militar","tag-caras-pintada","tag-impeachment-de-dilma","tag-impeachment-ja","tag-intervencao-militar","tag-manifestantes-fazem-ato-anti-dilma-em-bh-e-pedem-impeachment-da-presidente","tag-manifestantes-pedem-impeachment-da-presidente-dilma-em-belo-horizonte","tag-manifestantes-realizaram-protesto-contra-a-presidente-dilma-rousseff-na-esplanada-dos-ministerios","tag-nova-geracao-dos-caras-pintada","tag-o-brasil-esta-em-luto","tag-reacas","tag-vamos-agir-galera"],"_links":{"self":[{"href":"https:\/\/aconteceunovale.com.br\/portal\/index.php?rest_route=\/wp\/v2\/posts\/44175","targetHints":{"allow":["GET"]}}],"collection":[{"href":"https:\/\/aconteceunovale.com.br\/portal\/index.php?rest_route=\/wp\/v2\/posts"}],"about":[{"href":"https:\/\/aconteceunovale.com.br\/portal\/index.php?rest_route=\/wp\/v2\/types\/post"}],"author":[{"embeddable":true,"href":"https:\/\/aconteceunovale.com.br\/portal\/index.php?rest_route=\/wp\/v2\/users\/1"}],"replies":[{"embeddable":true,"href":"https:\/\/aconteceunovale.com.br\/portal\/index.php?rest_route=%2Fwp%2Fv2%2Fcomments&post=44175"}],"version-history":[{"count":0,"href":"https:\/\/aconteceunovale.com.br\/portal\/index.php?rest_route=\/wp\/v2\/posts\/44175\/revisions"}],"wp:featuredmedia":[{"embeddable":true,"href":"https:\/\/aconteceunovale.com.br\/portal\/index.php?rest_route=\/wp\/v2\/media\/44176"}],"wp:attachment":[{"href":"https:\/\/aconteceunovale.com.br\/portal\/index.php?rest_route=%2Fwp%2Fv2%2Fmedia&parent=44175"}],"wp:term":[{"taxonomy":"category","embeddable":true,"href":"https:\/\/aconteceunovale.com.br\/portal\/index.php?rest_route=%2Fwp%2Fv2%2Fcategories&post=44175"},{"taxonomy":"post_tag","embeddable":true,"href":"https:\/\/aconteceunovale.com.br\/portal\/index.php?rest_route=%2Fwp%2Fv2%2Ftags&post=44175"}],"curies":[{"name":"wp","href":"https:\/\/api.w.org\/{rel}","templated":true}]}}