{"id":44105,"date":"2014-10-31T17:55:56","date_gmt":"2014-10-31T20:55:56","guid":{"rendered":"http:\/\/aconteceunovale.com.br\/portal\/?p=44105"},"modified":"2014-10-31T17:56:10","modified_gmt":"2014-10-31T20:56:10","slug":"duas-pessoas-morrem-em-acidente-entre-carro-e-caminhao-na-br-259-entre-resplendor-e-itueta","status":"publish","type":"post","link":"https:\/\/aconteceunovale.com.br\/portal\/?p=44105","title":{"rendered":"Duas pessoas morrem em acidente entre carro e caminh\u00e3o na BR-259, no Leste de Minas"},"content":{"rendered":"<h4><strong><em>Batida entre caminh\u00e3o e carro de passeio ocorreu na tarde desta sexta-feira. Motorista do carro foi levado em estado grave para hospital em Colatina (ES)<\/em><\/strong><\/h4>\n<div id=\"fb-root\"><\/div>\n<p>\t\t\t\t<script>(function(d, s, id) {\n\t\t\t\t  var js, fjs = d.getElementsByTagName(s)[0];\n\t\t\t\t  if (d.getElementById(id)) return;\n\t\t\t\t  js = d.createElement(s); js.id = id;\n\t\t\t\t  js.src = \"\/\/connect.facebook.net\/pt_BR\/sdk.js#xfbml=1&appId=691575364226355&version=v2.0\";\n\t\t\t\t  fjs.parentNode.insertBefore(js, fjs);\n\t\t\t\t}(document, 'script', 'facebook-jssdk'));<\/script><\/p>\n<div class=\"fb-like\" data-href=\"https:\/\/www.facebook.com\/aconteceunovale\" data-layout=\"button_count\" data-action=\"like\" data-show-faces=\"true\" data-share=\"true\"><\/div>\n<p><\/br><\/p>\n<p>Duas pessoas morreram em um grave acidente na tarde desta sexta-feira (31), na BR-259, pr\u00f3ximo ao munic\u00edpio de Itueta, no Leste de Minas Gerais. A pol\u00edcia ainda n\u00e3o divulgou o nome e as idades das v\u00edtimas.<\/p>\n<p><img decoding=\"async\" src=\"http:\/\/aconteceunovale.com.br\/portal\/wp-content\/uploads\/2014\/10\/acidente_259_resplendor_1.jpg\" alt=\"\" \/><em>Acidente aconteceu na tarde desta quinta-feira, na BR-259 pr\u00f3ximo a Itueta. (Foto: Fabiana Conrado\/G1)<\/em><br \/>\n<\/br><\/p>\n<p>De acordo com informa\u00e7\u00f5es da Pol\u00edcia Rodovi\u00e1ria Federal (PRF), o motorista do caminh\u00e3o perdeu o controle de dire\u00e7\u00e3o, invadiu a pista contr\u00e1ria e bateu de frente com um carro. No ve\u00edculo de passeio havia quatro pessoas. Uma morreu na hora e outra a caminha do hospital<\/p>\n<p>O motorista do caminh\u00e3o n\u00e3o sofreu ferimentos, j\u00e1 o motorista do carro foi resgatado e levado em estado grave para um hospital em Colatina (ES). O outro passageiro do ve\u00edculo foi levado para o hospital do munic\u00edpio de Resplendor.<\/p>\n<p>Ainda segundo a PRF, no momento do acidente havia muita neblina no local, mas a pol\u00edcia diz que s\u00f3 a per\u00edcia poder\u00e1 indicar as causas reais do acidente.<\/p>\n<p><img decoding=\"async\" src=\"http:\/\/aconteceunovale.com.br\/portal\/wp-content\/uploads\/2014\/10\/acidente_259_resplendor_2.jpg\" alt=\"\" \/><em>Com o impacto da batida o carro de passeio ficou completamente destru\u00eddo (Foto: Fabiana Conrado\/G1)<\/em><br \/>\n<\/br><\/p>\n<p><em><strong>(Inter TV dos Vales)<\/strong><\/em><\/p>\n","protected":false},"excerpt":{"rendered":"<p>Batida entre caminh\u00e3o e carro de passeio ocorreu na tarde desta sexta-feira. Motorista do carro foi levado em estado grave para hospital em Colatina (ES) Duas pessoas morreram em um grave acidente na tarde desta sexta-feira (31), na BR-259, pr\u00f3ximo ao munic\u00edpio de Itueta, no Leste de Minas Gerais. A pol\u00edcia ainda n\u00e3o divulgou o [&hellip;]<\/p>\n","protected":false},"author":1,"featured_media":44107,"comment_status":"open","ping_status":"closed","sticky":false,"template":"","format":"standard","meta":{"amp_status":"","footnotes":""},"categories":[121],"tags":[21347,21348,21349,21350,1018,21351,21346],"class_list":["post-44105","post","type-post","status-publish","format-standard","has-post-thumbnail","hentry","category-leste","tag-acidente-em-resplendor","tag-acidente-na-br-259","tag-acidente-proximo-de-itueta","tag-acidente-proximo-de-resplendor","tag-destaque","tag-duas-pessoas-morrem-em-acidente-entre-carro-e-caminhao-na-br-259-entre-resplendor-e-itueta","tag-duas-pessoas-morrem-em-acidente-na-br-259-entre-resplendor-e-itueta"],"_links":{"self":[{"href":"https:\/\/aconteceunovale.com.br\/portal\/index.php?rest_route=\/wp\/v2\/posts\/44105","targetHints":{"allow":["GET"]}}],"collection":[{"href":"https:\/\/aconteceunovale.com.br\/portal\/index.php?rest_route=\/wp\/v2\/posts"}],"about":[{"href":"https:\/\/aconteceunovale.com.br\/portal\/index.php?rest_route=\/wp\/v2\/types\/post"}],"author":[{"embeddable":true,"href":"https:\/\/aconteceunovale.com.br\/portal\/index.php?rest_route=\/wp\/v2\/users\/1"}],"replies":[{"embeddable":true,"href":"https:\/\/aconteceunovale.com.br\/portal\/index.php?rest_route=%2Fwp%2Fv2%2Fcomments&post=44105"}],"version-history":[{"count":0,"href":"https:\/\/aconteceunovale.com.br\/portal\/index.php?rest_route=\/wp\/v2\/posts\/44105\/revisions"}],"wp:featuredmedia":[{"embeddable":true,"href":"https:\/\/aconteceunovale.com.br\/portal\/index.php?rest_route=\/wp\/v2\/media\/44107"}],"wp:attachment":[{"href":"https:\/\/aconteceunovale.com.br\/portal\/index.php?rest_route=%2Fwp%2Fv2%2Fmedia&parent=44105"}],"wp:term":[{"taxonomy":"category","embeddable":true,"href":"https:\/\/aconteceunovale.com.br\/portal\/index.php?rest_route=%2Fwp%2Fv2%2Fcategories&post=44105"},{"taxonomy":"post_tag","embeddable":true,"href":"https:\/\/aconteceunovale.com.br\/portal\/index.php?rest_route=%2Fwp%2Fv2%2Ftags&post=44105"}],"curies":[{"name":"wp","href":"https:\/\/api.w.org\/{rel}","templated":true}]}}