{"id":44102,"date":"2014-10-31T17:47:02","date_gmt":"2014-10-31T20:47:02","guid":{"rendered":"http:\/\/aconteceunovale.com.br\/portal\/?p=44102"},"modified":"2014-10-31T17:47:02","modified_gmt":"2014-10-31T20:47:02","slug":"homem-foge-de-abordagem-e-atira-contra-a-policia-militar-em-montes-claros","status":"publish","type":"post","link":"https:\/\/aconteceunovale.com.br\/portal\/?p=44102","title":{"rendered":"Homem foge de abordagem e atira contra a Pol\u00edcia Militar em Montes Claros"},"content":{"rendered":"<h4><em><strong>Ele saltou muros, mas foi preso no bairro Morrinhos. Segundo PM, suspeito j\u00e1 tem mandado de pris\u00e3o em aberto.<\/strong><\/em><\/h4>\n<div id=\"fb-root\"><\/div>\n<p>\t\t\t\t<script>(function(d, s, id) {\n\t\t\t\t  var js, fjs = d.getElementsByTagName(s)[0];\n\t\t\t\t  if (d.getElementById(id)) return;\n\t\t\t\t  js = d.createElement(s); js.id = id;\n\t\t\t\t  js.src = \"\/\/connect.facebook.net\/pt_BR\/sdk.js#xfbml=1&appId=691575364226355&version=v2.0\";\n\t\t\t\t  fjs.parentNode.insertBefore(js, fjs);\n\t\t\t\t}(document, 'script', 'facebook-jssdk'));<\/script><\/p>\n<div class=\"fb-like\" data-href=\"https:\/\/www.facebook.com\/aconteceunovale\" data-layout=\"button_count\" data-action=\"like\" data-show-faces=\"true\" data-share=\"true\"><\/div>\n<p><\/br><\/p>\n<p>Um homem de 24 anos foi preso na tarde desta sexta-feira (31) ap\u00f3s atirar em policiais militares em Montes Claros, Norte de Minas. Segundo a PM, o suspeito fugiu das viaturas que realizavam abordagens de rotinas na Vila Guilhermina.<\/p>\n<p>\u201cEle estava na garupa de uma motocicleta e desceu fugindo dos militares. O condutor da moto conseguiu evadir e seguiu a p\u00e9 em dire\u00e7\u00e3o ao bairro Morrinhos\u201d, afirma o sargento Marcelo Versiane.<\/p>\n<p>Durante a fuga, o suspeito atirou contra os policiais e saltou muros de algumas resid\u00eancias, mas acabou sendo preso. De acordo com a PM, h\u00e1 um mandado de pris\u00e3o contra o suspeito por um duplo homic\u00eddio, ocorrido em 2010.<\/p>\n<p>\u201cEle disse que fugiu justamente por haver um mandado de pris\u00e3o. A arma, uma pistola .40, \u00e9 de uso exclusivo da pol\u00edcia, mas ele disse que comprou em Belo Horizonte\u201d, disse o tenente.<\/p>\n<p>A arma foi apreendida, juntamente com muni\u00e7\u00f5es e dinheiro. Na fuga ele teve escoria\u00e7\u00f5es, e, por isso, foi encaminhado a um hospital da cidade. A pol\u00edcia investiga se o suspeito tem liga\u00e7\u00e3o com um assalto a uma padaria na tarde desta sexta-feira.<\/p>\n<p><img decoding=\"async\" src=\"http:\/\/aconteceunovale.com.br\/portal\/wp-content\/uploads\/2014\/10\/atirou_na_pm_moc.jpg\" alt=\"\" \/><em>Homem portava arma de uso exclusivo da pol\u00edcia. (Foto: Valdivan Veloso\/G1)<\/em><br \/>\n<\/br><\/p>\n<p><em><strong>(Inter TV Grande Minas)<\/strong><\/em><\/p>\n","protected":false},"excerpt":{"rendered":"<p>Ele saltou muros, mas foi preso no bairro Morrinhos. Segundo PM, suspeito j\u00e1 tem mandado de pris\u00e3o em aberto. Um homem de 24 anos foi preso na tarde desta sexta-feira (31) ap\u00f3s atirar em policiais militares em Montes Claros, Norte de Minas. Segundo a PM, o suspeito fugiu das viaturas que realizavam abordagens de rotinas [&hellip;]<\/p>\n","protected":false},"author":1,"featured_media":44103,"comment_status":"open","ping_status":"closed","sticky":false,"template":"","format":"standard","meta":{"amp_status":"","footnotes":""},"categories":[1236],"tags":[21345,210],"class_list":["post-44102","post","type-post","status-publish","format-standard","has-post-thumbnail","hentry","category-norte_de_minas","tag-homem-foge-de-abordagem-e-atira-contra-a-policia-militar-em-montes-claros","tag-montes-claros"],"_links":{"self":[{"href":"https:\/\/aconteceunovale.com.br\/portal\/index.php?rest_route=\/wp\/v2\/posts\/44102","targetHints":{"allow":["GET"]}}],"collection":[{"href":"https:\/\/aconteceunovale.com.br\/portal\/index.php?rest_route=\/wp\/v2\/posts"}],"about":[{"href":"https:\/\/aconteceunovale.com.br\/portal\/index.php?rest_route=\/wp\/v2\/types\/post"}],"author":[{"embeddable":true,"href":"https:\/\/aconteceunovale.com.br\/portal\/index.php?rest_route=\/wp\/v2\/users\/1"}],"replies":[{"embeddable":true,"href":"https:\/\/aconteceunovale.com.br\/portal\/index.php?rest_route=%2Fwp%2Fv2%2Fcomments&post=44102"}],"version-history":[{"count":0,"href":"https:\/\/aconteceunovale.com.br\/portal\/index.php?rest_route=\/wp\/v2\/posts\/44102\/revisions"}],"wp:featuredmedia":[{"embeddable":true,"href":"https:\/\/aconteceunovale.com.br\/portal\/index.php?rest_route=\/wp\/v2\/media\/44103"}],"wp:attachment":[{"href":"https:\/\/aconteceunovale.com.br\/portal\/index.php?rest_route=%2Fwp%2Fv2%2Fmedia&parent=44102"}],"wp:term":[{"taxonomy":"category","embeddable":true,"href":"https:\/\/aconteceunovale.com.br\/portal\/index.php?rest_route=%2Fwp%2Fv2%2Fcategories&post=44102"},{"taxonomy":"post_tag","embeddable":true,"href":"https:\/\/aconteceunovale.com.br\/portal\/index.php?rest_route=%2Fwp%2Fv2%2Ftags&post=44102"}],"curies":[{"name":"wp","href":"https:\/\/api.w.org\/{rel}","templated":true}]}}