{"id":44098,"date":"2014-10-31T17:38:58","date_gmt":"2014-10-31T20:38:58","guid":{"rendered":"http:\/\/aconteceunovale.com.br\/portal\/?p=44098"},"modified":"2014-10-31T17:39:12","modified_gmt":"2014-10-31T20:39:12","slug":"cerca-de-2000-armas-apreendidas-na-regiao-de-salinas-sao-destruidas-em-montes-claros","status":"publish","type":"post","link":"https:\/\/aconteceunovale.com.br\/portal\/?p=44098","title":{"rendered":"Cerca de 2000 armas apreendidas na regi\u00e3o de Salinas s\u00e3o destru\u00eddas em Montes Claros"},"content":{"rendered":"<h4><em><strong>Armas foram destru\u00eddas nesta sexta-feira (31). Destrui\u00e7\u00e3o foi realizada pelo 55\u00aa Batalh\u00e3o de Infantaria Dion\u00edsio Cerqueira.<\/strong><\/em><\/h4>\n<div id=\"fb-root\"><\/div>\n<p>\t\t\t\t<script>(function(d, s, id) {\n\t\t\t\t  var js, fjs = d.getElementsByTagName(s)[0];\n\t\t\t\t  if (d.getElementById(id)) return;\n\t\t\t\t  js = d.createElement(s); js.id = id;\n\t\t\t\t  js.src = \"\/\/connect.facebook.net\/pt_BR\/sdk.js#xfbml=1&appId=691575364226355&version=v2.0\";\n\t\t\t\t  fjs.parentNode.insertBefore(js, fjs);\n\t\t\t\t}(document, 'script', 'facebook-jssdk'));<\/script><\/p>\n<div class=\"fb-like\" data-href=\"https:\/\/www.facebook.com\/aconteceunovale\" data-layout=\"button_count\" data-action=\"like\" data-show-faces=\"true\" data-share=\"true\"><\/div>\n<p><\/br><\/p>\n<p>A Pol\u00edcia Civil de Salinas, Norte de Minas, encaminhou nesta sexta-feira (31), ao 55\u00aa Batalh\u00e3o de Infantaria Dion\u00edsio Cerqueira, em Montes Claros, cerca de 2 mil armas para destrui\u00e7\u00e3o com rolo compressor.<\/p>\n<p>De acordo com o delegado, Jos\u00e9 Eduardo Santos, as armas foram apreendidas nos munic\u00edpios de Salinas, Novo Horizonte, Santa Cruz de Salinas, Padre Carvalho, Fruta de Leite e Rubelita, al\u00e9m de outras regi\u00f5es pertencentes a comarca da delegacia.<\/p>\n<p>&#8220;Eles foram apreendidas no decorrer dos anos e acumuladas aqui na delegacia. A gente n\u00e3o pode destru\u00ed-las, por isso, encaminhamos um pedido judicial para que o ex\u00e9rcito fa\u00e7a a destrui\u00e7\u00e3o&#8221;, diz Santos.<\/p>\n<p>Ainda conforme o delegado, todas as armas destru\u00eddas pelo batalh\u00e3o s\u00e3o armas longas, geralmente apreendidas por posse ilegal. A pena para o crime de posse ilegal \u00e9 a deten\u00e7\u00e3o de 1 a 3 anos e multa. J\u00e1 a de porte ilegal de armas \u00e9 a reclus\u00e3o de 2 a 4 anos e a multa.<\/p>\n<p><img decoding=\"async\" src=\"http:\/\/aconteceunovale.com.br\/portal\/wp-content\/uploads\/2014\/10\/armas_salinas.jpg\" alt=\"\" \/><em>Armas foram apreendidas na regi\u00e3o de Salinas (Foto: Divulga\u00e7\u00e3o\/ Pol\u00edcia Civil)<\/em><br \/>\n<\/br><\/p>\n<p><em><strong>(Inter TV Grande Minas)<\/strong><\/em><\/p>\n","protected":false},"excerpt":{"rendered":"<p>Armas foram destru\u00eddas nesta sexta-feira (31). Destrui\u00e7\u00e3o foi realizada pelo 55\u00aa Batalh\u00e3o de Infantaria Dion\u00edsio Cerqueira. A Pol\u00edcia Civil de Salinas, Norte de Minas, encaminhou nesta sexta-feira (31), ao 55\u00aa Batalh\u00e3o de Infantaria Dion\u00edsio Cerqueira, em Montes Claros, cerca de 2 mil armas para destrui\u00e7\u00e3o com rolo compressor. De acordo com o delegado, Jos\u00e9 Eduardo [&hellip;]<\/p>\n","protected":false},"author":1,"featured_media":44099,"comment_status":"open","ping_status":"closed","sticky":false,"template":"","format":"standard","meta":{"amp_status":"","footnotes":""},"categories":[1236],"tags":[21343,21344,1034,210,877,852,190,927],"class_list":["post-44098","post","type-post","status-publish","format-standard","has-post-thumbnail","hentry","category-norte_de_minas","tag-cerca-de-2000-armas-apreendidas-em-salinas-sao-destruidas-em-montes-claros","tag-cerca-de-2000-armas-apreendidas-na-regiao-de-salinas-sao-destruidas-em-montes-claros","tag-fruta-de-leite","tag-montes-claros","tag-padre-carvalho","tag-rubelita","tag-salinas","tag-santa-cruz-de-salinas"],"_links":{"self":[{"href":"https:\/\/aconteceunovale.com.br\/portal\/index.php?rest_route=\/wp\/v2\/posts\/44098","targetHints":{"allow":["GET"]}}],"collection":[{"href":"https:\/\/aconteceunovale.com.br\/portal\/index.php?rest_route=\/wp\/v2\/posts"}],"about":[{"href":"https:\/\/aconteceunovale.com.br\/portal\/index.php?rest_route=\/wp\/v2\/types\/post"}],"author":[{"embeddable":true,"href":"https:\/\/aconteceunovale.com.br\/portal\/index.php?rest_route=\/wp\/v2\/users\/1"}],"replies":[{"embeddable":true,"href":"https:\/\/aconteceunovale.com.br\/portal\/index.php?rest_route=%2Fwp%2Fv2%2Fcomments&post=44098"}],"version-history":[{"count":0,"href":"https:\/\/aconteceunovale.com.br\/portal\/index.php?rest_route=\/wp\/v2\/posts\/44098\/revisions"}],"wp:featuredmedia":[{"embeddable":true,"href":"https:\/\/aconteceunovale.com.br\/portal\/index.php?rest_route=\/wp\/v2\/media\/44099"}],"wp:attachment":[{"href":"https:\/\/aconteceunovale.com.br\/portal\/index.php?rest_route=%2Fwp%2Fv2%2Fmedia&parent=44098"}],"wp:term":[{"taxonomy":"category","embeddable":true,"href":"https:\/\/aconteceunovale.com.br\/portal\/index.php?rest_route=%2Fwp%2Fv2%2Fcategories&post=44098"},{"taxonomy":"post_tag","embeddable":true,"href":"https:\/\/aconteceunovale.com.br\/portal\/index.php?rest_route=%2Fwp%2Fv2%2Ftags&post=44098"}],"curies":[{"name":"wp","href":"https:\/\/api.w.org\/{rel}","templated":true}]}}