{"id":44089,"date":"2014-10-31T17:26:06","date_gmt":"2014-10-31T20:26:06","guid":{"rendered":"http:\/\/aconteceunovale.com.br\/portal\/?p=44089"},"modified":"2014-10-31T17:26:06","modified_gmt":"2014-10-31T20:26:06","slug":"peca-sobre-nordeste-e-apresentada-em-festival-de-teatro-de-capelinha","status":"publish","type":"post","link":"https:\/\/aconteceunovale.com.br\/portal\/?p=44089","title":{"rendered":"Pe\u00e7a sobre Nordeste \u00e9 apresentada em festival de teatro de Capelinha"},"content":{"rendered":"<h4><strong><em>Ingressos j\u00e1 est\u00e3o sendo vendidos e custam R$ 10. In\u00edcio est\u00e1 previsto para \u00e0s 19h20, no Espa\u00e7o Ativa Idade.<\/em><\/strong><\/h4>\n<div id=\"fb-root\"><\/div>\n<p>\t\t\t\t<script>(function(d, s, id) {\n\t\t\t\t  var js, fjs = d.getElementsByTagName(s)[0];\n\t\t\t\t  if (d.getElementById(id)) return;\n\t\t\t\t  js = d.createElement(s); js.id = id;\n\t\t\t\t  js.src = \"\/\/connect.facebook.net\/pt_BR\/sdk.js#xfbml=1&appId=691575364226355&version=v2.0\";\n\t\t\t\t  fjs.parentNode.insertBefore(js, fjs);\n\t\t\t\t}(document, 'script', 'facebook-jssdk'));<\/script><\/p>\n<div class=\"fb-like\" data-href=\"https:\/\/www.facebook.com\/aconteceunovale\" data-layout=\"button_count\" data-action=\"like\" data-show-faces=\"true\" data-share=\"true\"><\/div>\n<p><\/br><\/p>\n<p>Nordeste: terra de muitas secas, muita f\u00e9, de povo guerreiro, religioso, trabalhador. O espet\u00e1culo T\u00eanue, inspirado na realidade dos moradores do sert\u00e3o nordestino deixados ao aux\u00edlio divino, sendo lembrados por pol\u00edticos apenas em \u00e9poca de elei\u00e7\u00e3o, ser\u00e1 apresentado neste s\u00e1bado (1\u00ba), em Capelinha, no Vale do Jequitinhonha. <\/p>\n<p><img decoding=\"async\" src=\"http:\/\/aconteceunovale.com.br\/portal\/wp-content\/uploads\/2014\/10\/teatro_cap.jpg\" alt=\"\" \/><em>Espet\u00e1culo T\u00eanue \u00e9 atra\u00e7\u00e3o em Capelinha, neste s\u00e1bado (1\u00ba) (Foto: Cia Ins\u00f3lito)<\/em><br \/>\n<\/br><\/p>\n<p>O enredo aborda tem\u00e1ticas recorrentes ao sert\u00e3o. De maneira bem humorada, o espet\u00e1culo aborda a dura realidade dos nordestinos. A apresenta\u00e7\u00e3o \u00e9 da Companhia Ins\u00f3lito de Te\u00f3filo Otoni. O in\u00edcio est\u00e1 previsto para \u00e0s 19h20, no Espa\u00e7o Ativa Idade.<\/p>\n<p>O evento faz parte da 3\u00aa edi\u00e7\u00e3o do Projeto Teatro Todo Dia, em Capelinha, promovida pelo grupo de teatro Anim&#8217;Art. \u201cO projeto Teatro Todo Dia visa o fortalecimento, aprimoramento da produ\u00e7\u00e3o teatral no munic\u00edpio de Capelinha, proporcionando assim uma maior circula\u00e7\u00e3o teatral na cidade\u201d, diz Reginaldo Rodrigues, presidente do grupo Anim&#8217;Art.<\/p>\n<p>Os ingressos j\u00e1 est\u00e3o sendo vendidos e custam R$ 10. Outras informa\u00e7\u00f5es sobre o evento podem ser adquiridas no <a href=\"http:\/\/grupodeteatroanimart.wordpress.com\/reserva-ingresso\/\" target=\"_blank\">site oficial do grupo Anim&#8217;Art<\/a>. (G1)<\/p>\n","protected":false},"excerpt":{"rendered":"<p>Ingressos j\u00e1 est\u00e3o sendo vendidos e custam R$ 10. In\u00edcio est\u00e1 previsto para \u00e0s 19h20, no Espa\u00e7o Ativa Idade. Nordeste: terra de muitas secas, muita f\u00e9, de povo guerreiro, religioso, trabalhador. O espet\u00e1culo T\u00eanue, inspirado na realidade dos moradores do sert\u00e3o nordestino deixados ao aux\u00edlio divino, sendo lembrados por pol\u00edticos apenas em \u00e9poca de elei\u00e7\u00e3o, [&hellip;]<\/p>\n","protected":false},"author":1,"featured_media":44090,"comment_status":"open","ping_status":"closed","sticky":false,"template":"","format":"standard","meta":{"amp_status":"","footnotes":""},"categories":[125],"tags":[21334,132,21333,21335,21332],"class_list":["post-44089","post","type-post","status-publish","format-standard","has-post-thumbnail","hentry","category-noticias","tag-3a-edicao-do-projeto-teatro-todo-dia","tag-capelinha","tag-companhia-insolito-de-teofilo-otoni","tag-espetaculo-tenue","tag-peca-sobre-nordeste-e-apresentada-em-festival-de-teatro-de-capelinha"],"_links":{"self":[{"href":"https:\/\/aconteceunovale.com.br\/portal\/index.php?rest_route=\/wp\/v2\/posts\/44089","targetHints":{"allow":["GET"]}}],"collection":[{"href":"https:\/\/aconteceunovale.com.br\/portal\/index.php?rest_route=\/wp\/v2\/posts"}],"about":[{"href":"https:\/\/aconteceunovale.com.br\/portal\/index.php?rest_route=\/wp\/v2\/types\/post"}],"author":[{"embeddable":true,"href":"https:\/\/aconteceunovale.com.br\/portal\/index.php?rest_route=\/wp\/v2\/users\/1"}],"replies":[{"embeddable":true,"href":"https:\/\/aconteceunovale.com.br\/portal\/index.php?rest_route=%2Fwp%2Fv2%2Fcomments&post=44089"}],"version-history":[{"count":0,"href":"https:\/\/aconteceunovale.com.br\/portal\/index.php?rest_route=\/wp\/v2\/posts\/44089\/revisions"}],"wp:featuredmedia":[{"embeddable":true,"href":"https:\/\/aconteceunovale.com.br\/portal\/index.php?rest_route=\/wp\/v2\/media\/44090"}],"wp:attachment":[{"href":"https:\/\/aconteceunovale.com.br\/portal\/index.php?rest_route=%2Fwp%2Fv2%2Fmedia&parent=44089"}],"wp:term":[{"taxonomy":"category","embeddable":true,"href":"https:\/\/aconteceunovale.com.br\/portal\/index.php?rest_route=%2Fwp%2Fv2%2Fcategories&post=44089"},{"taxonomy":"post_tag","embeddable":true,"href":"https:\/\/aconteceunovale.com.br\/portal\/index.php?rest_route=%2Fwp%2Fv2%2Ftags&post=44089"}],"curies":[{"name":"wp","href":"https:\/\/api.w.org\/{rel}","templated":true}]}}