{"id":44079,"date":"2014-10-31T17:02:31","date_gmt":"2014-10-31T20:02:31","guid":{"rendered":"http:\/\/aconteceunovale.com.br\/portal\/?p=44079"},"modified":"2014-10-31T17:02:31","modified_gmt":"2014-10-31T20:02:31","slug":"motociclista-morre-em-acidente-no-limoeiro-em-ipatinga","status":"publish","type":"post","link":"https:\/\/aconteceunovale.com.br\/portal\/?p=44079","title":{"rendered":"Motociclista morre em acidente no Limoeiro em Ipatinga"},"content":{"rendered":"<h4><strong><em>Acidente aconteceu na esquina entre a Rua Cerejas e a Avenida Deusemim Janu\u00e1rio, no bairro Limoeiro<\/em><\/strong><\/h4>\n<div id=\"fb-root\"><\/div>\n<p>\t\t\t\t<script>(function(d, s, id) {\n\t\t\t\t  var js, fjs = d.getElementsByTagName(s)[0];\n\t\t\t\t  if (d.getElementById(id)) return;\n\t\t\t\t  js = d.createElement(s); js.id = id;\n\t\t\t\t  js.src = \"\/\/connect.facebook.net\/pt_BR\/sdk.js#xfbml=1&appId=691575364226355&version=v2.0\";\n\t\t\t\t  fjs.parentNode.insertBefore(js, fjs);\n\t\t\t\t}(document, 'script', 'facebook-jssdk'));<\/script><\/p>\n<div class=\"fb-like\" data-href=\"https:\/\/www.facebook.com\/aconteceunovale\" data-layout=\"button_count\" data-action=\"like\" data-show-faces=\"true\" data-share=\"true\"><\/div>\n<p><\/br><\/p>\n<p>Um motociclista morreu em um acidente no come\u00e7o da tarde desta sexta-feira (31) no bairro Limoeiro em Ipatinga, na esquina entre entre a Rua Cerejas e a Avenida Deusemim Janu\u00e1rio. Tr\u00eas ve\u00edculos, um caminh\u00e3o ca\u00e7amba e duas motos se envolveram no sinistro. <\/p>\n<p>Segundo informa\u00e7\u00f5es preliminares colhidas no local do fato o motorista do caminh\u00e3o Geovane Lopes da Silva, 41 anos, subia pela rua Cerejas quando o piloto da moto Honda HJX-4462 Jos\u00e9 Jorge Filho n\u00e3o teria obedecido a parada obrigat\u00f3ria e se chocado na lateral do caminh\u00e3o que vinha da dire\u00e7\u00e3o do bairro Ch\u00e1caras Madalena. O motociclista morreu na hora. <\/p>\n<p>Outras hip\u00f3teses tamb\u00e9m foram levantadas e colhidas pela Pol\u00edcia Militar e pela per\u00edcia da Pol\u00edcia Civil. A v\u00edtima Jos\u00e9 Jorge mora na Rua Nozes. Ele trabalhava como a\u00e7ougueiro em um supermercado no bairro Beth\u00e2nia. <\/p>\n<p>O motorista do caminh\u00e3o foi submetido ao teste do baf\u00f4metro por uma guarni\u00e7\u00e3o da Pol\u00edcia Militar Rodovi\u00e1ria. O exame constatou que o condutor n\u00e3o ingeriu bebida alco\u00f3lica. A per\u00edcia colheu depoimentos, fez fotografias e esbo\u00e7ou o tra\u00e7ado do acidente. Somente o laudo pericial que fica pronto em 30 dias poder\u00e1 determinar as causas e como de fato tudo aconteceu. <\/p>\n<p><img decoding=\"async\" src=\"http:\/\/aconteceunovale.com.br\/portal\/wp-content\/uploads\/2014\/10\/acidente_ipa_31.jpg\" alt=\"\" \/><em>Jos\u00e9 Jorge Filho morreu no local &#8211; Foto: Gizelle Ferreira<\/em><br \/>\n<\/br><\/p>\n<h4>Outra moto<\/h4>\n<p>O acidente ainda envolveu outra moto, uma Honda HDA-1891 conduzida por Mateus Ferreira Ara\u00fajo e que tinha como garupa Marc\u00edlio Ferreira da Silva. Conforme informa\u00e7\u00e3o da pol\u00edcia, ele seguia pela avenida Deusemim quando deparou com acidente e n\u00e3o conseguiu evitar uma colis\u00e3o. As duas v\u00edtimas foram socorridas pelo Samu ao hospital.<\/p>\n<h4>Fotos<\/h4>\n<p>As pol\u00edcias civil e militar foram bastante rigorosas com os populares que se juntaram em volta do corpo, principalmente com aqueles que estavam tirando fotos com o celular. Somente os profissionais de imprensa tiveram autoriza\u00e7\u00e3o para fazer as imagens. A PM deu voz de pris\u00e3o a uma pessoa que estava fazendo fotografias com o telefone e em outra que desacatou a ordem de n\u00e3o passar pr\u00f3xima do corpo da v\u00edtima.<\/p>\n<p><em><strong>(Jornal Vale do A\u00e7o)<\/strong><\/em><\/p>\n","protected":false},"excerpt":{"rendered":"<p>Acidente aconteceu na esquina entre a Rua Cerejas e a Avenida Deusemim Janu\u00e1rio, no bairro Limoeiro Um motociclista morreu em um acidente no come\u00e7o da tarde desta sexta-feira (31) no bairro Limoeiro em Ipatinga, na esquina entre entre a Rua Cerejas e a Avenida Deusemim Janu\u00e1rio. Tr\u00eas ve\u00edculos, um caminh\u00e3o ca\u00e7amba e duas motos se [&hellip;]<\/p>\n","protected":false},"author":1,"featured_media":44080,"comment_status":"open","ping_status":"closed","sticky":false,"template":"","format":"standard","meta":{"amp_status":"","footnotes":""},"categories":[121],"tags":[21309,21310,201,21308,21312,21311,21313],"class_list":["post-44079","post","type-post","status-publish","format-standard","has-post-thumbnail","hentry","category-leste","tag-acidente-no-bairro-limoeiro-em-ipatinga","tag-geovane-lopes-da-silva","tag-ipatinga","tag-jose-jorge-filho","tag-marcilio-ferreira-da-silva","tag-mateus-ferreira-araujo","tag-motociclista-morre-em-acidente-no-limoeiro-em-ipatinga"],"_links":{"self":[{"href":"https:\/\/aconteceunovale.com.br\/portal\/index.php?rest_route=\/wp\/v2\/posts\/44079","targetHints":{"allow":["GET"]}}],"collection":[{"href":"https:\/\/aconteceunovale.com.br\/portal\/index.php?rest_route=\/wp\/v2\/posts"}],"about":[{"href":"https:\/\/aconteceunovale.com.br\/portal\/index.php?rest_route=\/wp\/v2\/types\/post"}],"author":[{"embeddable":true,"href":"https:\/\/aconteceunovale.com.br\/portal\/index.php?rest_route=\/wp\/v2\/users\/1"}],"replies":[{"embeddable":true,"href":"https:\/\/aconteceunovale.com.br\/portal\/index.php?rest_route=%2Fwp%2Fv2%2Fcomments&post=44079"}],"version-history":[{"count":0,"href":"https:\/\/aconteceunovale.com.br\/portal\/index.php?rest_route=\/wp\/v2\/posts\/44079\/revisions"}],"wp:featuredmedia":[{"embeddable":true,"href":"https:\/\/aconteceunovale.com.br\/portal\/index.php?rest_route=\/wp\/v2\/media\/44080"}],"wp:attachment":[{"href":"https:\/\/aconteceunovale.com.br\/portal\/index.php?rest_route=%2Fwp%2Fv2%2Fmedia&parent=44079"}],"wp:term":[{"taxonomy":"category","embeddable":true,"href":"https:\/\/aconteceunovale.com.br\/portal\/index.php?rest_route=%2Fwp%2Fv2%2Fcategories&post=44079"},{"taxonomy":"post_tag","embeddable":true,"href":"https:\/\/aconteceunovale.com.br\/portal\/index.php?rest_route=%2Fwp%2Fv2%2Ftags&post=44079"}],"curies":[{"name":"wp","href":"https:\/\/api.w.org\/{rel}","templated":true}]}}