{"id":44072,"date":"2014-10-31T16:33:20","date_gmt":"2014-10-31T19:33:20","guid":{"rendered":"http:\/\/aconteceunovale.com.br\/portal\/?p=44072"},"modified":"2014-10-31T16:33:36","modified_gmt":"2014-10-31T19:33:36","slug":"caminhoneiro-morre-carbonizado-em-acidente-na-br-262-em-sao-domingos-do-prata","status":"publish","type":"post","link":"https:\/\/aconteceunovale.com.br\/portal\/?p=44072","title":{"rendered":"Caminhoneiro morre carbonizado em acidente na BR-262 em S\u00e3o Domingos do Prata"},"content":{"rendered":"<div id=\"fb-root\"><\/div>\n<p>\t\t\t\t<script>(function(d, s, id) {\n\t\t\t\t  var js, fjs = d.getElementsByTagName(s)[0];\n\t\t\t\t  if (d.getElementById(id)) return;\n\t\t\t\t  js = d.createElement(s); js.id = id;\n\t\t\t\t  js.src = \"\/\/connect.facebook.net\/pt_BR\/sdk.js#xfbml=1&appId=691575364226355&version=v2.0\";\n\t\t\t\t  fjs.parentNode.insertBefore(js, fjs);\n\t\t\t\t}(document, 'script', 'facebook-jssdk'));<\/script><\/p>\n<div class=\"fb-like\" data-href=\"https:\/\/www.facebook.com\/aconteceunovale\" data-layout=\"button_count\" data-action=\"like\" data-show-faces=\"true\" data-share=\"true\"><\/div>\n<p><\/br><\/p>\n<p>Um motorista morreu na noite de quinta-feira, 30 de outubro, em um acidente na altura do quil\u00f4metro 153 da BR-262, na Serra do Macuco, em S\u00e3o Domingos do Prata, na regi\u00e3o do M\u00e9dio Piracicaba, em Minas Gerais.<\/p>\n<p>De acordo com informa\u00e7\u00f5es da Pol\u00edcia Rodovi\u00e1ria Federal, por volta das 21 horas, a carreta Mercedes Benz, placa MVX-3375 de Guarulhos\/SP, tombou em uma curva e explodiu, ap\u00f3s se arrastar por cerca de 20 metros.  O ve\u00edculo pertencia \u00e0 empresa Milesi Transportes e estava carregado com cosm\u00e9tico.<\/p>\n<p>O caminhoneiro, que at\u00e9 na manh\u00e3 desta sexta-feira (31) n\u00e3o havia sido identificado, ficou preso nas ferragens do ve\u00edculo e morreu carbonizado. Por causa do acidente a rodovia ficou fechada nos dois sentidos e somente foi liberada, por volta das 3h da madrugada.<\/p>\n<p><img decoding=\"async\" src=\"http:\/\/aconteceunovale.com.br\/portal\/wp-content\/uploads\/2014\/10\/acidente_262_serra_do_macuco.jpg\" alt=\"\" \/><em>A carreta pegou fogo ap\u00f3s tombar em uma curva &#8211; Foto: Bell Silva\/O Popular JM<\/em><br \/>\n<\/br><\/p>\n<p><strong><em>(O Popular Jo\u00e3o Monlevade)<\/em><\/strong><\/p>\n","protected":false},"excerpt":{"rendered":"<p>Um motorista morreu na noite de quinta-feira, 30 de outubro, em um acidente na altura do quil\u00f4metro 153 da BR-262, na Serra do Macuco, em S\u00e3o Domingos do Prata, na regi\u00e3o do M\u00e9dio Piracicaba, em Minas Gerais. De acordo com informa\u00e7\u00f5es da Pol\u00edcia Rodovi\u00e1ria Federal, por volta das 21 horas, a carreta Mercedes Benz, placa [&hellip;]<\/p>\n","protected":false},"author":1,"featured_media":44073,"comment_status":"open","ping_status":"closed","sticky":false,"template":"","format":"standard","meta":{"amp_status":"","footnotes":""},"categories":[123],"tags":[21303,21305,21302,4611,21304,14911],"class_list":["post-44072","post","type-post","status-publish","format-standard","has-post-thumbnail","hentry","category-gerais","tag-acidente-com-carreta-da-milesi-transportes","tag-acidente-na-serra-do-macuco","tag-caminhoneiro-morre-carbonizado-em-acidente-na-br-262-em-sao-domingos-do-prata","tag-guarulhos","tag-milesi-transportes","tag-sao-domingos-do-prata"],"_links":{"self":[{"href":"https:\/\/aconteceunovale.com.br\/portal\/index.php?rest_route=\/wp\/v2\/posts\/44072","targetHints":{"allow":["GET"]}}],"collection":[{"href":"https:\/\/aconteceunovale.com.br\/portal\/index.php?rest_route=\/wp\/v2\/posts"}],"about":[{"href":"https:\/\/aconteceunovale.com.br\/portal\/index.php?rest_route=\/wp\/v2\/types\/post"}],"author":[{"embeddable":true,"href":"https:\/\/aconteceunovale.com.br\/portal\/index.php?rest_route=\/wp\/v2\/users\/1"}],"replies":[{"embeddable":true,"href":"https:\/\/aconteceunovale.com.br\/portal\/index.php?rest_route=%2Fwp%2Fv2%2Fcomments&post=44072"}],"version-history":[{"count":0,"href":"https:\/\/aconteceunovale.com.br\/portal\/index.php?rest_route=\/wp\/v2\/posts\/44072\/revisions"}],"wp:featuredmedia":[{"embeddable":true,"href":"https:\/\/aconteceunovale.com.br\/portal\/index.php?rest_route=\/wp\/v2\/media\/44073"}],"wp:attachment":[{"href":"https:\/\/aconteceunovale.com.br\/portal\/index.php?rest_route=%2Fwp%2Fv2%2Fmedia&parent=44072"}],"wp:term":[{"taxonomy":"category","embeddable":true,"href":"https:\/\/aconteceunovale.com.br\/portal\/index.php?rest_route=%2Fwp%2Fv2%2Fcategories&post=44072"},{"taxonomy":"post_tag","embeddable":true,"href":"https:\/\/aconteceunovale.com.br\/portal\/index.php?rest_route=%2Fwp%2Fv2%2Ftags&post=44072"}],"curies":[{"name":"wp","href":"https:\/\/api.w.org\/{rel}","templated":true}]}}