{"id":44065,"date":"2014-10-31T13:15:58","date_gmt":"2014-10-31T16:15:58","guid":{"rendered":"http:\/\/aconteceunovale.com.br\/portal\/?p=44065"},"modified":"2014-10-31T13:15:58","modified_gmt":"2014-10-31T16:15:58","slug":"policia-prende-suspeitos-de-matar-lider-de-assentamento-no-norte-de-minas","status":"publish","type":"post","link":"https:\/\/aconteceunovale.com.br\/portal\/?p=44065","title":{"rendered":"Pol\u00edcia prende suspeitos de matar l\u00edder de assentamento no Norte de Minas"},"content":{"rendered":"<h4><strong><em>Cleomar Rodrigues de Almeida foi morto a tiros no dia 22 de outubro. A pol\u00edcia investiga se o crime \u00e9 ligado ao conflito de terras<\/em><\/strong><\/h4>\n<div id=\"fb-root\"><\/div>\n<p>\t\t\t\t<script>(function(d, s, id) {\n\t\t\t\t  var js, fjs = d.getElementsByTagName(s)[0];\n\t\t\t\t  if (d.getElementById(id)) return;\n\t\t\t\t  js = d.createElement(s); js.id = id;\n\t\t\t\t  js.src = \"\/\/connect.facebook.net\/pt_BR\/sdk.js#xfbml=1&appId=691575364226355&version=v2.0\";\n\t\t\t\t  fjs.parentNode.insertBefore(js, fjs);\n\t\t\t\t}(document, 'script', 'facebook-jssdk'));<\/script><\/p>\n<div class=\"fb-like\" data-href=\"https:\/\/www.facebook.com\/aconteceunovale\" data-layout=\"button_count\" data-action=\"like\" data-show-faces=\"true\" data-share=\"true\"><\/div>\n<p><\/br><\/p>\n<p>Foram presos na manh\u00e3 desta sexta-feira dois suspeitos do assassinato de Cleomar Rodrigues de Almeida, 49 anos, l\u00edder da Liga Camponesa dos Trabalhadores Pobres do Norte de Minas. O crime aconteceu no \u00faltimo dia 22 em uma estrada que d\u00e1 acesso ao assentamento de sem-terra \u201cUnidos com Deus Venceremos\u201d, no munic\u00edpio de Pedras de Maria da Cruz, no Norte de Minas.<\/p>\n<p>Os dois suspeitos foram presos na regi\u00e3o e levados para a Delegacia de Janu\u00e1ria, h\u00e1 13 quil\u00f4metros de Pedras de Maria da Cruz. Eles tiveram pris\u00e3o tempor\u00e1ria decretada por 30 dias e as investiga\u00e7\u00f5es s\u00e3o comandadas pelo delegado de Homic\u00eddios de Janu\u00e1ria, Ten\u00f3rio Cavalcante Filho. Os suspeitos s\u00e3o Marco Aur\u00e9lio da Cruz Silva, de 22 anos, e o amigo dele, Marcos Ribeiro Gusm\u00e3o, 36 anos, conhecido como Marquinhos. <\/p>\n<p>A pol\u00edcia investiga se o crime \u00e9 ligado ao conflito de terras. O clima tenso envolvendo fazendeiros, trabalhadores sem-terra e comunidades tradicionais motivou a realiza\u00e7\u00e3o de uma audi\u00eancia p\u00fablica em Pedras de Maria da Cruz, organizada pelo Minist\u00e9rio P\u00fablico Federal, no dia 9 de outubro. Durante a reuni\u00e3o, Cleomar Rodrigues refor\u00e7ou a den\u00fancia contra um fazendeiro acusado de fechar as cancelas de uma estrada que d\u00e1 acesso ao assentamento. <\/p>\n<p>No dia 22, uma quarta-feira, ele teria ido \u00e0 cidade de Pedras de Maria da Cruz para comprar mantimentos. Por volta das 19h, quando retornava para o assentamento, em uma moto, foi atingido com um tiro de espingarda calibre 12. As informa\u00e7\u00f5es s\u00e3o do <strong>Jornal Estado de Minas<\/strong>.<\/p>\n","protected":false},"excerpt":{"rendered":"<p>Cleomar Rodrigues de Almeida foi morto a tiros no dia 22 de outubro. A pol\u00edcia investiga se o crime \u00e9 ligado ao conflito de terras Foram presos na manh\u00e3 desta sexta-feira dois suspeitos do assassinato de Cleomar Rodrigues de Almeida, 49 anos, l\u00edder da Liga Camponesa dos Trabalhadores Pobres do Norte de Minas. O crime [&hellip;]<\/p>\n","protected":false},"author":1,"featured_media":32816,"comment_status":"open","ping_status":"closed","sticky":false,"template":"","format":"standard","meta":{"amp_status":"","footnotes":""},"categories":[1236],"tags":[20065,20170,21297,21298,3723,21295,21296],"class_list":["post-44065","post","type-post","status-publish","format-standard","has-post-thumbnail","hentry","category-norte_de_minas","tag-cleomar-rodrigues-de-almeida","tag-lider-da-liga-camponesa-dos-trabalhadores-pobres-do-norte-de-minas","tag-marco-aurelio-da-cruz-silva","tag-marcos-ribeiro-gusmao","tag-pedras-de-maria-da-cruz","tag-policia-prende-suspeitos-de-matar-lider-de-assentamento-no-norte-de-minas","tag-unidos-com-deus-venceremos"],"_links":{"self":[{"href":"https:\/\/aconteceunovale.com.br\/portal\/index.php?rest_route=\/wp\/v2\/posts\/44065","targetHints":{"allow":["GET"]}}],"collection":[{"href":"https:\/\/aconteceunovale.com.br\/portal\/index.php?rest_route=\/wp\/v2\/posts"}],"about":[{"href":"https:\/\/aconteceunovale.com.br\/portal\/index.php?rest_route=\/wp\/v2\/types\/post"}],"author":[{"embeddable":true,"href":"https:\/\/aconteceunovale.com.br\/portal\/index.php?rest_route=\/wp\/v2\/users\/1"}],"replies":[{"embeddable":true,"href":"https:\/\/aconteceunovale.com.br\/portal\/index.php?rest_route=%2Fwp%2Fv2%2Fcomments&post=44065"}],"version-history":[{"count":0,"href":"https:\/\/aconteceunovale.com.br\/portal\/index.php?rest_route=\/wp\/v2\/posts\/44065\/revisions"}],"wp:featuredmedia":[{"embeddable":true,"href":"https:\/\/aconteceunovale.com.br\/portal\/index.php?rest_route=\/wp\/v2\/media\/32816"}],"wp:attachment":[{"href":"https:\/\/aconteceunovale.com.br\/portal\/index.php?rest_route=%2Fwp%2Fv2%2Fmedia&parent=44065"}],"wp:term":[{"taxonomy":"category","embeddable":true,"href":"https:\/\/aconteceunovale.com.br\/portal\/index.php?rest_route=%2Fwp%2Fv2%2Fcategories&post=44065"},{"taxonomy":"post_tag","embeddable":true,"href":"https:\/\/aconteceunovale.com.br\/portal\/index.php?rest_route=%2Fwp%2Fv2%2Ftags&post=44065"}],"curies":[{"name":"wp","href":"https:\/\/api.w.org\/{rel}","templated":true}]}}