{"id":44048,"date":"2014-10-31T11:12:02","date_gmt":"2014-10-31T14:12:02","guid":{"rendered":"http:\/\/aconteceunovale.com.br\/portal\/?p=44048"},"modified":"2014-10-31T11:12:02","modified_gmt":"2014-10-31T14:12:02","slug":"urubu-nao-esta-dando-conta-de-comer-tanto-animal-morto-lamenta-produtor-do-norte-de-minas","status":"publish","type":"post","link":"https:\/\/aconteceunovale.com.br\/portal\/?p=44048","title":{"rendered":"\u201cUrubu n\u00e3o est\u00e1 dando conta de comer tanto animal morto\u201d, lamenta produtor do Norte de Minas"},"content":{"rendered":"<h4><strong><em>Munic\u00edpio de Glaucil\u00e2ndia enfrenta estiagem pelo quarto ano. &#8220;Estamos gastando a \u00faltima reserva para alimentar os animais&#8221;, diz produtor.<\/em><\/strong><\/h4>\n<div id=\"fb-root\"><\/div>\n<p>\t\t\t\t<script>(function(d, s, id) {\n\t\t\t\t  var js, fjs = d.getElementsByTagName(s)[0];\n\t\t\t\t  if (d.getElementById(id)) return;\n\t\t\t\t  js = d.createElement(s); js.id = id;\n\t\t\t\t  js.src = \"\/\/connect.facebook.net\/pt_BR\/sdk.js#xfbml=1&appId=691575364226355&version=v2.0\";\n\t\t\t\t  fjs.parentNode.insertBefore(js, fjs);\n\t\t\t\t}(document, 'script', 'facebook-jssdk'));<\/script><\/p>\n<div class=\"fb-like\" data-href=\"https:\/\/www.facebook.com\/aconteceunovale\" data-layout=\"button_count\" data-action=\"like\" data-show-faces=\"true\" data-share=\"true\"><\/div>\n<p><\/br><\/p>\n<p>A cena desoladora no munic\u00edpio de Glaucil\u00e2ndia representa mais ou menos o que \u00e9 qualquer crise: muitos sofrem e alguns conseguem tirar vantagem da situa\u00e7\u00e3o. Na cidade no norte de Minas Gerais, a seca est\u00e1 deixando um rastro de animais em decomposi\u00e7\u00e3o e favorecendo a cadeia alimentar de outros. &#8220;Eles morrem de fome e sede e os urubus n\u00e3o est\u00e3o dando conta de comer tanto animal nessa regi\u00e3o&#8221;, lamenta o produtor Manoel Vieira, de 75 anos, todos vividos na ro\u00e7a.<\/p>\n<p><img decoding=\"async\" src=\"http:\/\/aconteceunovale.com.br\/portal\/wp-content\/uploads\/2014\/10\/seca_norte_minas_glaucilandia_1.jpg\" alt=\"\" \/><em>A seca no norte de Minas Gerais mata animais e atrai urubus da regi\u00e3o (Foto: Valdiran Veloso\/G1)<\/em><br \/>\n<\/br><\/p>\n<p>De janeiro a setembro deste ano choveu apenas 104 mil\u00edmetros &#8211; a \u00faltima gota caiu em abril. Para efeito de compara\u00e7\u00e3o, foram registrados 1.197 mil\u00edmetros de chuva ao longo do ano passado &#8211; e essa quantidade n\u00e3o foi suficiente para repor o n\u00edvel dos rios no munic\u00edpio. Rios importantes como o Rio das Pedras e Verde Grande, afluente do S\u00e3o Francisco, est\u00e3o secando por causa da estiagem prolongada. Segundo ambientalistas do Instituto Vidas \u00c1ridas, a regi\u00e3o vive o quarto ano de uma estiagem prolongada que \u00e9 considerada a pior dos \u00faltimos 50 anos.<\/p>\n<p>O local que Manoel Vieira tinha destinado ao pasto agora n\u00e3o passa de terra batida, que n\u00e3o brota nem uma muda de capim. O sonho de se tornar grande criador de gado virou luta para n\u00e3o deixar morrer os oito animais restantes na propriedade.<\/p>\n<p>&#8220;Nunca vi algo igual. O tempo j\u00e1 foi muito bom, mas agora \u00e9 esperar ajuda de Deus. N\u00e3o h\u00e1 mais pasto, \u00e9 tudo terra. J\u00e1 tentei vender, mas ningu\u00e9m aqui quer comprar, porque \u00e9 quase certo que v\u00e3o morrer de sede\u201d, afirma.<\/p>\n<p><img decoding=\"async\" src=\"http:\/\/aconteceunovale.com.br\/portal\/wp-content\/uploads\/2014\/10\/seca_norte_minas_glaucilandia_2.jpg\" alt=\"\" \/><br \/>\n<\/br><\/p>\n<p>Neste munic\u00edpio com cerca de 3.000 habitantes, a principal fonte de renda prov\u00e9m da agricultura familiar, mas a seca tem trazido s\u00e9rias consequ\u00eancias para as lavouras. De acordo com dados da Empresa de Assist\u00eancia T\u00e9cnica e Extens\u00e3o Rural (Emater), somente na safra 2013\/2014, a seca gerou um preju\u00edzo de mais de R$ 3 milh\u00f5es para o munic\u00edpio. A perda na lavoura de milho foi de 80% e a de feij\u00e3o foi de 100%.<\/p>\n<p>Lavar vasilha na torneira \u00e9 coisa de luxo na casa de Maria Aparecida Siqueira. Com o marido desempregado e um filho portador de defici\u00eancia mental, os problemas se agravam com a falta d&#8217;\u00e1gua. \u201cQuando chega \u00e1gua do po\u00e7o, \u00e9 uma \u00e1gua calc\u00e1ria. Ent\u00e3o, tenho que buscar nos vizinhos, muitas vezes, no balde mesmo, s\u00f3 para beber\u201d, explica.<\/p>\n<p>A produtora Vanderl\u00facia Gomes preparou parte de terreno para cultivar alimentos de subsist\u00eancia, mas poucas brotaram. &#8220;J\u00e1 faz algum tempo que n\u00e3o comemos quase nada daqui, temos que comprar&#8221;, afirma.<\/p>\n<p><img decoding=\"async\" src=\"http:\/\/aconteceunovale.com.br\/portal\/wp-content\/uploads\/2014\/10\/seca_norte_minas_glaucilandia_3.jpg\" alt=\"\" \/><em>Animais mortos v\u00edtimas da seca em Glaucil\u00e2ndia (Foto: Valdiran Veloso\/G1)<\/em><br \/>\n<\/br><\/p>\n<p>Em Minas Gerais, 168 munic\u00edpios decretaram estado de emerg\u00eancia por causa da seca. 95 deles s\u00e3o do norte e noroeste do estado. Os preju\u00edzos advindos das \u00faltimas tr\u00eas secas consecutivas no norte do estado, segundo a Emater, somam R$ 800 milh\u00f5es.<\/p>\n<p>Vanderl\u00facia faz parte das 121 fam\u00edlias do munic\u00edpio cadastradas no programa Garantia-Safra. Segundo o gestor municipal, um novo cadastro est\u00e1 sendo realizado para aumentar o n\u00famero de fam\u00edlias atendidas pelo programa.<\/p>\n<h4>Sem \u00e1gua no len\u00e7ol<\/h4>\n<p>Muitos po\u00e7os artesianos s\u00e3o abertos na regi\u00e3o, mas n\u00e3o encontram \u00e1gua no len\u00e7ol fre\u00e1tico. Cen\u00e1rio vivido no munic\u00edpio que desaminou o gestor municipal.<\/p>\n<p>\u201cPrecisamos de chuva. Os po\u00e7os artesianos j\u00e1 n\u00e3o d\u00e3o conta de atender a popula\u00e7\u00e3o. A seca gera problemas em cadeia, pois o lavrador n\u00e3o produz e, assim, o dinheiro tamb\u00e9m n\u00e3o circula no com\u00e9rcio\u201d, afirma o prefeito Geraldo Martins.<\/p>\n<p><img decoding=\"async\" src=\"http:\/\/aconteceunovale.com.br\/portal\/wp-content\/uploads\/2014\/10\/seca_norte_minas_glaucilandia_4.jpg\" alt=\"\" \/><em>&#8216;Pe\u00e7o a Deus que mande chuva para gente. Est\u00e1 muito dif\u00edcil, n\u00e3o tem pasto e nem \u00e1gua&#8217;, diz Manoel Teixeira (Foto: Valdiran Veloso\/G1)<\/em><br \/>\n<\/br><\/p>\n<p>Manoel Teixeira, de 52 anos, \u00e9 outro sertanejo que luta contra a seca. A espera da chuva preparou a terra e as sementes plantadas serviram de alimento para os p\u00e1ssaros que tamb\u00e9m lutam pela sobreviv\u00eancia na regi\u00e3o.<\/p>\n<p>\u201cArei a terra e j\u00e1 perdi muitas sementes, as que n\u00e3o queimaram no sol serviram de comida dos p\u00e1ssaros\u201d. Mesmo assim, com o esp\u00edrito de homem da ro\u00e7a, ele n\u00e3o desiste, mesmo diante do sol forte e da poeira intensa do sert\u00e3o. Com o olhar distante e cansado, afirma que n\u00e3o pretende deixar seu peda\u00e7o de ch\u00e3o e os animais que possui.<\/p>\n<p>\u201cPe\u00e7o a Deus que mande chuva para gente. Est\u00e1 muito dif\u00edcil, n\u00e3o tem pasto e nem \u00e1gua. S\u00f3 Ele pode nos ajudar\u201d, clama.<\/p>\n<p><img decoding=\"async\" src=\"http:\/\/aconteceunovale.com.br\/portal\/wp-content\/uploads\/2014\/10\/seca_norte_minas_glaucilandia_5.jpg\" alt=\"\" \/><em>Produtores de Glaucil\u00e2ndia, no norte de Minas Gerais, enfrentam preju\u00edzos por causa da estiagem prolongada (Foto: Valdiran Veloso\/G1)<\/em><br \/>\n<\/br><\/p>\n<p>J\u00e1 na fazenda do criador de gado leiteiro Marcelo Brant a falta de \u00e1gua gerou problemas para manter a produ\u00e7\u00e3o. A expectativa, com o mesmo n\u00famero de vacas, era de 500 litros de leite por dia, mas consegue no m\u00e1ximo 150 litros.<\/p>\n<p>Segundo o produtor, h\u00e1 cerca de tr\u00eas meses acumula um preju\u00edzo mensal de R$ 7 mil para manter a fazenda. Ele tamb\u00e9m est\u00e1 cortando a lavoura de milho antecipadamente para n\u00e3o deixar o gado morrer. \u201cEstamos gastando a \u00faltima reserva para alimentar os animais. Daqui para frente n\u00e3o d\u00e1 mais\u201d, diz.<\/p>\n<p><strong><em>(Fonte: Inter TV Grande Minas \/ G1)<\/em><\/strong><\/p>\n","protected":false},"excerpt":{"rendered":"<p>Munic\u00edpio de Glaucil\u00e2ndia enfrenta estiagem pelo quarto ano. &#8220;Estamos gastando a \u00faltima reserva para alimentar os animais&#8221;, diz produtor. A cena desoladora no munic\u00edpio de Glaucil\u00e2ndia representa mais ou menos o que \u00e9 qualquer crise: muitos sofrem e alguns conseguem tirar vantagem da situa\u00e7\u00e3o. Na cidade no norte de Minas Gerais, a seca est\u00e1 deixando [&hellip;]<\/p>\n","protected":false},"author":1,"featured_media":44049,"comment_status":"open","ping_status":"closed","sticky":false,"template":"","format":"standard","meta":{"amp_status":"","footnotes":""},"categories":[1236],"tags":[1018,1693,21284,15876,21283,21282],"class_list":["post-44048","post","type-post","status-publish","format-standard","has-post-thumbnail","hentry","category-norte_de_minas","tag-destaque","tag-glaucilandia","tag-seca-em-glaucilandia","tag-seca-no-norte-de-minas","tag-urubu-nao-esta-dando-conta-de-comer-tanto-animal-morto-lamenta-produtor-de-glaucilandia","tag-urubu-nao-esta-dando-conta-de-comer-tanto-animal-morto-lamenta-produtor-do-norte-de-minas"],"_links":{"self":[{"href":"https:\/\/aconteceunovale.com.br\/portal\/index.php?rest_route=\/wp\/v2\/posts\/44048","targetHints":{"allow":["GET"]}}],"collection":[{"href":"https:\/\/aconteceunovale.com.br\/portal\/index.php?rest_route=\/wp\/v2\/posts"}],"about":[{"href":"https:\/\/aconteceunovale.com.br\/portal\/index.php?rest_route=\/wp\/v2\/types\/post"}],"author":[{"embeddable":true,"href":"https:\/\/aconteceunovale.com.br\/portal\/index.php?rest_route=\/wp\/v2\/users\/1"}],"replies":[{"embeddable":true,"href":"https:\/\/aconteceunovale.com.br\/portal\/index.php?rest_route=%2Fwp%2Fv2%2Fcomments&post=44048"}],"version-history":[{"count":0,"href":"https:\/\/aconteceunovale.com.br\/portal\/index.php?rest_route=\/wp\/v2\/posts\/44048\/revisions"}],"wp:featuredmedia":[{"embeddable":true,"href":"https:\/\/aconteceunovale.com.br\/portal\/index.php?rest_route=\/wp\/v2\/media\/44049"}],"wp:attachment":[{"href":"https:\/\/aconteceunovale.com.br\/portal\/index.php?rest_route=%2Fwp%2Fv2%2Fmedia&parent=44048"}],"wp:term":[{"taxonomy":"category","embeddable":true,"href":"https:\/\/aconteceunovale.com.br\/portal\/index.php?rest_route=%2Fwp%2Fv2%2Fcategories&post=44048"},{"taxonomy":"post_tag","embeddable":true,"href":"https:\/\/aconteceunovale.com.br\/portal\/index.php?rest_route=%2Fwp%2Fv2%2Ftags&post=44048"}],"curies":[{"name":"wp","href":"https:\/\/api.w.org\/{rel}","templated":true}]}}