{"id":44038,"date":"2014-10-31T10:04:19","date_gmt":"2014-10-31T13:04:19","guid":{"rendered":"http:\/\/aconteceunovale.com.br\/portal\/?p=44038"},"modified":"2014-10-31T10:04:33","modified_gmt":"2014-10-31T13:04:33","slug":"transito-sera-alterado-na-area-central-de-capelinha","status":"publish","type":"post","link":"https:\/\/aconteceunovale.com.br\/portal\/?p=44038","title":{"rendered":"Tr\u00e2nsito ser\u00e1 alterado na \u00e1rea central de Capelinha"},"content":{"rendered":"<div id=\"fb-root\"><\/div>\n<p>\t\t\t\t<script>(function(d, s, id) {\n\t\t\t\t  var js, fjs = d.getElementsByTagName(s)[0];\n\t\t\t\t  if (d.getElementById(id)) return;\n\t\t\t\t  js = d.createElement(s); js.id = id;\n\t\t\t\t  js.src = \"\/\/connect.facebook.net\/pt_BR\/sdk.js#xfbml=1&appId=691575364226355&version=v2.0\";\n\t\t\t\t  fjs.parentNode.insertBefore(js, fjs);\n\t\t\t\t}(document, 'script', 'facebook-jssdk'));<\/script><\/p>\n<div class=\"fb-like\" data-href=\"https:\/\/www.facebook.com\/aconteceunovale\" data-layout=\"button_count\" data-action=\"like\" data-show-faces=\"true\" data-share=\"true\"><\/div>\n<p><\/br><\/p>\n<p>O tr\u00e2nsito em seis pontos da \u00e1rea central de Capelinha, no Vale do Jequitinhonha, dever\u00e1 sofrer mudan\u00e7as at\u00e9 dia 10 de novembro, segunda-feira. As altera\u00e7\u00f5es foram aprovadas na manh\u00e3 desta quinta-feira, 30 de outubro, durante reuni\u00e3o da Comiss\u00e3o Municipal de Tr\u00e2nsito de Capelinha (CMTC), objetivando melhorar o tr\u00e2nsito na \u00e1rea central da cidade.<\/p>\n<p>Al\u00e9m das altera\u00e7\u00f5es, a Comiss\u00e3o discutiu a possibilidade de cria\u00e7\u00e3o de um setor na Prefeitura que se responsabilize pelo recebimento sugest\u00f5es e reclama\u00e7\u00f5es da popula\u00e7\u00e3o sobre poss\u00edveis outras mudan\u00e7as no tr\u00e2nsito.<\/p>\n<p>Outro assunto tamb\u00e9m colocado em pauta foi \u00e0 necessidade de acionar o Departamento de Fiscaliza\u00e7\u00e3o para alertar comerciantes sobre sinaliza\u00e7\u00f5es irregulares com cones, cavaletes, placas e outros objetos. <\/p>\n<p>De acordo com o Tenente Alan Freitas, membro integrante da Comiss\u00e3o, \u00e9 necess\u00e1rio um estudo mais abrangente e a\u00e7\u00f5es en\u00e9rgicas para garantir a melhoria no tr\u00e2nsito de Capelinha. J\u00e1 o Secret\u00e1rio Municipal de Transportes, Reomar Rodrigues, fez quest\u00e3o de destacar a import\u00e2ncia da atua\u00e7\u00e3o da Comiss\u00e3o na aprova\u00e7\u00e3o de mudan\u00e7as no tr\u00e2nsito. <\/p>\n<p>A Comiss\u00e3o \u00e9 presidida Pelo Secret\u00e1rio Municipal de Transportes, Reomar Rodrigues, e tem a participa\u00e7\u00e3o de representantes da Secretaria Municipal de Obras, Pol\u00edcia Militar, Vereadores, Pol\u00edcia Civil, Delegacia de Tr\u00e2nsito, Sociedade Civil, Perito e Psic\u00f3loga especializada em Tr\u00e2nsito.<\/p>\n<h4>Mudan\u00e7as aprovadas<\/h4>\n<p>Previstas para acontecerem at\u00e9 o dia 10 de novembro, mudan\u00e7as ocorrer\u00e3o em diversas vias p\u00fablicas para melhorar o tr\u00e2nsito na cidade.<\/p>\n<p><strong>Rua Ozanam Pimenta<\/strong> \u2013 Proibi\u00e7\u00e3o de estacionamento nos dois sentidos da via, da esquina da Padaria S\u00e3o Geraldo at\u00e9 a altura do n\u00famero 136, de Segunda a S\u00e1bado. Ser\u00e3o permitidas Carga e Descarga das 19 \u00e0s 06 horas da manh\u00e3.<\/p>\n<p><strong>Avenida Cl\u00f3vis Pimenta<\/strong> \u2013 Estacionamento regulamentado para ve\u00edculos leves a partir da esquina com a Rua Governador Valadares at\u00e9 esquina com a Rua Nicodemos Evaristo, no lado esquerdo da via para quem sobe. Est\u00e1 sendo estudado estacionamento para \u00f4nibus no trecho acima da Rua Nicodemos Evaristo at\u00e9 a entrada do Parque da Barraginha.<\/p>\n<p><strong>Rua Governador Valadares<\/strong> \u2013 Estacionamento Proibido da esquina do Posto Panorama at\u00e9 a esquina da Rua Tamboril. Nesse mesmo trecho, ser\u00e1 regulamentado estacionamento para ve\u00edculos leves do lado esquerdo para quem sobe.<\/p>\n<p><strong>Avenida JK <\/strong>\u2013 Proibi\u00e7\u00e3o de estacionamento de ve\u00edculos para quem sai da Rua Jacinto Jos\u00e9 Ribeiro, (Rua das Flores) e vai sentido Hospital, do n\u00famero 7 ao 160, e permitido estacionamento do lado contr\u00e1rio da via. <\/p>\n<p><strong>Estacionamentos Privativos<\/strong> \u2013 A comiss\u00e3o Municipal de Tr\u00e2nsito tamb\u00e9m aprovou por unanimidade a retirada de placas de estacionamentos privativos na frente do F\u00f3rum, Copasa, \u00d3rg\u00e3os Estaduais e Federais.<\/p>\n<p><em>(Ascom da Prefeitura de Capelinha)<\/em><\/p>\n","protected":false},"excerpt":{"rendered":"<p>O tr\u00e2nsito em seis pontos da \u00e1rea central de Capelinha, no Vale do Jequitinhonha, dever\u00e1 sofrer mudan\u00e7as at\u00e9 dia 10 de novembro, segunda-feira. As altera\u00e7\u00f5es foram aprovadas na manh\u00e3 desta quinta-feira, 30 de outubro, durante reuni\u00e3o da Comiss\u00e3o Municipal de Tr\u00e2nsito de Capelinha (CMTC), objetivando melhorar o tr\u00e2nsito na \u00e1rea central da cidade. Al\u00e9m das [&hellip;]<\/p>\n","protected":false},"author":1,"featured_media":38381,"comment_status":"open","ping_status":"closed","sticky":false,"template":"","format":"standard","meta":{"amp_status":"","footnotes":""},"categories":[120],"tags":[21274,132,21275,21273],"class_list":["post-44038","post","type-post","status-publish","format-standard","has-post-thumbnail","hentry","category-jequi","tag-alteracoes-no-transito-em-capelinha","tag-capelinha","tag-transito-em-capelinha","tag-transito-sera-alterado-na-area-central-de-capelinha"],"_links":{"self":[{"href":"https:\/\/aconteceunovale.com.br\/portal\/index.php?rest_route=\/wp\/v2\/posts\/44038","targetHints":{"allow":["GET"]}}],"collection":[{"href":"https:\/\/aconteceunovale.com.br\/portal\/index.php?rest_route=\/wp\/v2\/posts"}],"about":[{"href":"https:\/\/aconteceunovale.com.br\/portal\/index.php?rest_route=\/wp\/v2\/types\/post"}],"author":[{"embeddable":true,"href":"https:\/\/aconteceunovale.com.br\/portal\/index.php?rest_route=\/wp\/v2\/users\/1"}],"replies":[{"embeddable":true,"href":"https:\/\/aconteceunovale.com.br\/portal\/index.php?rest_route=%2Fwp%2Fv2%2Fcomments&post=44038"}],"version-history":[{"count":0,"href":"https:\/\/aconteceunovale.com.br\/portal\/index.php?rest_route=\/wp\/v2\/posts\/44038\/revisions"}],"wp:featuredmedia":[{"embeddable":true,"href":"https:\/\/aconteceunovale.com.br\/portal\/index.php?rest_route=\/wp\/v2\/media\/38381"}],"wp:attachment":[{"href":"https:\/\/aconteceunovale.com.br\/portal\/index.php?rest_route=%2Fwp%2Fv2%2Fmedia&parent=44038"}],"wp:term":[{"taxonomy":"category","embeddable":true,"href":"https:\/\/aconteceunovale.com.br\/portal\/index.php?rest_route=%2Fwp%2Fv2%2Fcategories&post=44038"},{"taxonomy":"post_tag","embeddable":true,"href":"https:\/\/aconteceunovale.com.br\/portal\/index.php?rest_route=%2Fwp%2Fv2%2Ftags&post=44038"}],"curies":[{"name":"wp","href":"https:\/\/api.w.org\/{rel}","templated":true}]}}