{"id":44026,"date":"2014-10-31T09:25:10","date_gmt":"2014-10-31T12:25:10","guid":{"rendered":"http:\/\/aconteceunovale.com.br\/portal\/?p=44026"},"modified":"2014-10-31T09:25:10","modified_gmt":"2014-10-31T12:25:10","slug":"dona-izabel-a-mais-famosa-bonequeira-do-vale-do-jequitinhonha-morre-aos-90-anos","status":"publish","type":"post","link":"https:\/\/aconteceunovale.com.br\/portal\/?p=44026","title":{"rendered":"Dona Izabel, a mais famosa bonequeira do Vale do Jequitinhonha, morre aos 90 anos"},"content":{"rendered":"<h4><strong><em>Ele morreu de c\u00e2ncer. Com suas m\u00e3os, transformava barro em pe\u00e7a de arte, trazendo visibilidade ao artesanato mineiro<\/em><\/strong><\/h4>\n<div id=\"fb-root\"><\/div>\n<p>\t\t\t\t<script>(function(d, s, id) {\n\t\t\t\t  var js, fjs = d.getElementsByTagName(s)[0];\n\t\t\t\t  if (d.getElementById(id)) return;\n\t\t\t\t  js = d.createElement(s); js.id = id;\n\t\t\t\t  js.src = \"\/\/connect.facebook.net\/pt_BR\/sdk.js#xfbml=1&appId=691575364226355&version=v2.0\";\n\t\t\t\t  fjs.parentNode.insertBefore(js, fjs);\n\t\t\t\t}(document, 'script', 'facebook-jssdk'));<\/script><\/p>\n<div class=\"fb-like\" data-href=\"https:\/\/www.facebook.com\/aconteceunovale\" data-layout=\"button_count\" data-action=\"like\" data-show-faces=\"true\" data-share=\"true\"><\/div>\n<p><\/br><br \/>\nUma semana antes de morrer, dona Izabel, a bonequeira mais famosa de Minas Gerais, estava baqueada, sentindo muitas dores devido a um c\u00e2ncer no intestino. Mesmo assim, continuava fazendo o que mais lhe dava prazer: modelar o barro, ass\u00e1-lo em fornos de argila e transform\u00e1-lo em obra de arte. A artista, de 90 anos, n\u00e3o resistiu \u00e0 doen\u00e7a, diagnosticada h\u00e1 apenas tr\u00eas meses, e morreu ontem no hospital de Santana do Ara\u00e7ua\u00ed, distrito de Ponto dos Volantes, no Vale do Jequitinhonha. O enterro est\u00e1 marcado para hoje, no cemit\u00e9rio local.<\/p>\n<p><img decoding=\"async\" alt=\"\" src=\"http:\/\/aconteceunovale.com.br\/portal\/wp-content\/uploads\/2014\/10\/dona_izabel_vale_2.jpg\" \/><em>Dona Izabel e suas noivas de barro &#8211; Foto: Reprodu\u00e7\u00e3o<\/em><br \/>\n<\/br><\/p>\n<p>\u201cO c\u00e2ncer estava muito avan\u00e7ado. O m\u00e9dico n\u00e3o recomendou nem operar. Infelizmente, n\u00e3o tinha mais jeito. Ela ainda estava conversando, mas piorou na segunda-feira. As dores eram t\u00e3o fortes que nem com a morfina estava dando conta\u201d, informou a neta da artista, a ceramista Andreia Pereira de Andrade.<\/p>\n<p>A fam\u00edlia est\u00e1 baqueada com a morte da matriarca, pois dona Izabel sempre foi mulher forte e saud\u00e1vel. Andreia conta que a av\u00f3 recomendava aos filhos e netos que n\u00e3o se desesperassem no dia de sua partida, pois j\u00e1 havia cumprido sua miss\u00e3o no mundo. \u201cEla sempre falava que tinha vivido o suficiente e se considerava uma pessoa feliz. Dizia para gente ficar sossegado. \u00c9 dif\u00edcil, vamos sentir muita falta, mas tentaremos levar da melhor forma poss\u00edvel\u201d, afirma Andreia.<\/p>\n<p>A neta espera que a obra da av\u00f3 continue a ser valorizada e que seu legado se perpetue. \u201cComo parte da fam\u00edlia e como aprendiz de sua arte, s\u00f3 tenho a agradecer. Mais do que nunca, temos que mostrar o trabalho dela. Minha av\u00f3 divulgou Santana do Ara\u00e7ua\u00ed e o Vale do Jequitinhonha para o Brasil e o mundo. Sua obra vai ficar, \u00e9 isso que importa\u201d, destaca.<\/p>\n<p>Admiradora do trabalho de dona Izabel, a colecionadora Priscila Freire, ex-diretora do Museu de Arte da Pampulha (MAP), considera a ceramista figura \u201cquase mitol\u00f3gica\u201d, hors concours das artes. A especialista lembra que Izabel ganhou o Pr\u00eamio Unesco de Artesanato para a Am\u00e9rica Latina (2004), entre outras condecora\u00e7\u00f5es.<\/p>\n<p><center><\/p>\n<h4>Conhe\u00e7a um pouco da hist\u00f3ria de Dona Izabel<\/h4>\n<p><\/center><\/p>\n<p><iframe loading=\"lazy\" src=\"\/\/www.youtube.com\/embed\/RPkG0RF12RA\" height=\"480\" width=\"640\" allowfullscreen=\"\" frameborder=\"0\"><\/iframe><\/p>\n<p><center><\/p>\n<h4>Legado de Dona Izabel<\/h4>\n<p><\/center><\/p>\n<p>[image src=&#8221;http:\/\/aconteceunovale.com.br\/portal\/wp-content\/uploads\/2014\/10\/dona_izabel_vale_3.jpg&#8221; width=&#8221;330&#8243; height=&#8221;450&#8243; lightbox=&#8221;yes&#8221; align=&#8221;left&#8221; float=&#8221;left&#8221;]\u201cAquelas bonecas s\u00e3o de uma import\u00e2ncia \u00fanica. Inconfund\u00edveis, parecem rainhas, santas de altar\u201d, afirma Priscila Freire. Para a ex-diretora do MAP, a artista criou uma cer\u00e2mica contempor\u00e2nea \u2013 fugiu do barroco, mas dentro de moldes modernos. \u201cSem falar que ela deixou um legado n\u00e3o s\u00f3 dentro da pr\u00f3pria fam\u00edlia, pois a filha e a neta seguem seus passos, mas alavancou todo o artesanato de barro do Vale. Foi pioneira. Tenho v\u00e1rias pe\u00e7as dela. \u00c9 enorme a alegria de olhar para as bonecas, especificamente para a que batizei de Nefertiti Brasileira. Definitivamente, dona Izabel deixa heran\u00e7a de muita qualidade e um trabalho bel\u00edssimo, reconhecido nacionalmente e internacionalmente\u201d, enfatiza.<\/p>\n<p>A produtora cultural Maria Am\u00e9lia Dorneles, que tamb\u00e9m coleciona obras da artista, conhece a fam\u00edlia de Izabel h\u00e1 mais de 30 anos. \u201cEla \u00e9 a grande bonequeira do pa\u00eds, marcante para a hist\u00f3ria da arte popular em Minas Gerais. Temos pe\u00e7as maravilhosas dela espalhadas por alguns museus de BH e do estado. Aquelas bonecas realmente t\u00eam a cara das mulheres do Vale\u201d, comenta.<\/p>\n<p>Maria Am\u00e9lia destaca a import\u00e2ncia de dona Izabel como mestra. \u201cEla nunca se negou a passar o seu conhecimento para ningu\u00e9m. Muito pelo contr\u00e1rio\u201d, conclui.<\/p>\n<p><center><\/p>\n<h4>Do Vale para o mundo<\/h4>\n<p><\/center><\/p>\n<p>Izabel Mendes da Cunha nasceu em 3 de agosto de 1924, na comunidade rural de C\u00f3rrego Novo, no Vale do Jequitinhonha. Filha de paneleiras que vendiam utilit\u00e1rios de barro, fazia bonecas de barro para brincar, escondida da m\u00e3e. Autodidata, sempre modelou rostos com fei\u00e7\u00f5es mais s\u00e9rias. As famosas bonecas, que come\u00e7aram a ser criadas nos anos 1970, t\u00eam origem em moringas de barro cujas tampas eram cabe\u00e7as.<\/p>\n<p><img decoding=\"async\" alt=\"\" src=\"http:\/\/aconteceunovale.com.br\/portal\/wp-content\/uploads\/2014\/10\/dona_izabel_vale_1.jpg\" \/><em>A presidente da Rep\u00fablica, Dilma Rousseff, cumprimenta dona Izabel &#8211; Foto: Reprodu\u00e7\u00e3o<\/em><br \/>\n<\/br><\/p>\n<p>As pe\u00e7as se tornaram populares gra\u00e7as \u00e0 Comiss\u00e3o de Desenvolvimento do Vale do Jequitinhonha, que comprava o artesanato local para revenda, e a um colecionador franc\u00eas, que levava as bonecas para sua galeria, em S\u00e3o Paulo.<\/p>\n<p>Em 2003, as bonecas de dona Izabel foram parar na S\u00e3o Paulo Fashion Week, quando o estilista Ronaldo Fraga homenageou as ceramistas do Vale do Jequitinhonha. M\u00e3e de quatro filhos, ela recebeu v\u00e1rios pr\u00eamios, como o Unesco de Artesanato para a Am\u00e9rica Latina (2004), a Ordem do M\u00e9rito Cultural (concedida pelo Minist\u00e9rio da Cultura, 2005) e o Pr\u00eamio Culturas Populares (Minist\u00e9rio da Cultura, 2009).<\/p>\n<p>Dona Izabel foi tamb\u00e9m homenageada pela presidente Dilma Rousseff durante a abertura da exposi\u00e7\u00e3o Mulheres artistas e brasileiras, no Pal\u00e1cio do Planalto, em Bras\u00edlia. As informa\u00e7\u00f5es s\u00e3o do <strong>Jornal Estado de Minas<\/strong>.<\/p>\n","protected":false},"excerpt":{"rendered":"<p>Ele morreu de c\u00e2ncer. Com suas m\u00e3os, transformava barro em pe\u00e7a de arte, trazendo visibilidade ao artesanato mineiro Uma semana antes de morrer, dona Izabel, a bonequeira mais famosa de Minas Gerais, estava baqueada, sentindo muitas dores devido a um c\u00e2ncer no intestino. Mesmo assim, continuava fazendo o que mais lhe dava prazer: modelar o [&hellip;]<\/p>\n","protected":false},"author":1,"featured_media":44029,"comment_status":"open","ping_status":"closed","sticky":false,"template":"","format":"standard","meta":{"amp_status":"","footnotes":""},"categories":[120],"tags":[21258,1223,21255,21256,4678,1018,2162,21250,21251,21249,21257,21254,21253,21252,444,10909],"class_list":["post-44026","post","type-post","status-publish","format-standard","has-post-thumbnail","hentry","category-jequi","tag-adeus-a-dona-izabel-bonequeira","tag-artesanato-do-vale-do-jequitinhonha","tag-bonecas-do-vale-do-jequitinhonha","tag-bonequeira-do-vale-do-jequitinhonha","tag-corrego-novo","tag-destaque","tag-dilma-rousseff","tag-dona-izabel","tag-dona-izabel-a-mais-famosa-bonequeira-do-vale-do-jequitinhonha-morre-aos-90-anos","tag-famosa-bonequeira-do-vale-do-jequitinhonha","tag-homenagem-a-dona-izabel-bonequeira","tag-izabel-mendes-da-cunha","tag-maria-amelia-dorneles","tag-morre-dona-izabel-a-bonequeira-do-vale-do-jequitinhonha","tag-ponto-dos-volantes","tag-santana-do-aracuai"],"_links":{"self":[{"href":"https:\/\/aconteceunovale.com.br\/portal\/index.php?rest_route=\/wp\/v2\/posts\/44026","targetHints":{"allow":["GET"]}}],"collection":[{"href":"https:\/\/aconteceunovale.com.br\/portal\/index.php?rest_route=\/wp\/v2\/posts"}],"about":[{"href":"https:\/\/aconteceunovale.com.br\/portal\/index.php?rest_route=\/wp\/v2\/types\/post"}],"author":[{"embeddable":true,"href":"https:\/\/aconteceunovale.com.br\/portal\/index.php?rest_route=\/wp\/v2\/users\/1"}],"replies":[{"embeddable":true,"href":"https:\/\/aconteceunovale.com.br\/portal\/index.php?rest_route=%2Fwp%2Fv2%2Fcomments&post=44026"}],"version-history":[{"count":0,"href":"https:\/\/aconteceunovale.com.br\/portal\/index.php?rest_route=\/wp\/v2\/posts\/44026\/revisions"}],"wp:featuredmedia":[{"embeddable":true,"href":"https:\/\/aconteceunovale.com.br\/portal\/index.php?rest_route=\/wp\/v2\/media\/44029"}],"wp:attachment":[{"href":"https:\/\/aconteceunovale.com.br\/portal\/index.php?rest_route=%2Fwp%2Fv2%2Fmedia&parent=44026"}],"wp:term":[{"taxonomy":"category","embeddable":true,"href":"https:\/\/aconteceunovale.com.br\/portal\/index.php?rest_route=%2Fwp%2Fv2%2Fcategories&post=44026"},{"taxonomy":"post_tag","embeddable":true,"href":"https:\/\/aconteceunovale.com.br\/portal\/index.php?rest_route=%2Fwp%2Fv2%2Ftags&post=44026"}],"curies":[{"name":"wp","href":"https:\/\/api.w.org\/{rel}","templated":true}]}}