{"id":44023,"date":"2014-10-31T09:03:00","date_gmt":"2014-10-31T12:03:00","guid":{"rendered":"http:\/\/aconteceunovale.com.br\/portal\/?p=44023"},"modified":"2014-10-31T09:03:28","modified_gmt":"2014-10-31T12:03:28","slug":"rei-da-cachaca-tumultua-forum-de-salinas-durante-audiencia","status":"publish","type":"post","link":"https:\/\/aconteceunovale.com.br\/portal\/?p=44023","title":{"rendered":"&#8220;Rei da cacha\u00e7a&#8221; tumultua f\u00f3rum de Salinas durante audi\u00eancia"},"content":{"rendered":"<h4><strong><em>Antonio Eust\u00e1quio Rodrigues, de 66 anos, prestou depoimento em audi\u00eancia de instru\u00e7\u00e3o e julgamento<\/em><\/strong><\/h4>\n<div id=\"fb-root\"><\/div>\n<p>\t\t\t\t<script>(function(d, s, id) {\n\t\t\t\t  var js, fjs = d.getElementsByTagName(s)[0];\n\t\t\t\t  if (d.getElementById(id)) return;\n\t\t\t\t  js = d.createElement(s); js.id = id;\n\t\t\t\t  js.src = \"\/\/connect.facebook.net\/pt_BR\/sdk.js#xfbml=1&appId=691575364226355&version=v2.0\";\n\t\t\t\t  fjs.parentNode.insertBefore(js, fjs);\n\t\t\t\t}(document, 'script', 'facebook-jssdk'));<\/script><\/p>\n<div class=\"fb-like\" data-href=\"https:\/\/www.facebook.com\/aconteceunovale\" data-layout=\"button_count\" data-action=\"like\" data-show-faces=\"true\" data-share=\"true\"><\/div>\n<p><\/br><\/p>\n<p>Depoimento do empres\u00e1rio Antonio Eust\u00e1quio Rodrigues, de 66 anos, chamado de \u201crei da cacha\u00e7a\u201d, por ser considerado o maior produtor artesanal da bebida no pa\u00eds, tumultuou o F\u00f3rum de Salinas, no Norte de Minas. Preso preventivamente na Penitenci\u00e1ria de Te\u00f3filo Otoni, ele foi levado ontem (30) \u00e0 cidade para depor no processo que responde por suspeita de crimes sexuais e tentativa de homic\u00eddio contra adolescentes.<\/p>\n<p><img decoding=\"async\" src=\"http:\/\/aconteceunovale.com.br\/portal\/wp-content\/uploads\/2014\/08\/pai_dos_pobres.jpg\" alt=\"\" \/><em>Empres\u00e1rio prestou depoimento no F\u00f3rum de Salinas ontem (30) &#8211; Foto: Reprodu\u00e7\u00e3o<\/em><br \/>\n<\/br><\/p>\n<p>Em audi\u00eancia de instru\u00e7\u00e3o, al\u00e9m do empres\u00e1rio, que nega  as den\u00fancias, foram ouvidos representante do Conselho Tutelar de Salinas e testemunhas de acusa\u00e7\u00e3o e de defesa.<\/p>\n<p>Antonio Rodrigues \u00e9 uma figura publica em Salinas, onde tornou-se conhecido por ajudar pessoas carentes. Por isso, mesmo com a Pol\u00edcia Civil afirmando ter reunido provas contra o empres\u00e1rio, muitos moradores se manifestaram, dizendo acreditar em sua inoc\u00eancia. Ontem, as manifesta\u00e7\u00f5es se repetiram. <\/p>\n<p>O produtor foi acusado de crimes sexuais por dois adolescentes \u2013 uma menina de 15 anos e um garoto de 14.  A defesa de Rodrigues nega a acusa\u00e7\u00e3o e argumenta que, mesmo que o encontro tenha ocorrido, o fato n\u00e3o configura crime de estupro de vulner\u00e1vel ou pedofilia, porque os adolescentes t\u00eam mais de 14 anos. As informa\u00e7\u00f5es s\u00e3o do <strong>Jornal Estado de Minas<\/strong>.<\/p>\n","protected":false},"excerpt":{"rendered":"<p>Antonio Eust\u00e1quio Rodrigues, de 66 anos, prestou depoimento em audi\u00eancia de instru\u00e7\u00e3o e julgamento Depoimento do empres\u00e1rio Antonio Eust\u00e1quio Rodrigues, de 66 anos, chamado de \u201crei da cacha\u00e7a\u201d, por ser considerado o maior produtor artesanal da bebida no pa\u00eds, tumultuou o F\u00f3rum de Salinas, no Norte de Minas. Preso preventivamente na Penitenci\u00e1ria de Te\u00f3filo Otoni, [&hellip;]<\/p>\n","protected":false},"author":1,"featured_media":37428,"comment_status":"open","ping_status":"closed","sticky":false,"template":"","format":"standard","meta":{"amp_status":"","footnotes":""},"categories":[1236],"tags":[13785,13591,795,791,13564,21248,190],"class_list":["post-44023","post","type-post","status-publish","format-standard","has-post-thumbnail","hentry","category-norte_de_minas","tag-antonio-eustaquio-rodrigues","tag-cachaca-boazinha","tag-cachaca-seleta","tag-o-rei-da-cachaca","tag-rei-da-cachaca","tag-rei-da-cachaca-tumultua-forum-de-salinas-durante-audiencia","tag-salinas"],"_links":{"self":[{"href":"https:\/\/aconteceunovale.com.br\/portal\/index.php?rest_route=\/wp\/v2\/posts\/44023","targetHints":{"allow":["GET"]}}],"collection":[{"href":"https:\/\/aconteceunovale.com.br\/portal\/index.php?rest_route=\/wp\/v2\/posts"}],"about":[{"href":"https:\/\/aconteceunovale.com.br\/portal\/index.php?rest_route=\/wp\/v2\/types\/post"}],"author":[{"embeddable":true,"href":"https:\/\/aconteceunovale.com.br\/portal\/index.php?rest_route=\/wp\/v2\/users\/1"}],"replies":[{"embeddable":true,"href":"https:\/\/aconteceunovale.com.br\/portal\/index.php?rest_route=%2Fwp%2Fv2%2Fcomments&post=44023"}],"version-history":[{"count":0,"href":"https:\/\/aconteceunovale.com.br\/portal\/index.php?rest_route=\/wp\/v2\/posts\/44023\/revisions"}],"wp:featuredmedia":[{"embeddable":true,"href":"https:\/\/aconteceunovale.com.br\/portal\/index.php?rest_route=\/wp\/v2\/media\/37428"}],"wp:attachment":[{"href":"https:\/\/aconteceunovale.com.br\/portal\/index.php?rest_route=%2Fwp%2Fv2%2Fmedia&parent=44023"}],"wp:term":[{"taxonomy":"category","embeddable":true,"href":"https:\/\/aconteceunovale.com.br\/portal\/index.php?rest_route=%2Fwp%2Fv2%2Fcategories&post=44023"},{"taxonomy":"post_tag","embeddable":true,"href":"https:\/\/aconteceunovale.com.br\/portal\/index.php?rest_route=%2Fwp%2Fv2%2Ftags&post=44023"}],"curies":[{"name":"wp","href":"https:\/\/api.w.org\/{rel}","templated":true}]}}