{"id":43984,"date":"2014-10-30T20:10:13","date_gmt":"2014-10-30T23:10:13","guid":{"rendered":"http:\/\/aconteceunovale.com.br\/portal\/?p=43984"},"modified":"2014-10-30T20:10:13","modified_gmt":"2014-10-30T23:10:13","slug":"minas-gerais-recebe-1010-novos-soldados-para-o-corpo-de-bombeiros","status":"publish","type":"post","link":"https:\/\/aconteceunovale.com.br\/portal\/?p=43984","title":{"rendered":"Minas Gerais recebe 1010 novos soldados para o Corpo de Bombeiros"},"content":{"rendered":"<h4><em><strong>Novos militares representam um acr\u00e9scimo de 17% no efetivo da corpora\u00e7\u00e3o, que passa a contar com 6,3 mil homens e mulheres<\/strong><\/em><\/h4>\n<div id=\"fb-root\"><\/div>\n<p>\t\t\t\t<script>(function(d, s, id) {\n\t\t\t\t  var js, fjs = d.getElementsByTagName(s)[0];\n\t\t\t\t  if (d.getElementById(id)) return;\n\t\t\t\t  js = d.createElement(s); js.id = id;\n\t\t\t\t  js.src = \"\/\/connect.facebook.net\/pt_BR\/sdk.js#xfbml=1&appId=691575364226355&version=v2.0\";\n\t\t\t\t  fjs.parentNode.insertBefore(js, fjs);\n\t\t\t\t}(document, 'script', 'facebook-jssdk'));<\/script><\/p>\n<div class=\"fb-like\" data-href=\"https:\/\/www.facebook.com\/aconteceunovale\" data-layout=\"button_count\" data-action=\"like\" data-show-faces=\"true\" data-share=\"true\"><\/div>\n<p><\/br><\/p>\n<p>Foi realizada nesta quinta-feira, 30 de outubro, em Belo Horizonte, a cerim\u00f4nia de formatura de 1.010 soldados do Corpo de Bombeiros Militar de Minas Gerais. O Governo do Estado investiu R$ 29,3 milh\u00f5es na capacita\u00e7\u00e3o, manuten\u00e7\u00e3o do curso de forma\u00e7\u00e3o e remunera\u00e7\u00e3o dos novos bombeiros. Dos novos soldados, 586 atuar\u00e3o na capital e Regi\u00e3o Metropolitana de Belo Horizonte e os 424 restantes ser\u00e3o distribu\u00eddos em todas as unidades da corpora\u00e7\u00e3o no interior.<\/p>\n<p><img decoding=\"async\" src=\"http:\/\/aconteceunovale.com.br\/portal\/wp-content\/uploads\/2014\/10\/formatura_bombeiros_30_1.jpg\" alt=\"\" \/><em>Cerim\u00f4nia de formatura de 1.010 soldados do Corpo de Bombeiros &#8211; Omar Freire\/Ag\u00eancia Minas<\/em><br \/>\n<\/br><\/p>\n<p>Durante pronunciamento, o governador Alberto Pinto Coelho ressaltou a import\u00e2ncia do aumento do efetivo e a satisfa\u00e7\u00e3o de ser o paraninfo da maior turma da hist\u00f3ria do Corpo de Bombeiros. \u201cH\u00e1 103 anos, formava-se em Belo Horizonte o primeiro grupamento de soldados do fogo de Minas Gerais. Hoje, s\u00e3o mais de seis mil bombeiros. Presen\u00e7a ativa em todas as regi\u00f5es de Minas, o Corpo de Bombeiros Militar atendeu, apenas no ano passado, nada menos que 334 mil ocorr\u00eancias, protegendo nossos entes queridos, nossos lares e nossos recursos naturais. Como governador, posso atestar o esfor\u00e7o permanente para oferecer as melhores condi\u00e7\u00f5es de trabalho para cada um de voc\u00eas\u201d, disse o governador Alberto Pinto Coelho.<\/p>\n<p>A formatura \u00e9 mais uma iniciativa do Governo de Minas para o refor\u00e7o do efetivo do Corpo de Bombeiros. Atualmente, a corpora\u00e7\u00e3o possui 6,3 mil bombeiros, j\u00e1 contabilizados os 1.010 novos soldados. O ingresso dos formandos representa um acr\u00e9scimo de 17% no efetivo. Os bombeiros ingressaram por meio de concurso p\u00fablico realizado no final do ano passado. O curso de forma\u00e7\u00e3o teve in\u00edcio em fevereiro deste ano e dura\u00e7\u00e3o de oito meses.<\/p>\n<p>O comandante geral do Corpo de Bombeiros, coronel Ivan Gamaliel Pinto, destacou a import\u00e2ncia do aumento no n\u00famero de bombeiros para ampliar a atua\u00e7\u00e3o da corpora\u00e7\u00e3o e citou como exemplo a maior efici\u00eancia no combate a inc\u00eandios florestais em per\u00edodos longos de estiagem como o enfrentado neste ano.<\/p>\n<p>\u201cEsse efetivo que est\u00e1 sendo acrescido vai melhorar nosso combate nas atividades do Corpo de Bombeiros. No caso do combate a inc\u00eandios florestais estamos criando uma estrutura melhor, dando condi\u00e7\u00f5es ao pessoal cada vez mais se qualificar e diminuirmos a incid\u00eancia de focos de inc\u00eandio\u201d.<\/p>\n<h4>Investimentos<\/h4>\n<p>Somente neste ano, est\u00e3o sendo investidos R$ 30,5 milh\u00f5es no Corpo de Bombeiros por meio de recursos arrecadados pela Taxa de Inc\u00eandio. Os recursos s\u00e3o aplicados na moderniza\u00e7\u00e3o da corpora\u00e7\u00e3o com aquisi\u00e7\u00e3o de equipamentos e viaturas e no custeio de despesas. De 2003 a 2014, a frota do Corpo de Bombeiros cresceu cerca de 300%, passando de 355 para 1.052 viaturas.<\/p>\n<p><img decoding=\"async\" src=\"http:\/\/aconteceunovale.com.br\/portal\/wp-content\/uploads\/2014\/10\/formatura_bombeiros_30_2.jpg\" alt=\"\" \/><em>Cerim\u00f4nia de formatura de 1.010 soldados do Corpo de Bombeiros &#8211; Omar Freire\/Ag\u00eancia Minas<\/em><br \/>\n<\/br><\/p>\n<p>Desde 2004, \u00e9 cobrada em Minas Gerais a Taxa de Inc\u00eandio, cujos recursos arrecadados se destinam ao Corpo de Bombeiros. A corpora\u00e7\u00e3o deve aplicar 50% do valor da taxa no munic\u00edpio de origem do recurso. O objetivo \u00e9 manter a disposi\u00e7\u00e3o dos cidad\u00e3os uma corpora\u00e7\u00e3o bem estruturada, treinada e dotada de equipamentos adequados \u00e0s suas atividades.<\/p>\n<p>Alberto Pinto Coelho destacou o trabalho realizado para ampliar e consolidar a presen\u00e7a da corpora\u00e7\u00e3o em todas as regi\u00f5es do Estado. \u201cNovas unidades, em cidades estrat\u00e9gicas como Oliveira, se juntam este ano \u00e0 rede de prote\u00e7\u00e3o de Minas Gerais. Na preven\u00e7\u00e3o, aperfei\u00e7oamos o Infoscip, o Sistema de Informa\u00e7\u00f5es do Servi\u00e7o de Seguran\u00e7a contra Inc\u00eandio e P\u00e2nico. Reduzimos a burocracia, agilizamos os projetos de preven\u00e7\u00e3o e, em apenas dois anos, integramos ao sistema 228 mil empreendimentos\u201d, afirmou o governador ao ressaltar que o Corpo de Bombeiros j\u00e1 planejou as a\u00e7\u00f5es de atua\u00e7\u00e3o para o per\u00edodo de chuvas.<\/p>\n<p>\u201cPara a temporada das \u00e1guas, foi desenvolvido o Plano de Enfrentamento ao Per\u00edodo Chuvoso, que conta com o Batalh\u00e3o Emergencial de Meio Ambiente. S\u00e3o militares equipados e treinados para salvamento em soterramentos, enchentes e inunda\u00e7\u00f5es\u201d, disse Alberto Pinto Coelho.<\/p>\n<p>Tamb\u00e9m participaram da solenidade de formatura o secret\u00e1rio de Estado de Defesa Social, Marco Ant\u00f4nio Romanelli, o chefe da Pol\u00edcia Civil, delegado geral Oliveira Santiago Maciel, entre outras autoridades.<\/p>\n<p><img decoding=\"async\" src=\"http:\/\/aconteceunovale.com.br\/portal\/wp-content\/uploads\/2014\/10\/formatura_bombeiros_30_3.jpg\" alt=\"\" \/><em>Cerim\u00f4nia de formatura de 1.010 soldados do Corpo de Bombeiros &#8211; Omar Freire\/Ag\u00eancia Minas<\/em><br \/>\n<\/br><\/p>\n<p><img decoding=\"async\" src=\"http:\/\/aconteceunovale.com.br\/portal\/wp-content\/uploads\/2014\/10\/formatura_bombeiros_30_4.jpg\" alt=\"\" \/><em>Cerim\u00f4nia de formatura de 1.010 soldados do Corpo de Bombeiros &#8211; Omar Freire\/Ag\u00eancia Minas<\/em><br \/>\n<\/br><\/p>\n<p><img decoding=\"async\" src=\"http:\/\/aconteceunovale.com.br\/portal\/wp-content\/uploads\/2014\/10\/formatura_bombeiros_30_5.jpg\" alt=\"\" \/><em>Cerim\u00f4nia de formatura de 1.010 soldados do Corpo de Bombeiros &#8211; Omar Freire\/Ag\u00eancia Minas<\/em><br \/>\n<\/br><\/p>\n<p><img decoding=\"async\" src=\"http:\/\/aconteceunovale.com.br\/portal\/wp-content\/uploads\/2014\/10\/formatura_bombeiros_30_6.jpg\" alt=\"\" \/><em>Cerim\u00f4nia de formatura de 1.010 soldados do Corpo de Bombeiros &#8211; Omar Freire\/Ag\u00eancia Minas<\/em><br \/>\n<\/br><\/p>\n<p><em><strong>(Ag\u00eancia Minas)<\/strong><\/em><\/p>\n","protected":false},"excerpt":{"rendered":"<p>Novos militares representam um acr\u00e9scimo de 17% no efetivo da corpora\u00e7\u00e3o, que passa a contar com 6,3 mil homens e mulheres Foi realizada nesta quinta-feira, 30 de outubro, em Belo Horizonte, a cerim\u00f4nia de formatura de 1.010 soldados do Corpo de Bombeiros Militar de Minas Gerais. O Governo do Estado investiu R$ 29,3 milh\u00f5es na [&hellip;]<\/p>\n","protected":false},"author":1,"featured_media":43985,"comment_status":"open","ping_status":"closed","sticky":false,"template":"","format":"standard","meta":{"amp_status":"","footnotes":""},"categories":[123],"tags":[21202,20946,1018,21200,21203,21199,21201,21204],"class_list":["post-43984","post","type-post","status-publish","format-standard","has-post-thumbnail","hentry","category-gerais","tag-cerimonia-de-formatura-de-1-010-soldados-do-corpo-de-bombeiros-militar-de-minas-gerais","tag-corpo-de-bombeiros","tag-destaque","tag-formatura-do-corpo-de-bombeiros","tag-marco-antonio-romanelli","tag-minas-gerais-recebe-1-010-novos-soldados-para-o-corpo-de-bombeiros","tag-minas-gerais-recebe-1010-novos-soldados-para-o-corpo-de-bombeiros","tag-oliveira-santiago-maciel"],"_links":{"self":[{"href":"https:\/\/aconteceunovale.com.br\/portal\/index.php?rest_route=\/wp\/v2\/posts\/43984","targetHints":{"allow":["GET"]}}],"collection":[{"href":"https:\/\/aconteceunovale.com.br\/portal\/index.php?rest_route=\/wp\/v2\/posts"}],"about":[{"href":"https:\/\/aconteceunovale.com.br\/portal\/index.php?rest_route=\/wp\/v2\/types\/post"}],"author":[{"embeddable":true,"href":"https:\/\/aconteceunovale.com.br\/portal\/index.php?rest_route=\/wp\/v2\/users\/1"}],"replies":[{"embeddable":true,"href":"https:\/\/aconteceunovale.com.br\/portal\/index.php?rest_route=%2Fwp%2Fv2%2Fcomments&post=43984"}],"version-history":[{"count":0,"href":"https:\/\/aconteceunovale.com.br\/portal\/index.php?rest_route=\/wp\/v2\/posts\/43984\/revisions"}],"wp:featuredmedia":[{"embeddable":true,"href":"https:\/\/aconteceunovale.com.br\/portal\/index.php?rest_route=\/wp\/v2\/media\/43985"}],"wp:attachment":[{"href":"https:\/\/aconteceunovale.com.br\/portal\/index.php?rest_route=%2Fwp%2Fv2%2Fmedia&parent=43984"}],"wp:term":[{"taxonomy":"category","embeddable":true,"href":"https:\/\/aconteceunovale.com.br\/portal\/index.php?rest_route=%2Fwp%2Fv2%2Fcategories&post=43984"},{"taxonomy":"post_tag","embeddable":true,"href":"https:\/\/aconteceunovale.com.br\/portal\/index.php?rest_route=%2Fwp%2Fv2%2Ftags&post=43984"}],"curies":[{"name":"wp","href":"https:\/\/api.w.org\/{rel}","templated":true}]}}