{"id":43979,"date":"2014-10-30T20:02:04","date_gmt":"2014-10-30T23:02:04","guid":{"rendered":"http:\/\/aconteceunovale.com.br\/portal\/?p=43979"},"modified":"2014-10-30T20:02:28","modified_gmt":"2014-10-30T23:02:28","slug":"motorista-morre-em-acidente-entre-caminhao-e-carreta-na-br-381","status":"publish","type":"post","link":"https:\/\/aconteceunovale.com.br\/portal\/?p=43979","title":{"rendered":"Motorista morre em acidente entre caminh\u00e3o e carreta na BR-381"},"content":{"rendered":"<div id=\"fb-root\"><\/div>\n<p>\t\t\t\t<script>(function(d, s, id) {\n\t\t\t\t  var js, fjs = d.getElementsByTagName(s)[0];\n\t\t\t\t  if (d.getElementById(id)) return;\n\t\t\t\t  js = d.createElement(s); js.id = id;\n\t\t\t\t  js.src = \"\/\/connect.facebook.net\/pt_BR\/sdk.js#xfbml=1&appId=691575364226355&version=v2.0\";\n\t\t\t\t  fjs.parentNode.insertBefore(js, fjs);\n\t\t\t\t}(document, 'script', 'facebook-jssdk'));<\/script><\/p>\n<div class=\"fb-like\" data-href=\"https:\/\/www.facebook.com\/aconteceunovale\" data-layout=\"button_count\" data-action=\"like\" data-show-faces=\"true\" data-share=\"true\"><\/div>\n<p><\/br><\/p>\n<p>Na madrugada desta quinta-feira, 30 de outubro, a Pol\u00edcia Rodovi\u00e1ria Federal (PRF) registrou mais um grave acidente envolvendo um caminh\u00e3o e uma carreta na BR-381. O acidente aconteceu por volta de 1 hora, na altura do quil\u00f4metro 375 da rodovia, na chamada Curva do Mel, em S\u00e3o Gon\u00e7alo do Rio Abaixo.<\/p>\n<p>Geraldo Jos\u00e9 de S\u00e1, 62 anos, ficou preso \u00e0s ferragens e morreu no local. Jos\u00e9 Geraldo da Silva, 45 anos, motorista da carreta Mercedes Benz branca, com placa de S\u00e3o Sim\u00e3o\/SP, disse aos policiais que seguia sentido Jo\u00e3o Monlevade, quando na curva foi surpreendido pelo caminh\u00e3o que invadiu a contram\u00e3o. Ele n\u00e3o teve como evitar a trag\u00e9dia. A carreta dirigida por ele estava carregada com cal. <\/p>\n<p><img decoding=\"async\" src=\"http:\/\/aconteceunovale.com.br\/portal\/wp-content\/uploads\/2014\/10\/acidente_381_30_1.jpg\" alt=\"\" \/><em>Geraldo Jos\u00e9 de S\u00e1, 62 anos, ficou preso \u00e0s ferragens e morreu no local &#8211; Foto: Silvio Andrade\/DeFato<\/em><br \/>\n<\/br><\/p>\n<p>Jos\u00e9 suspeita que a v\u00edtima tenha dormido na dire\u00e7\u00e3o, perdendo o controle. O motorista da carreta disse que tentou despert\u00e1-lo acionando a buzina, mas foi em v\u00e3o. Jos\u00e9 afirmou que n\u00e3o foi poss\u00edvel evitar o acidente e que mesmo desviando do caminh\u00e3o, este ainda atingiu a lateral esquerda de sua carreta. Em seguida, o ve\u00edculo tombou \u00e0s margens da rodovia.<\/p>\n<h4>Socorro<\/h4>\n<p>Militares do Corpo de Bombeiros de Itabira e Belo Horizonte foram ao local e socorreram Jos\u00e9, o levando para o Pronto Socorro de Itabira. Ele tinha um corte em um dos bra\u00e7os e escoria\u00e7\u00f5es pelo corpo. O tr\u00e2nsito que ficou paralisado at\u00e9 a remo\u00e7\u00e3o do corpo. Uma intensa fila se formou dos dois lados da pista at\u00e9 por volta das 6h.<\/p>\n<p><img decoding=\"async\" src=\"http:\/\/aconteceunovale.com.br\/portal\/wp-content\/uploads\/2014\/10\/acidente_381_30_2.jpg\" alt=\"\" \/><em>Geraldo Jos\u00e9 de S\u00e1, 62 anos, ficou preso \u00e0s ferragens e morreu no local &#8211; Foto: Silvio Andrade\/DeFato<\/em><br \/>\n<\/br><\/p>\n<p><em><strong>(DeFato Online)<\/strong><\/em><\/p>\n","protected":false},"excerpt":{"rendered":"<p>Na madrugada desta quinta-feira, 30 de outubro, a Pol\u00edcia Rodovi\u00e1ria Federal (PRF) registrou mais um grave acidente envolvendo um caminh\u00e3o e uma carreta na BR-381. O acidente aconteceu por volta de 1 hora, na altura do quil\u00f4metro 375 da rodovia, na chamada Curva do Mel, em S\u00e3o Gon\u00e7alo do Rio Abaixo. Geraldo Jos\u00e9 de S\u00e1, [&hellip;]<\/p>\n","protected":false},"author":1,"featured_media":43981,"comment_status":"open","ping_status":"closed","sticky":false,"template":"","format":"standard","meta":{"amp_status":"","footnotes":""},"categories":[123],"tags":[21196,1102,12111,21198,1739,21197],"class_list":["post-43979","post","type-post","status-publish","format-standard","has-post-thumbnail","hentry","category-gerais","tag-geraldo-jose-de-sa","tag-joao-monlevade","tag-jose-geraldo-da-silva","tag-motorista-morre-em-acidente-entre-caminhao-e-carreta-na-br-381","tag-sao-goncalo-do-rio-abaixo","tag-sao-simao"],"_links":{"self":[{"href":"https:\/\/aconteceunovale.com.br\/portal\/index.php?rest_route=\/wp\/v2\/posts\/43979","targetHints":{"allow":["GET"]}}],"collection":[{"href":"https:\/\/aconteceunovale.com.br\/portal\/index.php?rest_route=\/wp\/v2\/posts"}],"about":[{"href":"https:\/\/aconteceunovale.com.br\/portal\/index.php?rest_route=\/wp\/v2\/types\/post"}],"author":[{"embeddable":true,"href":"https:\/\/aconteceunovale.com.br\/portal\/index.php?rest_route=\/wp\/v2\/users\/1"}],"replies":[{"embeddable":true,"href":"https:\/\/aconteceunovale.com.br\/portal\/index.php?rest_route=%2Fwp%2Fv2%2Fcomments&post=43979"}],"version-history":[{"count":0,"href":"https:\/\/aconteceunovale.com.br\/portal\/index.php?rest_route=\/wp\/v2\/posts\/43979\/revisions"}],"wp:featuredmedia":[{"embeddable":true,"href":"https:\/\/aconteceunovale.com.br\/portal\/index.php?rest_route=\/wp\/v2\/media\/43981"}],"wp:attachment":[{"href":"https:\/\/aconteceunovale.com.br\/portal\/index.php?rest_route=%2Fwp%2Fv2%2Fmedia&parent=43979"}],"wp:term":[{"taxonomy":"category","embeddable":true,"href":"https:\/\/aconteceunovale.com.br\/portal\/index.php?rest_route=%2Fwp%2Fv2%2Fcategories&post=43979"},{"taxonomy":"post_tag","embeddable":true,"href":"https:\/\/aconteceunovale.com.br\/portal\/index.php?rest_route=%2Fwp%2Fv2%2Ftags&post=43979"}],"curies":[{"name":"wp","href":"https:\/\/api.w.org\/{rel}","templated":true}]}}