{"id":43974,"date":"2014-10-30T19:41:38","date_gmt":"2014-10-30T22:41:38","guid":{"rendered":"http:\/\/aconteceunovale.com.br\/portal\/?p=43974"},"modified":"2014-10-30T19:42:20","modified_gmt":"2014-10-30T22:42:20","slug":"temporal-provoca-prejuizos-na-zona-rural-de-francisco-sa","status":"publish","type":"post","link":"https:\/\/aconteceunovale.com.br\/portal\/?p=43974","title":{"rendered":"Temporal provoca preju\u00edzos na zona rural de Francisco S\u00e1"},"content":{"rendered":"<h4><strong><em>Comunidade de Tabuau foi atingida por chuva de 54 mm em 40 minutos. Casas foram destelhadas, \u00e1rvores ca\u00edram e moradores ficaram sem energia.<\/em><\/strong><\/h4>\n<div id=\"fb-root\"><\/div>\n<p>\t\t\t\t<script>(function(d, s, id) {\n\t\t\t\t  var js, fjs = d.getElementsByTagName(s)[0];\n\t\t\t\t  if (d.getElementById(id)) return;\n\t\t\t\t  js = d.createElement(s); js.id = id;\n\t\t\t\t  js.src = \"\/\/connect.facebook.net\/pt_BR\/sdk.js#xfbml=1&appId=691575364226355&version=v2.0\";\n\t\t\t\t  fjs.parentNode.insertBefore(js, fjs);\n\t\t\t\t}(document, 'script', 'facebook-jssdk'));<\/script><\/p>\n<div class=\"fb-like\" data-href=\"https:\/\/www.facebook.com\/aconteceunovale\" data-layout=\"button_count\" data-action=\"like\" data-show-faces=\"true\" data-share=\"true\"><\/div>\n<p><\/br><\/p>\n<p>Ap\u00f3s oito meses de estiagem, a chuva chegou trazendo alguns problemas para os moradores de Tabuau, comunidade rural de Francisco S\u00e1, Norte de Minas Gerais.<\/p>\n<p>As 50 fam\u00edlias que moram no local est\u00e3o sem energia el\u00e9trica; algumas casas foram destelhadas e, em outras, paredes chegaram a desabar; \u00e1rvores ca\u00edram e as estradas ficaram interrompidas; a igreja de Bom Jesus e S\u00e3o Sebasti\u00e3o, constru\u00edda em 1970, teve a laje danificada. A Prefeitura ainda n\u00e3o fez o levantamento dos preju\u00edzos, mas disse que eles s\u00e3o consider\u00e1veis; n\u00e3o houve feridos.<\/p>\n<p>Segundo a Prefeitura, nesta quarta-feira (29), em 40 minutos choveu 54 mil\u00edmetros. O decreto de emerg\u00eancia por conta da seca foi renovado no fim de setembro, agora, a Administra\u00e7\u00e3o Municipal providencia a documenta\u00e7\u00e3o para pedir ajuda ao governo por causa dos preju\u00edzos causados pela chuva.<\/p>\n<p><img decoding=\"async\" src=\"http:\/\/aconteceunovale.com.br\/portal\/wp-content\/uploads\/2014\/10\/prejuizos_fs_1.jpg\" alt=\"\" \/><em>Galp\u00e3o de m\u00e1quinas desabou (Foto: Michelly Oda \/ G1)<\/em><br \/>\n<\/br><\/p>\n<p>Jos\u00e9 Ant\u00f4nio Desid\u00e9rio mora em uma das casas onde os estragos foram maiores. Ele estava com a esposa, o genro, uma filha e o neto, de apenas sete dias de vida.<\/p>\n<p>\u201cFiquei com medo demais, s\u00f3 n\u00e3o morri porque o cora\u00e7\u00e3o est\u00e1 bom. O vento arrancou a janela e parte do telhado, eu fiquei escondido embaixo de uma carro\u00e7a. O granizo ca\u00eda que chegava a estralar\u201d, fala o produtor rural.<\/p>\n<p>Apesar de morar h\u00e1 12 anos em Tabuau, Jos\u00e9 Ant\u00f4nio diz que nunca tinha passado por uma situa\u00e7\u00e3o como esta. \u201cNunca passei medo com chuva, mas igual a esta nunca nem tinha visto.\u201d<\/p>\n<p>A mulher do produtor rural, Aparecida Concei\u00e7\u00e3o de Souza, conta como o genro protegeu a esposa e o filho rec\u00e9m-nascido deles.<\/p>\n<p>\u201cEle pegou um colch\u00e3o e jogou em cima da minha filha e do beb\u00ea, para n\u00e3o cair telhas. Ele queria que ela entrasse embaixo da cama, mas ela est\u00e1 operada [passou por uma ces\u00e1rea]. O marido n\u00e3o sabia se acudia ela ou a crian\u00e7a. Antes a casa do que a gente\u201d, lembra a dona de casa com o neto Enzo Gabriel nos bra\u00e7os.<\/p>\n<p>Outra casa da comunidade desabou, os donos n\u00e3o estavam no local, eles trabalham em uma fazenda no munic\u00edpio. J\u00e1 a de L\u00facia Oliveira e a da filha dela foram invadidas pela \u00e1gua. Roupas e colch\u00f5es ficaram encharcados, documentos perdidos e eletrodom\u00e9sticos danificados.<\/p>\n<p>\u201cN\u00e3o sei o que vou fazer. N\u00e3o tenho emprego, meu marido \u00e9 doente. Pensei que ia matar todo mundo. Na hora olhava para fora e n\u00e3o via nada, s\u00f3 ouvia os gritos.\u201d<\/p>\n<p><img decoding=\"async\" src=\"http:\/\/aconteceunovale.com.br\/portal\/wp-content\/uploads\/2014\/10\/prejuizos_fs_2.jpg\" alt=\"\" \/><em>Jos\u00e9 e Aparecida no lugar onde havia uma janela (Foto: Michelly Oda \/ G1)<\/em><br \/>\n<\/br><\/p>\n<p>Muitas \u00e1rvores precisaram ser cortadas nas estradas e na comunidade. Uma delas foi plantada h\u00e1 17 anos por Orlando Ferreira. \u201cA \u00e1rvore balan\u00e7ava para l\u00e1 e para c\u00e1, fiquei com medo de cair em cima da casa ou do meu com\u00e9rcio.\u201d Por causa da falta de energia el\u00e9trica, o comerciante perdeu todos os picol\u00e9s que estavam no freezer.<\/p>\n<p>Uma fazenda a poucos quil\u00f4metros da comunidade rural tamb\u00e9m teve preju\u00edzos. A estrutura de galp\u00e3o onde v\u00e1rias m\u00e1quinas agr\u00edcolas ficam guardadas caiu.<\/p>\n<p>\u201cA velocidade foi muita. Telhas foram arrancadas, telhados ca\u00edram. Foi forte pra mover at\u00e9 as m\u00e1quinas de lugar, um pilar feito com ferro tamb\u00e9m foi derrubado. Foi de um jeito que a gente n\u00e3o tem costume de ver\u201d, fala o gerente da fazenda.<\/p>\n<h4>Provid\u00eancias adotadas<\/h4>\n<p>Denilson Silveira, prefeito de Francisco S\u00e1, disse que a Defesa Civil Municipal est\u00e1 em Tabuau levantando os preju\u00edzos causados pela chuva. Al\u00e9m disso, a equipe de engenharia tamb\u00e9m vistoriou im\u00f3veis e uma assistente social est\u00e1 fazendo visitas \u00e0s fam\u00edlias.<\/p>\n<p>\u201cRenovamos o decreto de emerg\u00eancia da seca no dia 23, um m\u00eas depois estamos colhendo elementos para fazermos um documento com as consequ\u00eancias dos desastres causados pela chuvas. De hoje para a amanh\u00e3 iremos entrar com um novo pedido de decreto\u201d.<\/p>\n<p>Ainda segundo o prefeito, caso seja necess\u00e1rio, a escola da comunidade ser\u00e1 usada para abrigar moradores.<\/p>\n<p><em><strong>(Inter TV Grande Minas)<\/strong><\/em><\/p>\n","protected":false},"excerpt":{"rendered":"<p>Comunidade de Tabuau foi atingida por chuva de 54 mm em 40 minutos. Casas foram destelhadas, \u00e1rvores ca\u00edram e moradores ficaram sem energia. Ap\u00f3s oito meses de estiagem, a chuva chegou trazendo alguns problemas para os moradores de Tabuau, comunidade rural de Francisco S\u00e1, Norte de Minas Gerais. As 50 fam\u00edlias que moram no local [&hellip;]<\/p>\n","protected":false},"author":1,"featured_media":43975,"comment_status":"open","ping_status":"closed","sticky":false,"template":"","format":"standard","meta":{"amp_status":"","footnotes":""},"categories":[1236],"tags":[21194,21195,1395,21193,21192,21191],"class_list":["post-43974","post","type-post","status-publish","format-standard","has-post-thumbnail","hentry","category-norte_de_minas","tag-chuva-em-francisco-sa","tag-chuva-em-tabuau","tag-francisco-sa","tag-temporal-em-francisco-sa","tag-temporal-em-tabuau","tag-temporal-provoca-prejuizos-na-zona-rural-de-francisco-sa"],"_links":{"self":[{"href":"https:\/\/aconteceunovale.com.br\/portal\/index.php?rest_route=\/wp\/v2\/posts\/43974","targetHints":{"allow":["GET"]}}],"collection":[{"href":"https:\/\/aconteceunovale.com.br\/portal\/index.php?rest_route=\/wp\/v2\/posts"}],"about":[{"href":"https:\/\/aconteceunovale.com.br\/portal\/index.php?rest_route=\/wp\/v2\/types\/post"}],"author":[{"embeddable":true,"href":"https:\/\/aconteceunovale.com.br\/portal\/index.php?rest_route=\/wp\/v2\/users\/1"}],"replies":[{"embeddable":true,"href":"https:\/\/aconteceunovale.com.br\/portal\/index.php?rest_route=%2Fwp%2Fv2%2Fcomments&post=43974"}],"version-history":[{"count":0,"href":"https:\/\/aconteceunovale.com.br\/portal\/index.php?rest_route=\/wp\/v2\/posts\/43974\/revisions"}],"wp:featuredmedia":[{"embeddable":true,"href":"https:\/\/aconteceunovale.com.br\/portal\/index.php?rest_route=\/wp\/v2\/media\/43975"}],"wp:attachment":[{"href":"https:\/\/aconteceunovale.com.br\/portal\/index.php?rest_route=%2Fwp%2Fv2%2Fmedia&parent=43974"}],"wp:term":[{"taxonomy":"category","embeddable":true,"href":"https:\/\/aconteceunovale.com.br\/portal\/index.php?rest_route=%2Fwp%2Fv2%2Fcategories&post=43974"},{"taxonomy":"post_tag","embeddable":true,"href":"https:\/\/aconteceunovale.com.br\/portal\/index.php?rest_route=%2Fwp%2Fv2%2Ftags&post=43974"}],"curies":[{"name":"wp","href":"https:\/\/api.w.org\/{rel}","templated":true}]}}