{"id":43967,"date":"2014-10-30T19:24:56","date_gmt":"2014-10-30T22:24:56","guid":{"rendered":"http:\/\/aconteceunovale.com.br\/portal\/?p=43967"},"modified":"2014-10-30T19:25:14","modified_gmt":"2014-10-30T22:25:14","slug":"pesca-de-especies-nativas-esta-proibida-ate-o-final-de-fevereiro-de-2015-em-governador-valadares","status":"publish","type":"post","link":"https:\/\/aconteceunovale.com.br\/portal\/?p=43967","title":{"rendered":"Pesca de esp\u00e9cies nativas est\u00e1 proibida at\u00e9 o final de fevereiro de 2015 em Governador Valadares"},"content":{"rendered":"<h4><strong><em>Atividade \u00e9 restrita no per\u00edodo de reprodu\u00e7\u00e3o dos peixes. Em caso de descumprimento, multa m\u00ednima \u00e9 de R$ 500.<\/em><\/strong><\/h4>\n<div id=\"fb-root\"><\/div>\n<p>\t\t\t\t<script>(function(d, s, id) {\n\t\t\t\t  var js, fjs = d.getElementsByTagName(s)[0];\n\t\t\t\t  if (d.getElementById(id)) return;\n\t\t\t\t  js = d.createElement(s); js.id = id;\n\t\t\t\t  js.src = \"\/\/connect.facebook.net\/pt_BR\/sdk.js#xfbml=1&appId=691575364226355&version=v2.0\";\n\t\t\t\t  fjs.parentNode.insertBefore(js, fjs);\n\t\t\t\t}(document, 'script', 'facebook-jssdk'));<\/script><\/p>\n<div class=\"fb-like\" data-href=\"https:\/\/www.facebook.com\/aconteceunovale\" data-layout=\"button_count\" data-action=\"like\" data-show-faces=\"true\" data-share=\"true\"><\/div>\n<p><\/br><\/p>\n<p>A Piracema, conhecida como o per\u00edodo de reprodu\u00e7\u00e3o dos peixes, quando eles sobem \u00e0 superf\u00edcie dos rios at\u00e9 suas nascentes para desovar, come\u00e7a nesta quinta-feira (30), e a Pol\u00edcia Militar Ambiental esclarece as restri\u00e7\u00f5es \u00e0 pesca neste per\u00edodo, que segue at\u00e9 o dia 28 de fevereiro de 2015, no Vale do Rio Doce.<\/p>\n<p>A a\u00e7\u00e3o de combate \u00e0 pesca predat\u00f3ria foi antecipada para orientar a popula\u00e7\u00e3o em geral sobre a chegada do per\u00edodo defeso da piracema, que come\u00e7a a partir do dia 1\u00ba de novembro, e tamb\u00e9m prevenir e reprimir poss\u00edveis infra\u00e7\u00f5es e crimes ambientais detectados nos recursos h\u00eddricos da regi\u00e3o Leste.<\/p>\n<p><img decoding=\"async\" src=\"http:\/\/aconteceunovale.com.br\/portal\/wp-content\/uploads\/2014\/10\/pesca_gv_proibida1.jpg\" alt=\"\" \/><em>Piracema tem in\u00edcio nesta quinta-feira e dura at\u00e9 o dia 28 de fevereiro (Foto: 8\u00aa Cia PM Ind MAT)<\/em><br \/>\n<\/br><\/p>\n<p>Conforme a resolu\u00e7\u00e3o, a pesca na bacia hidrogr\u00e1fica do Leste de Minas Gerais fica proibida nas lagoas marginais, a menos de 500 metros de conflu\u00eancias e desembocaduras de rios, lagoas, canais e tubula\u00e7\u00f5es de esgoto; at\u00e9 1.000 metros a montante das barragens de reservat\u00f3rios de empreendimento hidrel\u00e9trico, e de mecanismos de transposi\u00e7\u00e3o de peixes. At\u00e9 1.000 metros de cachoeiras, corredeiras e demais locais.<\/p>\n<p>Na Piracema est\u00e1 proibida a captura, o transporte e o armazenamento de esp\u00e9cies nativas, inclusive esp\u00e9cies utilizadas para fins ornamentais e de aquariofilia; o uso de materiais perfurantes, como arp\u00e3o, arbalete, fisga, bicheiro e lan\u00e7a.<\/p>\n<p>A utiliza\u00e7\u00e3o de animais aqu\u00e1ticos, inclusive peixes, camar\u00f5es, caramujos, caranguejos, vivos ou mortos, inteiros ou em peda\u00e7os, como iscas, com exce\u00e7\u00e3o de peixes vivos de ocorr\u00eancia natural da bacia hidrogr\u00e1fica, oriundos de cria\u00e7\u00f5es, acompanhados de nota fiscal ou nota de produtor; o uso de trapiche ou plataforma flutuante de qualquer natureza, nos rios da bacia.<\/p>\n<h4>Permitido<\/h4>\n<p>Ser\u00e3o permitidos ao pescador amador e profissional a captura e o transporte somente de esp\u00e9cies n\u00e3o nativas, ou seja, al\u00f3ctones (invasoras), ex\u00f3ticas (estrangeiras), h\u00edbridos (que resultou do cruzamento entre peixes pertencentes a duas linhas puras com caracteres diferentes), com utiliza\u00e7\u00e3o de linha de m\u00e3o ou vara, linha de anzol, cani\u00e7o simples, com molinete ou carretilha, iscas naturais e artificiais providas ou n\u00e3o de garat\u00e9ias, exceto pelo processo de lambada, com cota de 3 quilos mais um exemplar para a pesca profissional e amadora, por jornada de pesca.<\/p>\n<p>A mesma permiss\u00e3o \u00e9 v\u00e1lida para quem pesca em reservat\u00f3rios. Quem for pego com mais pescado do que o permitido ser\u00e1 multado em, no m\u00ednimo, R$ 500 e mais R$ 15 para cada quilo a mais da cota.<\/p>\n<h4>Fiscaliza\u00e7\u00e3o<\/h4>\n<p>A Pol\u00edcia Ambiental realizar\u00e1 a fiscaliza\u00e7\u00e3o dos estoques de peixes in natura, resfriados ou congelados, provenientes de \u00e1guas continentais, armazenados por pescadores profissionais e os existentes nas col\u00f4nias e associa\u00e7\u00f5es de pescadores, nos frigor\u00edficos, nas peixarias, nos entrepostos, nos postos de venda, nos hot\u00e9is, nos restaurantes, nos bares e similares. O prazo m\u00e1ximo fixado para declara\u00e7\u00e3o ao Ibama ou \u00f3rg\u00e3o estadual competente, dos estoques \u00e9 o segundo dia \u00fatil ap\u00f3s o in\u00edcio da Piracema.<\/p>\n<p>As a\u00e7\u00f5es dos \u00f3rg\u00e3os ambientais no per\u00edodo da  Piracema s\u00e3o desenvolvidas pela Oitava Companhia Independente de Meio Ambiente e Tr\u00e2nsito de Valadares, respons\u00e1vel por fiscalizar 64 munic\u00edpios do Leste mineiro. O objetivo \u00e9 assegurar a prote\u00e7\u00e3o \u00e0 reprodu\u00e7\u00e3o natural das esp\u00e9cies de peixes nativos em fase de procria\u00e7\u00e3o.<\/p>\n<h4>Multa<\/h4>\n<p>As multas que podem ser aplicadas aos infratores pelo descumprimento da norma v\u00e3o, desde um simples auto de advert\u00eancia ao valor de R$ 50 mil, al\u00e9m da incid\u00eancia por ato, apreens\u00e3o do pescado, e, em casos de crime, condu\u00e7\u00e3o do autor \u00e0 Delegacia de Pol\u00edcia.<\/p>\n<p>Os empreendedores do ramo da pesca precisam estar devidamente cadastrados no Instituto Estadual de Floresta (IEF), sendo que os comerciantes de pescado, obrigatoriamente, dever\u00e3o realizar a declara\u00e7\u00e3o de estoques at\u00e9 o segundo dia \u00fatil ap\u00f3s o in\u00edcio do per\u00edodo defeso.<\/p>\n<p>Para den\u00fancias ou melhores informa\u00e7\u00f5es sobre o per\u00edodo da Piracema na regi\u00e3o Leste do Estado de Minas Gerais, os interessados devem entrar em contato com a Pol\u00edcia Militar de Meio Ambiente atrav\u00e9s do telefone (33) 3279-4250.<\/p>\n<p><strong><em>(Inter TV dos Vales)<\/em><\/strong><\/p>\n","protected":false},"excerpt":{"rendered":"<p>Atividade \u00e9 restrita no per\u00edodo de reprodu\u00e7\u00e3o dos peixes. Em caso de descumprimento, multa m\u00ednima \u00e9 de R$ 500. A Piracema, conhecida como o per\u00edodo de reprodu\u00e7\u00e3o dos peixes, quando eles sobem \u00e0 superf\u00edcie dos rios at\u00e9 suas nascentes para desovar, come\u00e7a nesta quinta-feira (30), e a Pol\u00edcia Militar Ambiental esclarece as restri\u00e7\u00f5es \u00e0 pesca [&hellip;]<\/p>\n","protected":false},"author":1,"featured_media":43969,"comment_status":"open","ping_status":"closed","sticky":false,"template":"","format":"standard","meta":{"amp_status":"","footnotes":""},"categories":[121],"tags":[1018,247,21190,21188,21187,1641,21189],"class_list":["post-43967","post","type-post","status-publish","format-standard","has-post-thumbnail","hentry","category-leste","tag-destaque","tag-governador-valadares","tag-periodo-de-piracema","tag-pesca-de-especies-nativas-esta-proibida-ate-o-final-de-fevereiro-de-2015-em-governador-valadares","tag-pesca-esta-proibida-ate-o-final-de-fevereiro-de-2015-em-governador-valadares","tag-piracema","tag-piracema-em-governador-valadares"],"_links":{"self":[{"href":"https:\/\/aconteceunovale.com.br\/portal\/index.php?rest_route=\/wp\/v2\/posts\/43967","targetHints":{"allow":["GET"]}}],"collection":[{"href":"https:\/\/aconteceunovale.com.br\/portal\/index.php?rest_route=\/wp\/v2\/posts"}],"about":[{"href":"https:\/\/aconteceunovale.com.br\/portal\/index.php?rest_route=\/wp\/v2\/types\/post"}],"author":[{"embeddable":true,"href":"https:\/\/aconteceunovale.com.br\/portal\/index.php?rest_route=\/wp\/v2\/users\/1"}],"replies":[{"embeddable":true,"href":"https:\/\/aconteceunovale.com.br\/portal\/index.php?rest_route=%2Fwp%2Fv2%2Fcomments&post=43967"}],"version-history":[{"count":0,"href":"https:\/\/aconteceunovale.com.br\/portal\/index.php?rest_route=\/wp\/v2\/posts\/43967\/revisions"}],"wp:featuredmedia":[{"embeddable":true,"href":"https:\/\/aconteceunovale.com.br\/portal\/index.php?rest_route=\/wp\/v2\/media\/43969"}],"wp:attachment":[{"href":"https:\/\/aconteceunovale.com.br\/portal\/index.php?rest_route=%2Fwp%2Fv2%2Fmedia&parent=43967"}],"wp:term":[{"taxonomy":"category","embeddable":true,"href":"https:\/\/aconteceunovale.com.br\/portal\/index.php?rest_route=%2Fwp%2Fv2%2Fcategories&post=43967"},{"taxonomy":"post_tag","embeddable":true,"href":"https:\/\/aconteceunovale.com.br\/portal\/index.php?rest_route=%2Fwp%2Fv2%2Ftags&post=43967"}],"curies":[{"name":"wp","href":"https:\/\/api.w.org\/{rel}","templated":true}]}}