{"id":43963,"date":"2014-10-30T19:16:49","date_gmt":"2014-10-30T22:16:49","guid":{"rendered":"http:\/\/aconteceunovale.com.br\/portal\/?p=43963"},"modified":"2014-10-30T19:16:49","modified_gmt":"2014-10-30T22:16:49","slug":"quase-cinco-quilos-de-maconha-sao-apreendidos-durante-blitz-em-governador-valadares","status":"publish","type":"post","link":"https:\/\/aconteceunovale.com.br\/portal\/?p=43963","title":{"rendered":"Quase cinco quilos de maconha s\u00e3o apreendidos durante blitz em Governador Valadares"},"content":{"rendered":"<h4><strong><em>Droga estava dentro da bolsa de uma adolescente de 17 anos. Ela foi apreendida por ato infracional an\u00e1logo ao crime de tr\u00e1fico de drogas.<\/em><\/strong><\/h4>\n<div id=\"fb-root\"><\/div>\n<p>\t\t\t\t<script>(function(d, s, id) {\n\t\t\t\t  var js, fjs = d.getElementsByTagName(s)[0];\n\t\t\t\t  if (d.getElementById(id)) return;\n\t\t\t\t  js = d.createElement(s); js.id = id;\n\t\t\t\t  js.src = \"\/\/connect.facebook.net\/pt_BR\/sdk.js#xfbml=1&appId=691575364226355&version=v2.0\";\n\t\t\t\t  fjs.parentNode.insertBefore(js, fjs);\n\t\t\t\t}(document, 'script', 'facebook-jssdk'));<\/script><\/p>\n<div class=\"fb-like\" data-href=\"https:\/\/www.facebook.com\/aconteceunovale\" data-layout=\"button_count\" data-action=\"like\" data-show-faces=\"true\" data-share=\"true\"><\/div>\n<p><\/br><\/p>\n<p>Uma adolescente de 17 anos foi apreendida no in\u00edcio da tarde desta quinta-feira (30), na Rua Sete de Setembro, na altura do Bairro Esplanada em Governador Valadares, no Leste de Minas Gerais. Com a menor, a Pol\u00edcia Militar apreendeu quase 5 quilos de maconha.<\/p>\n<p>Segundo o sargento Paulo Henrique Caetano, a adolescente estava como carona em um carro, e levaria a droga para o Bairro S\u00e3o Pedro. \u201cEst\u00e1vamos promovendo um blitz normal e quando abordamos o ve\u00edculo ela ficou bastante agitada. Fizemos uma busca na bolsa dela e encontramos 4 quilos e 300 gramas de maconha, 95 gramas de pasta base e 600 gramas de coca\u00edna\u201d, contou o sargento.<\/p>\n<p>Junto com a droga os militares apreenderam tamb\u00e9m cerca de R$ 100. Ainda segundo a PM, a adolescente n\u00e3o tinha passagem pela pol\u00edcia e vinha do estado de S\u00e3o Paulo e desembarcou na rodovi\u00e1ria, onde conseguiu a carona para o Bairro S\u00e3o Pedro. O motorista do carro n\u00e3o tinha envolvimento com o tr\u00e1fico e foi liberado, de acordo com a PM.<\/p>\n<p><img decoding=\"async\" src=\"http:\/\/aconteceunovale.com.br\/portal\/wp-content\/uploads\/2014\/10\/apreensao_gv_30.jpg\" alt=\"\" \/><em>Toda a droga foi encaminha para a delegacia de Governador Valadares (Foto: Fabiana Conrado\/G1)<\/em><br \/>\n<\/br><\/p>\n<p><strong><em>(Inter TV dos Vales)<\/em><\/strong><\/p>\n","protected":false},"excerpt":{"rendered":"<p>Droga estava dentro da bolsa de uma adolescente de 17 anos. Ela foi apreendida por ato infracional an\u00e1logo ao crime de tr\u00e1fico de drogas. Uma adolescente de 17 anos foi apreendida no in\u00edcio da tarde desta quinta-feira (30), na Rua Sete de Setembro, na altura do Bairro Esplanada em Governador Valadares, no Leste de Minas [&hellip;]<\/p>\n","protected":false},"author":1,"featured_media":43964,"comment_status":"open","ping_status":"closed","sticky":false,"template":"","format":"standard","meta":{"amp_status":"","footnotes":""},"categories":[121],"tags":[247,21186],"class_list":["post-43963","post","type-post","status-publish","format-standard","has-post-thumbnail","hentry","category-leste","tag-governador-valadares","tag-quase-cinco-quilos-de-maconha-sao-apreendidos-durante-blitz-em-governador-valadares"],"_links":{"self":[{"href":"https:\/\/aconteceunovale.com.br\/portal\/index.php?rest_route=\/wp\/v2\/posts\/43963","targetHints":{"allow":["GET"]}}],"collection":[{"href":"https:\/\/aconteceunovale.com.br\/portal\/index.php?rest_route=\/wp\/v2\/posts"}],"about":[{"href":"https:\/\/aconteceunovale.com.br\/portal\/index.php?rest_route=\/wp\/v2\/types\/post"}],"author":[{"embeddable":true,"href":"https:\/\/aconteceunovale.com.br\/portal\/index.php?rest_route=\/wp\/v2\/users\/1"}],"replies":[{"embeddable":true,"href":"https:\/\/aconteceunovale.com.br\/portal\/index.php?rest_route=%2Fwp%2Fv2%2Fcomments&post=43963"}],"version-history":[{"count":0,"href":"https:\/\/aconteceunovale.com.br\/portal\/index.php?rest_route=\/wp\/v2\/posts\/43963\/revisions"}],"wp:featuredmedia":[{"embeddable":true,"href":"https:\/\/aconteceunovale.com.br\/portal\/index.php?rest_route=\/wp\/v2\/media\/43964"}],"wp:attachment":[{"href":"https:\/\/aconteceunovale.com.br\/portal\/index.php?rest_route=%2Fwp%2Fv2%2Fmedia&parent=43963"}],"wp:term":[{"taxonomy":"category","embeddable":true,"href":"https:\/\/aconteceunovale.com.br\/portal\/index.php?rest_route=%2Fwp%2Fv2%2Fcategories&post=43963"},{"taxonomy":"post_tag","embeddable":true,"href":"https:\/\/aconteceunovale.com.br\/portal\/index.php?rest_route=%2Fwp%2Fv2%2Ftags&post=43963"}],"curies":[{"name":"wp","href":"https:\/\/api.w.org\/{rel}","templated":true}]}}