{"id":43948,"date":"2014-10-30T18:46:36","date_gmt":"2014-10-30T21:46:36","guid":{"rendered":"http:\/\/aconteceunovale.com.br\/portal\/?p=43948"},"modified":"2014-10-30T18:48:17","modified_gmt":"2014-10-30T21:48:17","slug":"ipatinguense-e-a-primeira-representante-mineira-a-vencer-o-concurso-miss-brasil-latina","status":"publish","type":"post","link":"https:\/\/aconteceunovale.com.br\/portal\/?p=43948","title":{"rendered":"Ipatinguense \u00e9 a primeira representante mineira a vencer o Concurso Miss Brasil Latina"},"content":{"rendered":"<div id=\"fb-root\"><\/div>\n<p>\t\t\t\t<script>(function(d, s, id) {\n\t\t\t\t  var js, fjs = d.getElementsByTagName(s)[0];\n\t\t\t\t  if (d.getElementById(id)) return;\n\t\t\t\t  js = d.createElement(s); js.id = id;\n\t\t\t\t  js.src = \"\/\/connect.facebook.net\/pt_BR\/sdk.js#xfbml=1&appId=691575364226355&version=v2.0\";\n\t\t\t\t  fjs.parentNode.insertBefore(js, fjs);\n\t\t\t\t}(document, 'script', 'facebook-jssdk'));<\/script><\/p>\n<div class=\"fb-like\" data-href=\"https:\/\/www.facebook.com\/aconteceunovale\" data-layout=\"button_count\" data-action=\"like\" data-show-faces=\"true\" data-share=\"true\"><\/div>\n<p><\/br><\/p>\n<p>Uma ipatinguense \u00e9 a primeira representante mineira a vencer o Miss Brasil Latina. A modelo Dianine Nunes, de 22 anos, ganhou a etapa nacional na noite desta ter\u00e7a-feira (28), realizada em Recife (PE), e agora ter\u00e1 um ano para se preparar para o concurso que eleger\u00e1 a mulher mais bonita das Am\u00e9ricas do Sul e Central. <\/p>\n<p>Com o voto de dez dos 17 jurados, Dianine, de 1,73 metros de altura , falou sobre a conquista com a reportagem do Hoje em Dia. Por telefone, ela disse ser a primeira vez que participa de um concurso de beleza. A modelo, que j\u00e1 trabalhou como modelo na China e M\u00e9xico, garantiu que est\u00e1 foi uma das maiores conquistas da vida dela.<\/p>\n<p><img decoding=\"async\" src=\"http:\/\/aconteceunovale.com.br\/portal\/wp-content\/uploads\/2014\/10\/dianine_nunes_1.jpg\" alt=\"\" \/><em>Dianine Nunes \u00e9 a primeira mineira a vencer o concurso nacional (Foto: Dianine Nunes\/Faceook)<\/em><br \/>\n<\/br><\/p>\n<p>Dianine disse que come\u00e7ou a se preparar para o concurso h\u00e1 cerca de cinco meses. Como ela morava fora do Brasil h\u00e1 sete anos, disse que o foco foi atualizar os conhecimento sobre o pr\u00f3prio pa\u00eds. Al\u00e9m disso, encarou uma dieta restrita, academia e tratamentos est\u00e9ticos.<\/p>\n<p>\u201cSempre me senti confiante desde que decidi participar, justamente devido a prepara\u00e7\u00e3o. N\u00e3o me senti em desvantagem. Acho que minha experi\u00eancia no exterior tamb\u00e9m pesou muito, principalmente pois falo espanhol fluente. Quando anunciaram a vencedora, chorei muito\u201d, afirmou.<\/p>\n<p>A nova representante nacional do concurso afirmou que este \u00e9 um grande passo na carreira e fez um desabafo. \u201cSenti que foi um grande momento, em fun\u00e7\u00e3o de tudo o que j\u00e1 passei na carreira. Quando iniciei sempre achei que uma pessoa do interior nunca teria oportunidades. A conquista puxou meu olhar para o Brasil\u201d, revelou Dianine.<\/p>\n<p>A modelo, que teve coordena\u00e7\u00e3o da Ag\u00eancia Oz, ainda diz que voltar\u00e1 a morar no Brasil, possivelmente em S\u00e3o Paulo, e quer se destacar no mercado nacional.<\/p>\n<p>O pr\u00f3ximo concurso Miss Am\u00e9rica Latina del Mundo ainda n\u00e3o tem data ou local definido. Ele dever\u00e1 ser realizado entre agosto e outubro de 2015, em Punta Cana, na Rep\u00fablica Dominicana, ou em Cancum, no M\u00e9xico. \u201cSe for na segunda op\u00e7\u00e3o, terei torcida em peso\u201d, brinca Dianine.<\/p>\n<h4>O concurso<\/h4>\n<p>O Miss Am\u00e9rica Latina \u00e9 um concurso de beleza feminino realizado anualmente, desde 1981, que visa eleger a mulher que melhor represente a beleza da mulher latina ao redor do mundo. O Brasil \u00e9 o pais que mais ganhou a disputa, sendo quatro vezes, em 1994, 1998, 2000 e 2013.<\/p>\n<p><img decoding=\"async\" src=\"http:\/\/aconteceunovale.com.br\/portal\/wp-content\/uploads\/2014\/10\/dianine_nunes_2.jpg\" alt=\"\" \/><em>Miss Brasil Latina, Dianine Nunes, disputar\u00e1 etapa internacional em 2015 (Foto: Dianine Nunes\/Faceook)<\/em><br \/>\n<\/br><\/p>\n<p><strong><em>(Portal Hoje em Dia)<\/em><\/strong><\/p>\n","protected":false},"excerpt":{"rendered":"<p>Uma ipatinguense \u00e9 a primeira representante mineira a vencer o Miss Brasil Latina. A modelo Dianine Nunes, de 22 anos, ganhou a etapa nacional na noite desta ter\u00e7a-feira (28), realizada em Recife (PE), e agora ter\u00e1 um ano para se preparar para o concurso que eleger\u00e1 a mulher mais bonita das Am\u00e9ricas do Sul e [&hellip;]<\/p>\n","protected":false},"author":1,"featured_media":43949,"comment_status":"open","ping_status":"closed","sticky":false,"template":"","format":"standard","meta":{"amp_status":"","footnotes":""},"categories":[123],"tags":[1018,21176,21179,21172,21180,21173,21174,21175,21181,21178,21177],"class_list":["post-43948","post","type-post","status-publish","format-standard","has-post-thumbnail","hentry","category-gerais","tag-destaque","tag-dianine-nunes","tag-dianine-nunes-e-a-primeira-mineira-a-vencer-o-concurso-nacional","tag-ipatinguense","tag-ipatinguense-e-a-primeira-representante-mineira-a-vencer-o-concurso-miss-brasil-latina","tag-ipatinguense-e-a-primeira-representante-mineira-a-vencer-o-miss-brasil-latina","tag-miss-brasil-latina","tag-modelo-dianine-nunes","tag-modelo-ipatinguense-e-a-primeira-representante-mineira-a-vencer-o-concurso-miss-brasil-latina","tag-mulher-mais-bonita-das-americas-do-sul-e-central","tag-recife"],"_links":{"self":[{"href":"https:\/\/aconteceunovale.com.br\/portal\/index.php?rest_route=\/wp\/v2\/posts\/43948","targetHints":{"allow":["GET"]}}],"collection":[{"href":"https:\/\/aconteceunovale.com.br\/portal\/index.php?rest_route=\/wp\/v2\/posts"}],"about":[{"href":"https:\/\/aconteceunovale.com.br\/portal\/index.php?rest_route=\/wp\/v2\/types\/post"}],"author":[{"embeddable":true,"href":"https:\/\/aconteceunovale.com.br\/portal\/index.php?rest_route=\/wp\/v2\/users\/1"}],"replies":[{"embeddable":true,"href":"https:\/\/aconteceunovale.com.br\/portal\/index.php?rest_route=%2Fwp%2Fv2%2Fcomments&post=43948"}],"version-history":[{"count":0,"href":"https:\/\/aconteceunovale.com.br\/portal\/index.php?rest_route=\/wp\/v2\/posts\/43948\/revisions"}],"wp:featuredmedia":[{"embeddable":true,"href":"https:\/\/aconteceunovale.com.br\/portal\/index.php?rest_route=\/wp\/v2\/media\/43949"}],"wp:attachment":[{"href":"https:\/\/aconteceunovale.com.br\/portal\/index.php?rest_route=%2Fwp%2Fv2%2Fmedia&parent=43948"}],"wp:term":[{"taxonomy":"category","embeddable":true,"href":"https:\/\/aconteceunovale.com.br\/portal\/index.php?rest_route=%2Fwp%2Fv2%2Fcategories&post=43948"},{"taxonomy":"post_tag","embeddable":true,"href":"https:\/\/aconteceunovale.com.br\/portal\/index.php?rest_route=%2Fwp%2Fv2%2Ftags&post=43948"}],"curies":[{"name":"wp","href":"https:\/\/api.w.org\/{rel}","templated":true}]}}