{"id":43927,"date":"2014-10-30T17:25:37","date_gmt":"2014-10-30T20:25:37","guid":{"rendered":"http:\/\/aconteceunovale.com.br\/portal\/?p=43927"},"modified":"2014-10-30T17:25:37","modified_gmt":"2014-10-30T20:25:37","slug":"cemig-comunica-desligamento-para-obras-na-rede-eletrica-de-nanuque","status":"publish","type":"post","link":"https:\/\/aconteceunovale.com.br\/portal\/?p=43927","title":{"rendered":"Cemig comunica desligamento para obras na rede el\u00e9trica de Nanuque"},"content":{"rendered":"<p>A Companhia Energ\u00e9tica de Minas Gerais (Cemig) informa que, na pr\u00f3xima segunda-feira (03\/11), realizar\u00e1 obras de manuten\u00e7\u00e3o na Rede de Distribui\u00e7\u00e3o Urbana de Nanuque.<\/p>\n<p>Essa obra vai tornar a rede mais segura, garantindo uma maior confiabilidade do fornecimento de energia para a popula\u00e7\u00e3o, a ind\u00fastria e o com\u00e9rcio local.<\/p>\n<p>Para executar esse servi\u00e7o com seguran\u00e7a, ser\u00e1 necess\u00e1rio interromper o fornecimento de energia de 11h \u00e0s 15h nos seguintes endere\u00e7os:<\/p>\n<p>&#8211; Vila Pedra Bueno, entre n\u00fameros 7 e 300,<br \/>\n&#8211; Rua Trinta e Dois, n\u00famero 23<br \/>\n&#8211; Rua Joa\u00edma, entre n\u00fameros 258 e 574<br \/>\n&#8211; Rua Lambari, entre n\u00fameros 955 e 1099<br \/>\n&#8211; Rua Bela Vista, entre n\u00fameros 148 e 178<br \/>\n&#8211; Rua Ladainha, entre n\u00fameros 993 e 1310<br \/>\n&#8211; Rua Ouro Fino, entre n\u00fameros 1210 e 1600<br \/>\n&#8211; Rua Itambacuri, entre n\u00fameros 1191 e 1674<br \/>\n&#8211; Rua Campan\u00e1rio , entre n\u00fameros 1062 e 1721<br \/>\n&#8211; Rua Pouso Alegre, entre n\u00fameros 1457 e 1754<br \/>\n&#8211; Rua Novo Cruzeiro, entre n\u00fameros 1101 e 1423, Centro<br \/>\n&#8211; Rua Wantuil Lopes, entre n\u00fameros 19 e 319<br \/>\n&#8211; Rua Br\u00e1ulio Ferreira Freire, entre n\u00fameros 20 e 159<br \/>\n&#8211; Rua Ana Cl\u00e1udia Caires, entre n\u00fameros 17 e 117<br \/>\n&#8211; Rua Zuleide Macieira Figueredo, entre n\u00fameros17 e 109<br \/>\n&#8211; Rua Professor Caetano Abreu Leite, entre n\u00fameros 141 e 503, Esp\u00edrito Santo<br \/>\n&#8211; Rua Anhanguera, entre n\u00fameros 1475 e 1680<br \/>\n&#8211; Rua Almirante Barroso, entre n\u00fameros 363 e 457<br \/>\n&#8211; Rua Jo\u00e3o Lopes dos Santos, entre n\u00fameros 13 e 49, Vila Esperan\u00e7a<br \/>\n&#8211; Rua Pe\u00e7anha, entre n\u00fameros 275 e 528<br \/>\n&#8211; Rua Bela Vista, entre n\u00fameros 201 e 758<br \/>\n&#8211; Rua Frei Inoc\u00eancio, entre n\u00fameros 36 e 1660, Zarur<br \/>\n&#8211; Rua Itaobim, entre n\u00fameros 377 e 1635<br \/>\n&#8211; Rua Santa Luzia, entre n\u00fameros 39 e 665, Get\u00falio Vargas<br \/>\n&#8211; C\u00f3rrego Seco<br \/>\n&#8211; C\u00f3rrego do Bengo<\/p>\n<p>Durante esse per\u00edodo, caso precise executar algum servi\u00e7o na instala\u00e7\u00e3o el\u00e9trica interna, o consumidor dever\u00e1 desligar antes a chave geral (disjuntor) para sua seguran\u00e7a.<\/p>\n<p>Esclarecemos que, em fun\u00e7\u00e3o da complexidade dos servi\u00e7os a serem executados, poder\u00e1 ocorrer atraso no hor\u00e1rio previsto ou cancelamento deste desligamento sem aviso pr\u00e9vio. Por medida de seguran\u00e7a, todos os equipamentos devem ser considerados energizados durante o per\u00edodo mencionado. Caso os servi\u00e7os de melhoria sejam conclu\u00eddos antes do hor\u00e1rio indicado, o fornecimento de energia el\u00e9trica ser\u00e1 restabelecido.<\/p>\n","protected":false},"excerpt":{"rendered":"<p>A Companhia Energ\u00e9tica de Minas Gerais (Cemig) informa que, na pr\u00f3xima segunda-feira (03\/11), realizar\u00e1 obras de manuten\u00e7\u00e3o na Rede de Distribui\u00e7\u00e3o Urbana de Nanuque. Essa obra vai tornar a rede mais segura, garantindo uma maior confiabilidade do fornecimento de energia para a popula\u00e7\u00e3o, a ind\u00fastria e o com\u00e9rcio local. Para executar esse servi\u00e7o com seguran\u00e7a, [&hellip;]<\/p>\n","protected":false},"author":1,"featured_media":35562,"comment_status":"open","ping_status":"closed","sticky":false,"template":"","format":"standard","meta":{"amp_status":"","footnotes":""},"categories":[122],"tags":[21143,252,21144,21145],"class_list":["post-43927","post","type-post","status-publish","format-standard","has-post-thumbnail","hentry","category-mucuri","tag-cemig-comunica-desligamento-para-obras-na-rede-eletrica-de-nanuque","tag-nanuque","tag-obras-em-nanuque","tag-obras-na-rede-eletrica-de-nanuque"],"_links":{"self":[{"href":"https:\/\/aconteceunovale.com.br\/portal\/index.php?rest_route=\/wp\/v2\/posts\/43927","targetHints":{"allow":["GET"]}}],"collection":[{"href":"https:\/\/aconteceunovale.com.br\/portal\/index.php?rest_route=\/wp\/v2\/posts"}],"about":[{"href":"https:\/\/aconteceunovale.com.br\/portal\/index.php?rest_route=\/wp\/v2\/types\/post"}],"author":[{"embeddable":true,"href":"https:\/\/aconteceunovale.com.br\/portal\/index.php?rest_route=\/wp\/v2\/users\/1"}],"replies":[{"embeddable":true,"href":"https:\/\/aconteceunovale.com.br\/portal\/index.php?rest_route=%2Fwp%2Fv2%2Fcomments&post=43927"}],"version-history":[{"count":0,"href":"https:\/\/aconteceunovale.com.br\/portal\/index.php?rest_route=\/wp\/v2\/posts\/43927\/revisions"}],"wp:featuredmedia":[{"embeddable":true,"href":"https:\/\/aconteceunovale.com.br\/portal\/index.php?rest_route=\/wp\/v2\/media\/35562"}],"wp:attachment":[{"href":"https:\/\/aconteceunovale.com.br\/portal\/index.php?rest_route=%2Fwp%2Fv2%2Fmedia&parent=43927"}],"wp:term":[{"taxonomy":"category","embeddable":true,"href":"https:\/\/aconteceunovale.com.br\/portal\/index.php?rest_route=%2Fwp%2Fv2%2Fcategories&post=43927"},{"taxonomy":"post_tag","embeddable":true,"href":"https:\/\/aconteceunovale.com.br\/portal\/index.php?rest_route=%2Fwp%2Fv2%2Ftags&post=43927"}],"curies":[{"name":"wp","href":"https:\/\/api.w.org\/{rel}","templated":true}]}}