{"id":43923,"date":"2014-10-30T17:19:58","date_gmt":"2014-10-30T20:19:58","guid":{"rendered":"http:\/\/aconteceunovale.com.br\/portal\/?p=43923"},"modified":"2014-10-30T17:19:58","modified_gmt":"2014-10-30T20:19:58","slug":"a-politica-nao-deve-ser-prioridade-alexandre-sylvio-vieira-da-costa","status":"publish","type":"post","link":"https:\/\/aconteceunovale.com.br\/portal\/?p=43923","title":{"rendered":"A POL\u00cdTICA N\u00c3O DEVE SER PRIORIDADE &#8211; Alexandre Sylvio Vieira da Costa"},"content":{"rendered":"<div id=\"fb-root\"><\/div>\n<p>\t\t\t\t<script>(function(d, s, id) {\n\t\t\t\t  var js, fjs = d.getElementsByTagName(s)[0];\n\t\t\t\t  if (d.getElementById(id)) return;\n\t\t\t\t  js = d.createElement(s); js.id = id;\n\t\t\t\t  js.src = \"\/\/connect.facebook.net\/pt_BR\/sdk.js#xfbml=1&appId=691575364226355&version=v2.0\";\n\t\t\t\t  fjs.parentNode.insertBefore(js, fjs);\n\t\t\t\t}(document, 'script', 'facebook-jssdk'));<\/script><\/p>\n<div class=\"fb-like\" data-href=\"https:\/\/www.facebook.com\/aconteceunovale\" data-layout=\"button_count\" data-action=\"like\" data-show-faces=\"true\" data-share=\"true\"><\/div>\n<p><\/br><\/p>\n<p>Acabaram as elei\u00e7\u00f5es. Votamos em deputados, senadores, governadores e presidente e um novo quadro pol\u00edtico foi desenhado (ou n\u00e3o) no pa\u00eds. Mas, um problema ainda me preocupa e acredito que n\u00e3o ser\u00e1 resolvido t\u00e3o cedo: os interesses pol\u00edticos acima dos interesses t\u00e9cnicos. <\/p>\n<p>Quando comentamos sobre as chuvas, sua redu\u00e7\u00e3o e irregularidade n\u00e3o falamos apenas sobre o que vemos, mas sobre estudos t\u00e9cnico cient\u00edficos. Estudos que analisam informa\u00e7\u00f5es de d\u00e9cadas atr\u00e1s at\u00e9 os dias atuais para elabora\u00e7\u00e3o de um padr\u00e3o de comportamento das \u00e1guas. A partir das an\u00e1lises de milhares de dados, determina\u00e7\u00e3o de modelos matem\u00e1ticos e outros estudos aprofundados os pesquisadores passam a ter ideia do comportamento futuro das chuvas e de todo o regime hidrol\u00f3gico das regi\u00f5es. Com estas informa\u00e7\u00f5es clim\u00e1ticas associadas \u00e0s informa\u00e7\u00f5es sociais como crescimento populacional, renda familiar, consumo de \u00e1gua tratada, os t\u00e9cnicos conseguem estimar quanto de \u00e1gua estar\u00e1 dispon\u00edvel para a popula\u00e7\u00e3o, qual ser\u00e1 o seu balan\u00e7o entre gera\u00e7\u00e3o e consumo e, se houver d\u00e9ficit ou saldo negativo, quanto tempo a \u00e1gua dos reservat\u00f3rios ir\u00e1 durar. <\/p>\n<p>Com estes dados e as estimativas futuras em m\u00e3os a respeito de uma poss\u00edvel crise hidrol\u00f3gica, estes profissionais partem para as reuni\u00f5es com os gestores pol\u00edticos, sejam eles municipais, estaduais ou federal, apresentando as an\u00e1lises t\u00e9cnicas obtidas em seus estudos e, a partir deste ponto, geralmente, tem in\u00edcio uma s\u00e9rie de problemas. Infelizmente os nossos pol\u00edticos ao se depararem com um problema desta magnitude pensam em primeiro lugar: qual ser\u00e1 o impacto deste evento na minha gest\u00e3o em rela\u00e7\u00e3o a opini\u00e3o p\u00fablica e ser\u00e1 que ir\u00e1 comprometer a minha pr\u00f3xima candidatura? Outro ponto a ser pensado pelo pol\u00edtico: vou gastar milh\u00f5es em recursos para um problema que ainda n\u00e3o existe? Seria melhor investir em pra\u00e7as, asfalto, ilumina\u00e7\u00e3o p\u00fablica, investimentos que trazem muito mais dividendos pol\u00edticos e, votos! <\/p>\n<p>Na pr\u00e1tica, o pensamento \u00e9 o seguinte: se resolver investir em uma obra de capta\u00e7\u00e3o e armazenamento de \u00e1gua em um per\u00edodo em que n\u00e3o falta \u00e1gua, a popula\u00e7\u00e3o n\u00e3o reconhecer\u00e1 o esfor\u00e7o e isto n\u00e3o trar\u00e1 votos, mas se investir milh\u00f5es em um sistema de capta\u00e7\u00e3o de \u00e1gua em um per\u00edodo de escassez, ser\u00e1 considerado um her\u00f3i! Com este racioc\u00ednio o pol\u00edtico se volta para a sua equipe t\u00e9cnica e fala: \u201cVamos desengavetar este projeto quando ele for realmente necess\u00e1rio!\u201d<\/p>\n<p>Infelizmente em nosso pa\u00eds a popula\u00e7\u00e3o nunca foi tratada como prioridade. At\u00e9 mesmo as a\u00e7\u00f5es sociais dos governos s\u00e3o manchadas de segundas inten\u00e7\u00f5es pol\u00edtico-partid\u00e1rias. E a grande maioria do povo brasileiro se acostumou a ficar com as migalhas ecoando uma das mais vergonhosas frases que representam a nossa pol\u00edtica: \u201cele rouba, mas ele faz!\u201d ou \u201cele rouba, mas ele me ajuda!\u201d.<\/p>\n<p>Enquanto a politica partid\u00e1ria for prioridade neste pa\u00eds continuaremos a ver pessoas morrendo nos hospitais pela falta de atendimento e nas ruas por balas perdidas e os nossos \u201cpoderes superiores\u201d remanejando seus pr\u00f3prios sal\u00e1rios e banalizando a corrup\u00e7\u00e3o institucionalizada.<\/p>\n<p><\/br><\/p>\n<h4><strong>Quem \u00e9 Alexandre Sylvio Vieira da Costa?<\/strong><\/h4>\n<p><img decoding=\"async\" src=\"http:\/\/aconteceunovale.com.br\/portal\/wp-content\/uploads\/2014\/06\/alexandre_coluna_agro.jpg\" alt=\"\" \/><br \/>\n<\/br><\/p>\n<p>&#8211; Nascido na cidade de Niter\u00f3i, RJ;<br \/>\n&#8211; Engenheiro Agr\u00f4nomo Formado pela Universidade Federal Rural do Rio de Janeiro;<br \/>\n&#8211; Mestre em Produ\u00e7\u00e3o Vegetal pela Embrapa-Agrobiologia\/Universidade Federal Rural do<br \/>\nRio de Janeiro;<br \/>\n&#8211; Doutor em Produ\u00e7\u00e3o Vegetal pela Universidade Federal de Vi\u00e7osa;<br \/>\n&#8211; P\u00f3s doutorado em Geoci\u00eancias pela Universidade Federal de Minas Gerais;<br \/>\n&#8211; Foi Coordenador Adjunto da C\u00e2mara Especializada de Agronomia e Coordenador da<br \/>\nComiss\u00e3o T\u00e9cnica de Meio Ambiente do CREA\/Minas;<br \/>\n&#8211; Foi Presidente da C\u00e2mara T\u00e9cnica de eventos Cr\u00edticos do Comit\u00ea da Bacia<br \/>\nHidrogr\u00e1fica do Rio Doce;<br \/>\n&#8211; Atualmente, professor Adjunto dos cursos de Engenharia da Universidade Federal dos<br \/>\nVales do Jequitinhonha e Mucuri, Campus Te\u00f3filo Otoni;<\/p>\n<p>&#8211; Blog: <a href=\"http:\/\/asylvio.blogspot.com.br\" target=\"_blank\">asylvio.blogspot.com.br<\/a><br \/>\n&#8211; E-mail: alexandre.costa@ufvjm.edu.br<\/p>\n","protected":false},"excerpt":{"rendered":"<p>Acabaram as elei\u00e7\u00f5es. Votamos em deputados, senadores, governadores e presidente e um novo quadro pol\u00edtico foi desenhado (ou n\u00e3o) no pa\u00eds. Mas, um problema ainda me preocupa e acredito que n\u00e3o ser\u00e1 resolvido t\u00e3o cedo: os interesses pol\u00edticos acima dos interesses t\u00e9cnicos. Quando comentamos sobre as chuvas, sua redu\u00e7\u00e3o e irregularidade n\u00e3o falamos apenas sobre [&hellip;]<\/p>\n","protected":false},"author":1,"featured_media":32009,"comment_status":"open","ping_status":"closed","sticky":false,"template":"","format":"standard","meta":{"amp_status":"","footnotes":""},"categories":[4927],"tags":[21140,9443,718,21141,21142,14290],"class_list":["post-43923","post","type-post","status-publish","format-standard","has-post-thumbnail","hentry","category-colunistas","tag-a-politica-nao-deve-ser-prioridade","tag-alexandre-sylvio-vieira-da-costa","tag-eleicoes","tag-interesses-politicos","tag-interesses-tecnicos","tag-politica"],"_links":{"self":[{"href":"https:\/\/aconteceunovale.com.br\/portal\/index.php?rest_route=\/wp\/v2\/posts\/43923","targetHints":{"allow":["GET"]}}],"collection":[{"href":"https:\/\/aconteceunovale.com.br\/portal\/index.php?rest_route=\/wp\/v2\/posts"}],"about":[{"href":"https:\/\/aconteceunovale.com.br\/portal\/index.php?rest_route=\/wp\/v2\/types\/post"}],"author":[{"embeddable":true,"href":"https:\/\/aconteceunovale.com.br\/portal\/index.php?rest_route=\/wp\/v2\/users\/1"}],"replies":[{"embeddable":true,"href":"https:\/\/aconteceunovale.com.br\/portal\/index.php?rest_route=%2Fwp%2Fv2%2Fcomments&post=43923"}],"version-history":[{"count":0,"href":"https:\/\/aconteceunovale.com.br\/portal\/index.php?rest_route=\/wp\/v2\/posts\/43923\/revisions"}],"wp:featuredmedia":[{"embeddable":true,"href":"https:\/\/aconteceunovale.com.br\/portal\/index.php?rest_route=\/wp\/v2\/media\/32009"}],"wp:attachment":[{"href":"https:\/\/aconteceunovale.com.br\/portal\/index.php?rest_route=%2Fwp%2Fv2%2Fmedia&parent=43923"}],"wp:term":[{"taxonomy":"category","embeddable":true,"href":"https:\/\/aconteceunovale.com.br\/portal\/index.php?rest_route=%2Fwp%2Fv2%2Fcategories&post=43923"},{"taxonomy":"post_tag","embeddable":true,"href":"https:\/\/aconteceunovale.com.br\/portal\/index.php?rest_route=%2Fwp%2Fv2%2Ftags&post=43923"}],"curies":[{"name":"wp","href":"https:\/\/api.w.org\/{rel}","templated":true}]}}