{"id":43911,"date":"2014-10-30T12:17:15","date_gmt":"2014-10-30T15:17:15","guid":{"rendered":"http:\/\/aconteceunovale.com.br\/portal\/?p=43911"},"modified":"2014-10-30T12:18:29","modified_gmt":"2014-10-30T15:18:29","slug":"plantao-do-samu-no-norte-de-minas-gerais-29-de-outubro-de-2014","status":"publish","type":"post","link":"https:\/\/aconteceunovale.com.br\/portal\/?p=43911","title":{"rendered":"Plant\u00e3o do Samu no Norte de Minas Gerais &#8211; 29 de outubro de 2014"},"content":{"rendered":"<h4><strong><em>Quarta-feira, 29 de outubro de 2014<\/em><\/strong><\/h4>\n<div id=\"fb-root\"><\/div>\n<p>\t\t\t\t<script>(function(d, s, id) {\n\t\t\t\t  var js, fjs = d.getElementsByTagName(s)[0];\n\t\t\t\t  if (d.getElementById(id)) return;\n\t\t\t\t  js = d.createElement(s); js.id = id;\n\t\t\t\t  js.src = \"\/\/connect.facebook.net\/pt_BR\/sdk.js#xfbml=1&appId=691575364226355&version=v2.0\";\n\t\t\t\t  fjs.parentNode.insertBefore(js, fjs);\n\t\t\t\t}(document, 'script', 'facebook-jssdk'));<\/script><\/p>\n<div class=\"fb-like\" data-href=\"https:\/\/www.facebook.com\/aconteceunovale\" data-layout=\"button_count\" data-action=\"like\" data-show-faces=\"true\" data-share=\"true\"><\/div>\n<p><\/br><\/p>\n<p>Unidades do Samu foram acionadas \u00e0s 21h10 desta quarta-feira, 29\/10, para atendimento a v\u00edtimas de um acidente envolvendo uma carreta e um \u00f4nibus na BR-365, a 27 quil\u00f4metros de Montes Claros. Segundo a Pol\u00edcia Rodovi\u00e1ria Federal, a carreta, com placas de Lagoa Formosa (MG), invadiu a contram\u00e3o de dire\u00e7\u00e3o e bateu de frente com o \u00f4nibus, que fazia a linha Pirapora\/Montes Claros. A pista estava molhada no momento do acidente.<\/p>\n<p>Tr\u00eas pessoas morreram no local, sendo o motorista do \u00f4nibus, um homem e uma crian\u00e7a que ainda est\u00e3o sendo identificadas pela Pol\u00edcia. A informa\u00e7\u00e3o inicial \u00e9 que os dois n\u00e3o eram passageiros do \u00f4nibus, mas ainda n\u00e3o \u00e9 poss\u00edvel precisar se estavam na carreta ou se sofreram atropelamento. O motorista da carreta, Gilson Nunes da Silva, de cerca de 39 anos, foi encaminhado em estado grave ao hospital, mas n\u00e3o resistiu aos ferimentos e morreu durante a madrugada.<\/p>\n<p>No total, 17 pessoas ficaram feridas, muitas delas presas \u00e0s ferragens e, ap\u00f3s serem retiradas pelos bombeiros, receberam os primeiros atendimentos no local pela equipe m\u00e9dica do Samu e foram encaminhadas a hospitais de Montes Claros. <\/p>\n<p><img decoding=\"async\" src=\"http:\/\/aconteceunovale.com.br\/portal\/wp-content\/uploads\/2014\/10\/acidente_365_tva_1.jpg\" alt=\"\" \/><em>Os dois motoristas e outras duas pessoas morreram no acidente &#8211; Foto: Wilson Ribeiro\/TV Alterosa<\/em><br \/>\n<\/br><\/p>\n<p>Na quarta-feira, as unidades do SAMU de Montes Claros tamb\u00e9m realizaram outros 06 atendimentos em decorr\u00eancia de acidente de tr\u00e2nsito, todos envolvendo motocicleta; 39 atendimentos cl\u00ednicos e 01 por ferimento por arma de fogo, onde motoboy Carlos Eduardo da Silva, de 41 anos, foi atingido por um tiro na cabe\u00e7a ap\u00f3s ser assaltado, no bairro Alto S\u00e3o Jo\u00e3o. Ele estava em estado grave, com rebaixamento do n\u00edvel de consci\u00eancia e foi encaminhado ao hospital ap\u00f3s ser estabilizado.<\/p>\n<p>Em todas as ocorr\u00eancias os feridos receberam os primeiros atendimentos no local e foram encaminhados ao hospital para avalia\u00e7\u00e3o.<\/p>\n","protected":false},"excerpt":{"rendered":"<p>Quarta-feira, 29 de outubro de 2014 Unidades do Samu foram acionadas \u00e0s 21h10 desta quarta-feira, 29\/10, para atendimento a v\u00edtimas de um acidente envolvendo uma carreta e um \u00f4nibus na BR-365, a 27 quil\u00f4metros de Montes Claros. Segundo a Pol\u00edcia Rodovi\u00e1ria Federal, a carreta, com placas de Lagoa Formosa (MG), invadiu a contram\u00e3o de dire\u00e7\u00e3o [&hellip;]<\/p>\n","protected":false},"author":1,"featured_media":37592,"comment_status":"open","ping_status":"closed","sticky":false,"template":"","format":"standard","meta":{"amp_status":"","footnotes":""},"categories":[1236],"tags":[21057,21065,21054,21061,21056,21062,21055,16673,21058,21084,21083,21082,21076,21130,21124,21074,21075,21137,1018,21129,21125,21128,21067,21127,21120,21079,21131,21121,21122,1697,1509,21081,21123,210,21064,21068,21063,21059,21060,21132,21066,21134,254,21138,21078,21126,18629,21139,4040,21080,21077,21053,21133],"class_list":["post-43911","post","type-post","status-publish","format-standard","has-post-thumbnail","hentry","category-norte_de_minas","tag-acidente-com-onibus-da-empresa-uniao","tag-acidente-com-onibus-da-expresso-uniao","tag-acidente-com-onibus-da-uniao","tag-acidente-com-onibus-de-pirapora","tag-acidente-com-onibus-em-montes-claros","tag-acidente-com-onibus-na-br-365","tag-acidente-com-onibus-que-seguia-de-montes-claros-para-pirapora","tag-acidente-em-montes-claros","tag-acidente-entre-carreta-e-onibus-em-montes-claros","tag-acidente-entre-onibus-e-caminhao-deixa-quatro-mortos-em-montes-claros","tag-acidente-entre-onibus-e-caminhao-deixa-quatro-mortos-na-br-365","tag-acidente-entre-onibus-e-caminhao-deixa-quatro-mortos-no-norte-de-minas","tag-acidente-mata-quatro-pessoas-no-norte-de-minas-gerais","tag-albertina-pinheiro-da-cruz","tag-andrezy-alves-da-silva","tag-batida-entre-onibus-e-caminhao-deixa-quatro-mortos-e-17-feridos-em-montes-claros","tag-caminhao-bate-em-onibus-e-deixa-quatro-mortos-e-17-feridos-na-br-365","tag-carlos-eduardo-da-silva","tag-destaque","tag-eliane-alves-de-souza","tag-elivanda-pereira-dos-santos","tag-enzo-souza-sampaio-lopes","tag-expresso-uniao","tag-gabriel-pereira-machado","tag-geisabia-aparecida-marques-de-jesus","tag-gilson-nunes-da-silva","tag-janine-pereira-soares","tag-joana-xavier-freire-da-luz","tag-jose-ferreira-de-brito","tag-juramento","tag-lagoa-da-prata","tag-lagoa-formosa","tag-maria-da-penha-gomes-fonseca","tag-montes-claros","tag-motorista-da-empresa-uniao","tag-motorista-da-expresso-uniao","tag-motorista-da-uniao","tag-motorista-da-uniao-morre-em-acidente-proximo-de-montes-claros","tag-motorista-da-uniao-morre-em-montes-claros","tag-nubia-cardoso-lima","tag-onibus-da-expresso-uniao","tag-pedro-miguel-rodrigues","tag-pirapora","tag-plantao-do-samu-no-norte-de-minas-gerais-29-de-outubro-de-2014","tag-quatro-pessoas-morrem-e-17-ficam-feridas-em-gravissimo-acidente-na-br-365-em-montes-claros","tag-ramon-machado-santos","tag-samu-de-montes-claros","tag-samu-do-norte-de-minas","tag-samu-macro-norte","tag-sergio-santos-queiroz","tag-sobe-para-quatro-o-numero-de-mortos-em-acidente-na-br-365","tag-tres-pessoas-morrem-e-15-ficam-feridas-em-gravissimo-acidente-na-br-365-em-montes-claros","tag-william-mendonca"],"_links":{"self":[{"href":"https:\/\/aconteceunovale.com.br\/portal\/index.php?rest_route=\/wp\/v2\/posts\/43911","targetHints":{"allow":["GET"]}}],"collection":[{"href":"https:\/\/aconteceunovale.com.br\/portal\/index.php?rest_route=\/wp\/v2\/posts"}],"about":[{"href":"https:\/\/aconteceunovale.com.br\/portal\/index.php?rest_route=\/wp\/v2\/types\/post"}],"author":[{"embeddable":true,"href":"https:\/\/aconteceunovale.com.br\/portal\/index.php?rest_route=\/wp\/v2\/users\/1"}],"replies":[{"embeddable":true,"href":"https:\/\/aconteceunovale.com.br\/portal\/index.php?rest_route=%2Fwp%2Fv2%2Fcomments&post=43911"}],"version-history":[{"count":0,"href":"https:\/\/aconteceunovale.com.br\/portal\/index.php?rest_route=\/wp\/v2\/posts\/43911\/revisions"}],"wp:featuredmedia":[{"embeddable":true,"href":"https:\/\/aconteceunovale.com.br\/portal\/index.php?rest_route=\/wp\/v2\/media\/37592"}],"wp:attachment":[{"href":"https:\/\/aconteceunovale.com.br\/portal\/index.php?rest_route=%2Fwp%2Fv2%2Fmedia&parent=43911"}],"wp:term":[{"taxonomy":"category","embeddable":true,"href":"https:\/\/aconteceunovale.com.br\/portal\/index.php?rest_route=%2Fwp%2Fv2%2Fcategories&post=43911"},{"taxonomy":"post_tag","embeddable":true,"href":"https:\/\/aconteceunovale.com.br\/portal\/index.php?rest_route=%2Fwp%2Fv2%2Ftags&post=43911"}],"curies":[{"name":"wp","href":"https:\/\/api.w.org\/{rel}","templated":true}]}}