{"id":43783,"date":"2014-10-29T14:12:29","date_gmt":"2014-10-29T17:12:29","guid":{"rendered":"http:\/\/aconteceunovale.com.br\/portal\/?p=43783"},"modified":"2014-10-29T14:13:07","modified_gmt":"2014-10-29T17:13:07","slug":"vacinacao-contra-poliomielite-e-sarampo-comeca-dia-8-de-novembro-em-capelinha","status":"publish","type":"post","link":"https:\/\/aconteceunovale.com.br\/portal\/?p=43783","title":{"rendered":"Vacina\u00e7\u00e3o contra Poliomielite e Sarampo come\u00e7a dia 8 de novembro em Capelinha"},"content":{"rendered":"<div id=\"fb-root\"><\/div>\n<p>\t\t\t\t<script>(function(d, s, id) {\n\t\t\t\t  var js, fjs = d.getElementsByTagName(s)[0];\n\t\t\t\t  if (d.getElementById(id)) return;\n\t\t\t\t  js = d.createElement(s); js.id = id;\n\t\t\t\t  js.src = \"\/\/connect.facebook.net\/pt_BR\/sdk.js#xfbml=1&appId=691575364226355&version=v2.0\";\n\t\t\t\t  fjs.parentNode.insertBefore(js, fjs);\n\t\t\t\t}(document, 'script', 'facebook-jssdk'));<\/script><\/p>\n<div class=\"fb-like\" data-href=\"https:\/\/www.facebook.com\/aconteceunovale\" data-layout=\"button_count\" data-action=\"like\" data-show-faces=\"true\" data-share=\"true\"><\/div>\n<p><\/br><\/p>\n<p>Crian\u00e7as a partir de seis meses e menores de 5 anos de idade dever\u00e3o comparecer \u00e0 unidade de sa\u00fade mais pr\u00f3xima de sua casa, levando a caderneta de vacina\u00e7\u00e3o, para receberem a dose de vacina contra a Poliomielite e segmento contra o Sarampo. <\/p>\n<p>A 35\u00aa Campanha Nacional de Vacina\u00e7\u00e3o come\u00e7a no pr\u00f3ximo dia 8 de Novembro, S\u00e1bado, e vai At\u00e9 o dia 28 do mesmo m\u00eas. Al\u00e9m do atendimento realizado na cidade, as comunidades Rurais de Chapadinha, Vila Nova de Resplendor, Paiol Velho, Galego, Ponte Nova e S\u00e3o Caetano tamb\u00e9m estar\u00e3o aplicando a vacina. As outras comunidades ser\u00e3o atendidas com programa\u00e7\u00e3o pr\u00f3pria. Os dias 8 e 22 de novembro, s\u00e1bado, s\u00e3o os chamados Dia D de Vacina\u00e7\u00e3o, que ocorrer\u00e1 das 08:00 \u00e1s 16:00 horas em todos as unidades de Sa\u00fade Urbanas do munic\u00edpio. No dia 8, tamb\u00e9m haver\u00e1 vacina\u00e7\u00e3o nas unidades Rurais. <\/p>\n<p>A Campanha \u00e9 realizada pela Secretaria Municipal de Sa\u00fade atrav\u00e9s do Departamento de Epidemiologia. Para tirar qualquer duvida sobre a vacina\u00e7\u00e3o, procure seu Agente Comunit\u00e1rio de Sa\u00fade, ou diretamente no Departamento de Epidemiologia, pelo telefone (33) 3516-4413.<\/p>\n<p><em>(Ascom da Prefeitura de Capelinha)<\/em><\/p>\n","protected":false},"excerpt":{"rendered":"<p>Crian\u00e7as a partir de seis meses e menores de 5 anos de idade dever\u00e3o comparecer \u00e0 unidade de sa\u00fade mais pr\u00f3xima de sua casa, levando a caderneta de vacina\u00e7\u00e3o, para receberem a dose de vacina contra a Poliomielite e segmento contra o Sarampo. A 35\u00aa Campanha Nacional de Vacina\u00e7\u00e3o come\u00e7a no pr\u00f3ximo dia 8 de [&hellip;]<\/p>\n","protected":false},"author":1,"featured_media":43784,"comment_status":"open","ping_status":"closed","sticky":false,"template":"","format":"standard","meta":{"amp_status":"","footnotes":""},"categories":[120],"tags":[21006,132,21007,21005],"class_list":["post-43783","post","type-post","status-publish","format-standard","has-post-thumbnail","hentry","category-jequi","tag-35a-campanha-nacional-de-vacinacao","tag-capelinha","tag-vacinacao-contra-poliomielite-e-sarampo","tag-vacinacao-contra-poliomielite-e-sarampo-comeca-dia-8-de-novembro-em-capelinha"],"_links":{"self":[{"href":"https:\/\/aconteceunovale.com.br\/portal\/index.php?rest_route=\/wp\/v2\/posts\/43783","targetHints":{"allow":["GET"]}}],"collection":[{"href":"https:\/\/aconteceunovale.com.br\/portal\/index.php?rest_route=\/wp\/v2\/posts"}],"about":[{"href":"https:\/\/aconteceunovale.com.br\/portal\/index.php?rest_route=\/wp\/v2\/types\/post"}],"author":[{"embeddable":true,"href":"https:\/\/aconteceunovale.com.br\/portal\/index.php?rest_route=\/wp\/v2\/users\/1"}],"replies":[{"embeddable":true,"href":"https:\/\/aconteceunovale.com.br\/portal\/index.php?rest_route=%2Fwp%2Fv2%2Fcomments&post=43783"}],"version-history":[{"count":0,"href":"https:\/\/aconteceunovale.com.br\/portal\/index.php?rest_route=\/wp\/v2\/posts\/43783\/revisions"}],"wp:featuredmedia":[{"embeddable":true,"href":"https:\/\/aconteceunovale.com.br\/portal\/index.php?rest_route=\/wp\/v2\/media\/43784"}],"wp:attachment":[{"href":"https:\/\/aconteceunovale.com.br\/portal\/index.php?rest_route=%2Fwp%2Fv2%2Fmedia&parent=43783"}],"wp:term":[{"taxonomy":"category","embeddable":true,"href":"https:\/\/aconteceunovale.com.br\/portal\/index.php?rest_route=%2Fwp%2Fv2%2Fcategories&post=43783"},{"taxonomy":"post_tag","embeddable":true,"href":"https:\/\/aconteceunovale.com.br\/portal\/index.php?rest_route=%2Fwp%2Fv2%2Ftags&post=43783"}],"curies":[{"name":"wp","href":"https:\/\/api.w.org\/{rel}","templated":true}]}}