{"id":43780,"date":"2014-10-29T14:07:23","date_gmt":"2014-10-29T17:07:23","guid":{"rendered":"http:\/\/aconteceunovale.com.br\/portal\/?p=43780"},"modified":"2014-10-29T14:07:23","modified_gmt":"2014-10-29T17:07:23","slug":"pedra-gigante-solta-de-barranco-e-mata-idoso-de-67-anos-em-caratinga","status":"publish","type":"post","link":"https:\/\/aconteceunovale.com.br\/portal\/?p=43780","title":{"rendered":"Pedra gigante solta de barranco e mata idoso de 67 anos em Caratinga"},"content":{"rendered":"<h4><strong><em>V\u00edtima foi socorrida com vida, mas n\u00e3o resistiu aos ferimentos e morreu no PAM.<\/em><\/strong><\/h4>\n<div id=\"fb-root\"><\/div>\n<p>\t\t\t\t<script>(function(d, s, id) {\n\t\t\t\t  var js, fjs = d.getElementsByTagName(s)[0];\n\t\t\t\t  if (d.getElementById(id)) return;\n\t\t\t\t  js = d.createElement(s); js.id = id;\n\t\t\t\t  js.src = \"\/\/connect.facebook.net\/pt_BR\/sdk.js#xfbml=1&appId=691575364226355&version=v2.0\";\n\t\t\t\t  fjs.parentNode.insertBefore(js, fjs);\n\t\t\t\t}(document, 'script', 'facebook-jssdk'));<\/script><\/p>\n<div class=\"fb-like\" data-href=\"https:\/\/www.facebook.com\/aconteceunovale\" data-layout=\"button_count\" data-action=\"like\" data-show-faces=\"true\" data-share=\"true\"><\/div>\n<p><\/br><\/p>\n<p>Um idoso de 67 anos morreu em um acidente na tarde de ter\u00e7a-feira, 28 de outubro, no bairro Santa Zita, em Caratinga, no Leste de Minas. De acordo com informa\u00e7\u00f5es, Gen\u00e9sio Menezes de Barros trabalhava no desaterro de um barranco na rua Zeferino Ferreira Neto, quando uma pedra gigante se soltou da encosta e ele ficou imprensado entre as duas rochas.<\/p>\n<p>O Grupamento de Bombeiros Civil (GBC) socorreu a v\u00edtima e encaminhou para atendimento m\u00e9dico no Pronto Atendimento Microrregional (PAM) da cidade, mas ele n\u00e3o resistiu aos ferimentos e veio a \u00f3bito por volta de 22 horas na unidade de sa\u00fade. Segundo o subcomandante do GBC, Carlos Freitas, Gen\u00e9sio sofreu uma lacera\u00e7\u00e3o na perna esquerda, pr\u00f3ximo \u00e0 regi\u00e3o do f\u00eamur, um corte de aproximadamente 30 cent\u00edmetros.<\/p>\n<p><img decoding=\"async\" src=\"http:\/\/aconteceunovale.com.br\/portal\/wp-content\/uploads\/2014\/10\/pedra_gigante_caratinga_1.jpg\" alt=\"\" \/><em><strong>Foto e informa\u00e7\u00f5es da TV Super Canal de Caratinga<\/strong><\/em><\/p>\n","protected":false},"excerpt":{"rendered":"<p>V\u00edtima foi socorrida com vida, mas n\u00e3o resistiu aos ferimentos e morreu no PAM. Um idoso de 67 anos morreu em um acidente na tarde de ter\u00e7a-feira, 28 de outubro, no bairro Santa Zita, em Caratinga, no Leste de Minas. De acordo com informa\u00e7\u00f5es, Gen\u00e9sio Menezes de Barros trabalhava no desaterro de um barranco na [&hellip;]<\/p>\n","protected":false},"author":1,"featured_media":43781,"comment_status":"open","ping_status":"closed","sticky":false,"template":"","format":"standard","meta":{"amp_status":"","footnotes":""},"categories":[121],"tags":[237,21004,21003],"class_list":["post-43780","post","type-post","status-publish","format-standard","has-post-thumbnail","hentry","category-leste","tag-caratinga","tag-genesio-menezes-de-barros","tag-pedra-gigante-solta-de-barranco-e-mata-idoso-de-67-anos-em-caratinga"],"_links":{"self":[{"href":"https:\/\/aconteceunovale.com.br\/portal\/index.php?rest_route=\/wp\/v2\/posts\/43780","targetHints":{"allow":["GET"]}}],"collection":[{"href":"https:\/\/aconteceunovale.com.br\/portal\/index.php?rest_route=\/wp\/v2\/posts"}],"about":[{"href":"https:\/\/aconteceunovale.com.br\/portal\/index.php?rest_route=\/wp\/v2\/types\/post"}],"author":[{"embeddable":true,"href":"https:\/\/aconteceunovale.com.br\/portal\/index.php?rest_route=\/wp\/v2\/users\/1"}],"replies":[{"embeddable":true,"href":"https:\/\/aconteceunovale.com.br\/portal\/index.php?rest_route=%2Fwp%2Fv2%2Fcomments&post=43780"}],"version-history":[{"count":0,"href":"https:\/\/aconteceunovale.com.br\/portal\/index.php?rest_route=\/wp\/v2\/posts\/43780\/revisions"}],"wp:featuredmedia":[{"embeddable":true,"href":"https:\/\/aconteceunovale.com.br\/portal\/index.php?rest_route=\/wp\/v2\/media\/43781"}],"wp:attachment":[{"href":"https:\/\/aconteceunovale.com.br\/portal\/index.php?rest_route=%2Fwp%2Fv2%2Fmedia&parent=43780"}],"wp:term":[{"taxonomy":"category","embeddable":true,"href":"https:\/\/aconteceunovale.com.br\/portal\/index.php?rest_route=%2Fwp%2Fv2%2Fcategories&post=43780"},{"taxonomy":"post_tag","embeddable":true,"href":"https:\/\/aconteceunovale.com.br\/portal\/index.php?rest_route=%2Fwp%2Fv2%2Ftags&post=43780"}],"curies":[{"name":"wp","href":"https:\/\/api.w.org\/{rel}","templated":true}]}}