{"id":43762,"date":"2014-10-29T12:30:56","date_gmt":"2014-10-29T15:30:56","guid":{"rendered":"http:\/\/aconteceunovale.com.br\/portal\/?p=43762"},"modified":"2014-10-29T12:31:35","modified_gmt":"2014-10-29T15:31:35","slug":"socorristas-do-samu-do-norte-de-minas-participam-de-treinamento","status":"publish","type":"post","link":"https:\/\/aconteceunovale.com.br\/portal\/?p=43762","title":{"rendered":"Socorristas do Samu participam de treinamento em Montes Claros"},"content":{"rendered":"<h4><strong><em>O curso ser\u00e1 realizado no Parque de Exposi\u00e7\u00f5es Jo\u00e3o Alencar Athayde, com simula\u00e7\u00e3o de acidente de tr\u00e2nsito, com sete v\u00edtimas feridas <\/em><\/strong><\/h4>\n<div id=\"fb-root\"><\/div>\n<p>\t\t\t\t<script>(function(d, s, id) {\n\t\t\t\t  var js, fjs = d.getElementsByTagName(s)[0];\n\t\t\t\t  if (d.getElementById(id)) return;\n\t\t\t\t  js = d.createElement(s); js.id = id;\n\t\t\t\t  js.src = \"\/\/connect.facebook.net\/pt_BR\/sdk.js#xfbml=1&appId=691575364226355&version=v2.0\";\n\t\t\t\t  fjs.parentNode.insertBefore(js, fjs);\n\t\t\t\t}(document, 'script', 'facebook-jssdk'));<\/script><\/p>\n<div class=\"fb-like\" data-href=\"https:\/\/www.facebook.com\/aconteceunovale\" data-layout=\"button_count\" data-action=\"like\" data-show-faces=\"true\" data-share=\"true\"><\/div>\n<p><\/br><\/p>\n<p>O Servi\u00e7o de Atendimento M\u00f3vel de Urg\u00eancia do Norte de Minas (Samu Macro Norte) realiza nesta quinta-feira, 30\/10, um treinamento para atendimento a eventos com m\u00faltiplas v\u00edtimas, envolvendo equipes assistenciais e de regula\u00e7\u00e3o da base do Samu de Montes Claros.<\/p>\n<p>O treinamento ser\u00e1 realizado de 8h \u00e0s 11h30, no Parque de Exposi\u00e7\u00f5es Jo\u00e3o Alencar Athayde, em Montes Claros, com simula\u00e7\u00e3o de acidente de tr\u00e2nsito envolvendo um carro e uma motocicleta, com sete v\u00edtimas feridas.  <\/p>\n<p>De acordo com o coordenador do N\u00facleo de Educa\u00e7\u00e3o Permanente do Samu, Ubiratam Lopes Correia, as simula\u00e7\u00f5es real\u00edsticas s\u00e3o importantes para o treinamento e atualiza\u00e7\u00e3o de socorristas. \u201cO treinamento \u00e9 rotina no Samu, mas como os acidentes graves t\u00eam sido recorrentes precisamos nos antecipar sempre, de forma que as equipes estejam sempre atualizadas e motivadas para realizar o atendimento com a efic\u00e1cia, tempestividade e sincronismo que esse tipo de situa\u00e7\u00e3o requer\u201d, observa.<\/p>\n<p>Os n\u00fameros respaldam o argumento do enfermeiro. Nos \u00faltimos anos, as ocorr\u00eancias de acidentes de tr\u00e2nsito v\u00eam aumentado de forma alarmante e est\u00e3o cada vez mais graves, n\u00e3o s\u00f3 nas rodovias que cortam a regi\u00e3o Norte de Minas, mas principalmente nas \u00e1reas urbanas, se tornando um grave problema de sa\u00fade p\u00fablica.<\/p>\n<p>Esse tipo de ocorr\u00eancia \u00e9 um dos principais motivos de acionamento do Samu Macro Norte, respondendo por mais de 70% dos atendimentos por causa externa realizados na regi\u00e3o. De janeiro a setembro deste ano, o Samu realizou 3.737 atendimentos a v\u00edtimas de acidente de tr\u00e2nsito, uma m\u00e9dia mensal de 415 atendimentos, sendo 43% somente em Montes Claros.  Em 2013, foram realizados 2.594 atendimentos, que representa um aumento de 47%.<\/p>\n<p>Durante o treinamento, os profissionais s\u00e3o orientados sobre a organiza\u00e7\u00e3o da cena de atendimento, conceitos de triagem, seguran\u00e7a e riscos, e empenho dos recursos adicionais nos munic\u00edpios cobertos pelo SAMU Macro Norte, com o prop\u00f3sito de preparar a equipe para articular a melhor assist\u00eancia naquele momento crucial que sobrecarrega, e at\u00e9 mesmo esgota, os recursos assistenciais poss\u00edveis.<\/p>\n<p>O objetivo \u00e9 definir e trabalhar as melhores estrat\u00e9gias assist\u00eancias para cada microrregi\u00e3o, j\u00e1 que a \u00e1rea de cobertura do SAMU integra 86 munic\u00edpios subdivididos em 9 microrregi\u00f5es de sa\u00fade, com caracter\u00edsticas e recursos assistenciais distintos.<\/p>\n","protected":false},"excerpt":{"rendered":"<p>O curso ser\u00e1 realizado no Parque de Exposi\u00e7\u00f5es Jo\u00e3o Alencar Athayde, com simula\u00e7\u00e3o de acidente de tr\u00e2nsito, com sete v\u00edtimas feridas O Servi\u00e7o de Atendimento M\u00f3vel de Urg\u00eancia do Norte de Minas (Samu Macro Norte) realiza nesta quinta-feira, 30\/10, um treinamento para atendimento a eventos com m\u00faltiplas v\u00edtimas, envolvendo equipes assistenciais e de regula\u00e7\u00e3o da [&hellip;]<\/p>\n","protected":false},"author":1,"featured_media":25783,"comment_status":"open","ping_status":"closed","sticky":false,"template":"","format":"standard","meta":{"amp_status":"","footnotes":""},"categories":[1236],"tags":[210,20977,20979,20978,17232],"class_list":["post-43762","post","type-post","status-publish","format-standard","has-post-thumbnail","hentry","category-norte_de_minas","tag-montes-claros","tag-socorristas-do-samu-do-norte-de-minas-participam-de-treinamento","tag-socorristas-do-samu-participam-de-treinamento-em-montes-claros","tag-treinamento-do-samu","tag-treinamento-do-samu-macro-norte"],"yoast_head":"<!-- This site is optimized with the Yoast SEO plugin v28.3 - https:\/\/yoast.com\/product\/yoast-seo-wordpress\/ -->\n<title>Socorristas do Samu participam de treinamento em Montes Claros - Aconteceu no Vale<\/title>\n<meta name=\"robots\" content=\"index, follow, max-snippet:-1, max-image-preview:large, max-video-preview:-1\" \/>\n<link rel=\"canonical\" href=\"https:\/\/aconteceunovale.com.br\/portal\/?p=43762\" \/>\n<meta property=\"og:locale\" content=\"pt_BR\" \/>\n<meta property=\"og:type\" content=\"article\" \/>\n<meta property=\"og:title\" content=\"Socorristas do Samu participam de treinamento em Montes Claros - Aconteceu no Vale\" \/>\n<meta property=\"og:description\" content=\"O curso ser\u00e1 realizado no Parque de Exposi\u00e7\u00f5es Jo\u00e3o Alencar Athayde, com simula\u00e7\u00e3o de acidente de tr\u00e2nsito, com sete v\u00edtimas feridas O Servi\u00e7o de Atendimento M\u00f3vel de Urg\u00eancia do Norte de Minas (Samu Macro Norte) realiza nesta quinta-feira, 30\/10, um treinamento para atendimento a eventos com m\u00faltiplas v\u00edtimas, envolvendo equipes assistenciais e de regula\u00e7\u00e3o da [&hellip;]\" \/>\n<meta property=\"og:url\" content=\"https:\/\/aconteceunovale.com.br\/portal\/?p=43762\" \/>\n<meta property=\"og:site_name\" content=\"Aconteceu no Vale\" \/>\n<meta property=\"article:publisher\" content=\"https:\/\/www.facebook.com\/aconteceunovale\/\" \/>\n<meta property=\"article:published_time\" content=\"2014-10-29T15:30:56+00:00\" \/>\n<meta property=\"article:modified_time\" content=\"2014-10-29T15:31:35+00:00\" \/>\n<meta property=\"og:image\" content=\"https:\/\/aconteceunovale.com.br\/portal\/wp-content\/uploads\/2014\/04\/samu_moc.jpg\" \/>\n\t<meta property=\"og:image:width\" content=\"678\" \/>\n\t<meta property=\"og:image:height\" content=\"438\" \/>\n\t<meta property=\"og:image:type\" content=\"image\/jpeg\" \/>\n<meta name=\"author\" content=\"Aconteceu no Vale\" \/>\n<meta name=\"twitter:card\" content=\"summary_large_image\" \/>\n<meta name=\"twitter:creator\" content=\"@noticiadosvales\" \/>\n<meta name=\"twitter:site\" content=\"@noticiadosvales\" \/>\n<meta name=\"twitter:label1\" content=\"Escrito por\" \/>\n\t<meta name=\"twitter:data1\" content=\"Aconteceu no Vale\" \/>\n\t<meta name=\"twitter:label2\" content=\"Est. tempo de leitura\" \/>\n\t<meta name=\"twitter:data2\" content=\"2 minutos\" \/>\n<script type=\"application\/ld+json\" class=\"yoast-schema-graph\">{\"@context\":\"https:\\\/\\\/schema.org\",\"@graph\":[{\"@type\":\"Article\",\"@id\":\"https:\\\/\\\/aconteceunovale.com.br\\\/portal\\\/?p=43762#article\",\"isPartOf\":{\"@id\":\"https:\\\/\\\/aconteceunovale.com.br\\\/portal\\\/?p=43762\"},\"author\":{\"name\":\"Aconteceu no Vale\",\"@id\":\"https:\\\/\\\/aconteceunovale.com.br\\\/portal\\\/#\\\/schema\\\/person\\\/633529146f2c94272bef50ac2953d589\"},\"headline\":\"Socorristas do Samu participam de treinamento em Montes Claros\",\"datePublished\":\"2014-10-29T15:30:56+00:00\",\"dateModified\":\"2014-10-29T15:31:35+00:00\",\"mainEntityOfPage\":{\"@id\":\"https:\\\/\\\/aconteceunovale.com.br\\\/portal\\\/?p=43762\"},\"wordCount\":429,\"commentCount\":0,\"image\":{\"@id\":\"https:\\\/\\\/aconteceunovale.com.br\\\/portal\\\/?p=43762#primaryimage\"},\"thumbnailUrl\":\"https:\\\/\\\/aconteceunovale.com.br\\\/portal\\\/wp-content\\\/uploads\\\/2014\\\/04\\\/samu_moc.jpg\",\"keywords\":[\"Montes Claros\",\"Socorristas do Samu do Norte de Minas participam de treinamento\",\"Socorristas do Samu participam de treinamento em Montes Claros\",\"treinamento do samu\",\"treinamento do samu macro norte\"],\"articleSection\":[\"Norte de Minas\"],\"inLanguage\":\"pt-BR\",\"potentialAction\":[{\"@type\":\"CommentAction\",\"name\":\"Comment\",\"target\":[\"https:\\\/\\\/aconteceunovale.com.br\\\/portal\\\/?p=43762#respond\"]}]},{\"@type\":\"WebPage\",\"@id\":\"https:\\\/\\\/aconteceunovale.com.br\\\/portal\\\/?p=43762\",\"url\":\"https:\\\/\\\/aconteceunovale.com.br\\\/portal\\\/?p=43762\",\"name\":\"Socorristas do Samu participam de treinamento em Montes Claros - Aconteceu no Vale\",\"isPartOf\":{\"@id\":\"https:\\\/\\\/aconteceunovale.com.br\\\/portal\\\/#website\"},\"primaryImageOfPage\":{\"@id\":\"https:\\\/\\\/aconteceunovale.com.br\\\/portal\\\/?p=43762#primaryimage\"},\"image\":{\"@id\":\"https:\\\/\\\/aconteceunovale.com.br\\\/portal\\\/?p=43762#primaryimage\"},\"thumbnailUrl\":\"https:\\\/\\\/aconteceunovale.com.br\\\/portal\\\/wp-content\\\/uploads\\\/2014\\\/04\\\/samu_moc.jpg\",\"datePublished\":\"2014-10-29T15:30:56+00:00\",\"dateModified\":\"2014-10-29T15:31:35+00:00\",\"author\":{\"@id\":\"https:\\\/\\\/aconteceunovale.com.br\\\/portal\\\/#\\\/schema\\\/person\\\/633529146f2c94272bef50ac2953d589\"},\"breadcrumb\":{\"@id\":\"https:\\\/\\\/aconteceunovale.com.br\\\/portal\\\/?p=43762#breadcrumb\"},\"inLanguage\":\"pt-BR\",\"potentialAction\":[{\"@type\":\"ReadAction\",\"target\":[\"https:\\\/\\\/aconteceunovale.com.br\\\/portal\\\/?p=43762\"]}]},{\"@type\":\"ImageObject\",\"inLanguage\":\"pt-BR\",\"@id\":\"https:\\\/\\\/aconteceunovale.com.br\\\/portal\\\/?p=43762#primaryimage\",\"url\":\"https:\\\/\\\/aconteceunovale.com.br\\\/portal\\\/wp-content\\\/uploads\\\/2014\\\/04\\\/samu_moc.jpg\",\"contentUrl\":\"https:\\\/\\\/aconteceunovale.com.br\\\/portal\\\/wp-content\\\/uploads\\\/2014\\\/04\\\/samu_moc.jpg\",\"width\":678,\"height\":438},{\"@type\":\"BreadcrumbList\",\"@id\":\"https:\\\/\\\/aconteceunovale.com.br\\\/portal\\\/?p=43762#breadcrumb\",\"itemListElement\":[{\"@type\":\"ListItem\",\"position\":1,\"name\":\"In\u00edcio\",\"item\":\"https:\\\/\\\/aconteceunovale.com.br\\\/portal\\\/\"},{\"@type\":\"ListItem\",\"position\":2,\"name\":\"Socorristas do Samu participam de treinamento em Montes Claros\"}]},{\"@type\":\"WebSite\",\"@id\":\"https:\\\/\\\/aconteceunovale.com.br\\\/portal\\\/#website\",\"url\":\"https:\\\/\\\/aconteceunovale.com.br\\\/portal\\\/\",\"name\":\"Aconteceu no Vale\",\"description\":\"Portal de Not\u00edcias\",\"potentialAction\":[{\"@type\":\"SearchAction\",\"target\":{\"@type\":\"EntryPoint\",\"urlTemplate\":\"https:\\\/\\\/aconteceunovale.com.br\\\/portal\\\/?s={search_term_string}\"},\"query-input\":{\"@type\":\"PropertyValueSpecification\",\"valueRequired\":true,\"valueName\":\"search_term_string\"}}],\"inLanguage\":\"pt-BR\"},{\"@type\":\"Person\",\"@id\":\"https:\\\/\\\/aconteceunovale.com.br\\\/portal\\\/#\\\/schema\\\/person\\\/633529146f2c94272bef50ac2953d589\",\"name\":\"Aconteceu no Vale\",\"description\":\"Equipe de reportagem do Aconteceu no Vale, portal de not\u00edcias do Vale do Jequitinhonha, em Minas Gerais. Cobrimos as 51 cidades do Vale desde 2013. Sugest\u00f5es de pauta e pedidos de corre\u00e7\u00e3o: contato@aconteceunovale.com.br\",\"sameAs\":[\"http:\\\/\\\/www.aconteceunovale.com.br\"],\"url\":\"https:\\\/\\\/aconteceunovale.com.br\\\/portal\\\/?author=1\"}]}<\/script>\n<!-- \/ Yoast SEO plugin. -->","yoast_head_json":{"title":"Socorristas do Samu participam de treinamento em Montes Claros - Aconteceu no Vale","robots":{"index":"index","follow":"follow","max-snippet":"max-snippet:-1","max-image-preview":"max-image-preview:large","max-video-preview":"max-video-preview:-1"},"canonical":"https:\/\/aconteceunovale.com.br\/portal\/?p=43762","og_locale":"pt_BR","og_type":"article","og_title":"Socorristas do Samu participam de treinamento em Montes Claros - Aconteceu no Vale","og_description":"O curso ser\u00e1 realizado no Parque de Exposi\u00e7\u00f5es Jo\u00e3o Alencar Athayde, com simula\u00e7\u00e3o de acidente de tr\u00e2nsito, com sete v\u00edtimas feridas O Servi\u00e7o de Atendimento M\u00f3vel de Urg\u00eancia do Norte de Minas (Samu Macro Norte) realiza nesta quinta-feira, 30\/10, um treinamento para atendimento a eventos com m\u00faltiplas v\u00edtimas, envolvendo equipes assistenciais e de regula\u00e7\u00e3o da [&hellip;]","og_url":"https:\/\/aconteceunovale.com.br\/portal\/?p=43762","og_site_name":"Aconteceu no Vale","article_publisher":"https:\/\/www.facebook.com\/aconteceunovale\/","article_published_time":"2014-10-29T15:30:56+00:00","article_modified_time":"2014-10-29T15:31:35+00:00","og_image":[{"width":678,"height":438,"url":"https:\/\/aconteceunovale.com.br\/portal\/wp-content\/uploads\/2014\/04\/samu_moc.jpg","type":"image\/jpeg"}],"author":"Aconteceu no Vale","twitter_card":"summary_large_image","twitter_creator":"@noticiadosvales","twitter_site":"@noticiadosvales","twitter_misc":{"Escrito por":"Aconteceu no Vale","Est. tempo de leitura":"2 minutos"},"schema":{"@context":"https:\/\/schema.org","@graph":[{"@type":"Article","@id":"https:\/\/aconteceunovale.com.br\/portal\/?p=43762#article","isPartOf":{"@id":"https:\/\/aconteceunovale.com.br\/portal\/?p=43762"},"author":{"name":"Aconteceu no Vale","@id":"https:\/\/aconteceunovale.com.br\/portal\/#\/schema\/person\/633529146f2c94272bef50ac2953d589"},"headline":"Socorristas do Samu participam de treinamento em Montes Claros","datePublished":"2014-10-29T15:30:56+00:00","dateModified":"2014-10-29T15:31:35+00:00","mainEntityOfPage":{"@id":"https:\/\/aconteceunovale.com.br\/portal\/?p=43762"},"wordCount":429,"commentCount":0,"image":{"@id":"https:\/\/aconteceunovale.com.br\/portal\/?p=43762#primaryimage"},"thumbnailUrl":"https:\/\/aconteceunovale.com.br\/portal\/wp-content\/uploads\/2014\/04\/samu_moc.jpg","keywords":["Montes Claros","Socorristas do Samu do Norte de Minas participam de treinamento","Socorristas do Samu participam de treinamento em Montes Claros","treinamento do samu","treinamento do samu macro norte"],"articleSection":["Norte de Minas"],"inLanguage":"pt-BR","potentialAction":[{"@type":"CommentAction","name":"Comment","target":["https:\/\/aconteceunovale.com.br\/portal\/?p=43762#respond"]}]},{"@type":"WebPage","@id":"https:\/\/aconteceunovale.com.br\/portal\/?p=43762","url":"https:\/\/aconteceunovale.com.br\/portal\/?p=43762","name":"Socorristas do Samu participam de treinamento em Montes Claros - Aconteceu no Vale","isPartOf":{"@id":"https:\/\/aconteceunovale.com.br\/portal\/#website"},"primaryImageOfPage":{"@id":"https:\/\/aconteceunovale.com.br\/portal\/?p=43762#primaryimage"},"image":{"@id":"https:\/\/aconteceunovale.com.br\/portal\/?p=43762#primaryimage"},"thumbnailUrl":"https:\/\/aconteceunovale.com.br\/portal\/wp-content\/uploads\/2014\/04\/samu_moc.jpg","datePublished":"2014-10-29T15:30:56+00:00","dateModified":"2014-10-29T15:31:35+00:00","author":{"@id":"https:\/\/aconteceunovale.com.br\/portal\/#\/schema\/person\/633529146f2c94272bef50ac2953d589"},"breadcrumb":{"@id":"https:\/\/aconteceunovale.com.br\/portal\/?p=43762#breadcrumb"},"inLanguage":"pt-BR","potentialAction":[{"@type":"ReadAction","target":["https:\/\/aconteceunovale.com.br\/portal\/?p=43762"]}]},{"@type":"ImageObject","inLanguage":"pt-BR","@id":"https:\/\/aconteceunovale.com.br\/portal\/?p=43762#primaryimage","url":"https:\/\/aconteceunovale.com.br\/portal\/wp-content\/uploads\/2014\/04\/samu_moc.jpg","contentUrl":"https:\/\/aconteceunovale.com.br\/portal\/wp-content\/uploads\/2014\/04\/samu_moc.jpg","width":678,"height":438},{"@type":"BreadcrumbList","@id":"https:\/\/aconteceunovale.com.br\/portal\/?p=43762#breadcrumb","itemListElement":[{"@type":"ListItem","position":1,"name":"In\u00edcio","item":"https:\/\/aconteceunovale.com.br\/portal\/"},{"@type":"ListItem","position":2,"name":"Socorristas do Samu participam de treinamento em Montes Claros"}]},{"@type":"WebSite","@id":"https:\/\/aconteceunovale.com.br\/portal\/#website","url":"https:\/\/aconteceunovale.com.br\/portal\/","name":"Aconteceu no Vale","description":"Portal de Not\u00edcias","potentialAction":[{"@type":"SearchAction","target":{"@type":"EntryPoint","urlTemplate":"https:\/\/aconteceunovale.com.br\/portal\/?s={search_term_string}"},"query-input":{"@type":"PropertyValueSpecification","valueRequired":true,"valueName":"search_term_string"}}],"inLanguage":"pt-BR"},{"@type":"Person","@id":"https:\/\/aconteceunovale.com.br\/portal\/#\/schema\/person\/633529146f2c94272bef50ac2953d589","name":"Aconteceu no Vale","description":"Equipe de reportagem do Aconteceu no Vale, portal de not\u00edcias do Vale do Jequitinhonha, em Minas Gerais. Cobrimos as 51 cidades do Vale desde 2013. Sugest\u00f5es de pauta e pedidos de corre\u00e7\u00e3o: contato@aconteceunovale.com.br","sameAs":["http:\/\/www.aconteceunovale.com.br"],"url":"https:\/\/aconteceunovale.com.br\/portal\/?author=1"}]}},"_links":{"self":[{"href":"https:\/\/aconteceunovale.com.br\/portal\/index.php?rest_route=\/wp\/v2\/posts\/43762","targetHints":{"allow":["GET"]}}],"collection":[{"href":"https:\/\/aconteceunovale.com.br\/portal\/index.php?rest_route=\/wp\/v2\/posts"}],"about":[{"href":"https:\/\/aconteceunovale.com.br\/portal\/index.php?rest_route=\/wp\/v2\/types\/post"}],"author":[{"embeddable":true,"href":"https:\/\/aconteceunovale.com.br\/portal\/index.php?rest_route=\/wp\/v2\/users\/1"}],"replies":[{"embeddable":true,"href":"https:\/\/aconteceunovale.com.br\/portal\/index.php?rest_route=%2Fwp%2Fv2%2Fcomments&post=43762"}],"version-history":[{"count":0,"href":"https:\/\/aconteceunovale.com.br\/portal\/index.php?rest_route=\/wp\/v2\/posts\/43762\/revisions"}],"wp:featuredmedia":[{"embeddable":true,"href":"https:\/\/aconteceunovale.com.br\/portal\/index.php?rest_route=\/wp\/v2\/media\/25783"}],"wp:attachment":[{"href":"https:\/\/aconteceunovale.com.br\/portal\/index.php?rest_route=%2Fwp%2Fv2%2Fmedia&parent=43762"}],"wp:term":[{"taxonomy":"category","embeddable":true,"href":"https:\/\/aconteceunovale.com.br\/portal\/index.php?rest_route=%2Fwp%2Fv2%2Fcategories&post=43762"},{"taxonomy":"post_tag","embeddable":true,"href":"https:\/\/aconteceunovale.com.br\/portal\/index.php?rest_route=%2Fwp%2Fv2%2Ftags&post=43762"}],"curies":[{"name":"wp","href":"https:\/\/api.w.org\/{rel}","templated":true}]}}