{"id":43759,"date":"2014-10-29T12:23:46","date_gmt":"2014-10-29T15:23:46","guid":{"rendered":"http:\/\/aconteceunovale.com.br\/portal\/?p=43759"},"modified":"2026-09-02T12:21:55","modified_gmt":"2026-09-02T15:21:55","slug":"menores-sao-apreendidos-durante-tentativa-de-furto-em-patio-do-detran-de-aracuai","status":"publish","type":"post","link":"https:\/\/aconteceunovale.com.br\/portal\/?p=43759","title":{"rendered":"Menores s\u00e3o apreendidos durante tentativa de furto em p\u00e1tio do DETRAN de Ara\u00e7ua\u00ed"},"content":{"rendered":"<h4><strong><em>Os menores s\u00e3o suspeitos de v\u00e1rios arrombamentos e furtos na cidade<\/em><\/strong><\/h4>\n<div id=\"fb-root\"><\/div>\n<p>\t\t\t\t<script>(function(d, s, id) {\n\t\t\t\t  var js, fjs = d.getElementsByTagName(s)[0];\n\t\t\t\t  if (d.getElementById(id)) return;\n\t\t\t\t  js = d.createElement(s); js.id = id;\n\t\t\t\t  js.src = \"\/\/connect.facebook.net\/pt_BR\/sdk.js#xfbml=1&appId=691575364226355&version=v2.0\";\n\t\t\t\t  fjs.parentNode.insertBefore(js, fjs);\n\t\t\t\t}(document, 'script', 'facebook-jssdk'));<\/script><\/p>\n<div class=\"fb-like\" data-href=\"https:\/\/www.facebook.com\/aconteceunovale\" data-layout=\"button_count\" data-action=\"like\" data-show-faces=\"true\" data-share=\"true\"><\/div>\n<p><\/br><\/p>\n<p>Dois adolescentes de 17 anos, foram apreendidos na madrugada desta quarta-feira (29) quando tentavam furtar duas motos de um p\u00e1tio credenciado pelo Detran, no bairro Nova Terra, em Ara\u00e7ua\u00ed, no Vale do Jequitinhonha.<\/p>\n<p>Um denunciante an\u00f4nimo avisou \u00e0 Pol\u00edcia Militar que os menores haviam entrado no p\u00e1tio ap\u00f3s furar um buraco no muro. Antes de entrar no p\u00e1tio, eles danificaram as c\u00e2meras de seguran\u00e7a. Eles foram surpreendidos pelos policiais militares quando tentavam retirar do p\u00e1tio duas motos Honda Titan CG 150. Os menores reagiram mas acabaram apreendidos.<\/p>\n<p><img decoding=\"async\" src=\"http:\/\/aconteceunovale.com.br\/portal\/wp-content\/uploads\/2014\/10\/furto_detran_ara.jpg\" alt=\"\" \/><em>Os adolescentes furaram um buraco no muro do p\u00e1tio por onde passariam as motos &#8211; Foto: Gazeta de Ara\u00e7ua\u00ed<\/em><br \/>\n<\/br><\/p>\n<p>Com eles a Pol\u00edcia Militar encontrou um picareta, uma chave turquesa utilizada para cortar correntes e cadeados, um gancho e uma garrucha de cano curto, de fabrica\u00e7\u00e3o caseira e dois celulares. <\/p>\n<p>Eles confessaram a autoria de um furto ocorrido na madrugada de 19 de outubro na casa da professora Silvana Cunha Melo, de onde subtra\u00edram uma TV plasma 50 polegadas, tr\u00eas notebooks, um aparelho DVD e perfumes. O furto ocorreu no dia em que a professora promovia uma festa no clube da cidade.<\/p>\n<p>Todo o material estava enterrado nas proximidades do aeroporto de Ara\u00e7ua\u00ed. Os dois adolescentes j\u00e1 s\u00e3o conhecidos da pol\u00edcia.  Um deles chegou a postar uma foto no Facebook portando um rev\u00f3lver.<\/p>\n<p>O caso ser\u00e1 encaminhado ao Minist\u00e9rio P\u00fablico. Os dois adolescentes foram levados para o quartel da PM e no in\u00edcio da manh\u00e3, encaminhados para a delegacia de Pol\u00edcia Civil.<\/p>\n<p><em>(Gazeta de Ara\u00e7ua\u00ed)<\/em><\/p>\n","protected":false},"excerpt":{"rendered":"<p>Os menores s\u00e3o suspeitos de v\u00e1rios arrombamentos e furtos na cidade Dois adolescentes de 17 anos, foram apreendidos na madrugada desta quarta-feira (29) quando tentavam furtar duas motos de um p\u00e1tio credenciado pelo Detran, no bairro Nova Terra, em Ara\u00e7ua\u00ed, no Vale do Jequitinhonha. Um denunciante an\u00f4nimo avisou \u00e0 Pol\u00edcia Militar que os menores haviam [&hellip;]<\/p>\n","protected":false},"author":1,"featured_media":43760,"comment_status":"open","ping_status":"closed","sticky":false,"template":"","format":"standard","meta":{"amp_status":"","footnotes":""},"categories":[272530,120],"tags":[186,20975,20974,20976,20973],"class_list":["post-43759","post","type-post","status-publish","format-standard","has-post-thumbnail","hentry","category-aracuai","category-jequi","tag-aracuai","tag-furto-em-patio-do-detran-em-aracuai","tag-furto-no-detran-de-aracuai","tag-menores-sao-apreendidos-durante-tentativa-de-furto-em-patio-do-detran-de-aracuai","tag-silvana-cunha-melo"],"yoast_head":"<!-- This site is optimized with the Yoast SEO plugin v28.3 - https:\/\/yoast.com\/product\/yoast-seo-wordpress\/ -->\n<title>Menores s\u00e3o apreendidos durante tentativa de furto em p\u00e1tio do DETRAN de Ara\u00e7ua\u00ed - Aconteceu no Vale<\/title>\n<meta name=\"robots\" content=\"index, follow, max-snippet:-1, max-image-preview:large, max-video-preview:-1\" \/>\n<link rel=\"canonical\" href=\"https:\/\/aconteceunovale.com.br\/portal\/?p=43759\" \/>\n<meta property=\"og:locale\" content=\"pt_BR\" \/>\n<meta property=\"og:type\" content=\"article\" \/>\n<meta property=\"og:title\" content=\"Menores s\u00e3o apreendidos durante tentativa de furto em p\u00e1tio do DETRAN de Ara\u00e7ua\u00ed - Aconteceu no Vale\" \/>\n<meta property=\"og:description\" content=\"Os menores s\u00e3o suspeitos de v\u00e1rios arrombamentos e furtos na cidade Dois adolescentes de 17 anos, foram apreendidos na madrugada desta quarta-feira (29) quando tentavam furtar duas motos de um p\u00e1tio credenciado pelo Detran, no bairro Nova Terra, em Ara\u00e7ua\u00ed, no Vale do Jequitinhonha. Um denunciante an\u00f4nimo avisou \u00e0 Pol\u00edcia Militar que os menores haviam [&hellip;]\" \/>\n<meta property=\"og:url\" content=\"https:\/\/aconteceunovale.com.br\/portal\/?p=43759\" \/>\n<meta property=\"og:site_name\" content=\"Aconteceu no Vale\" \/>\n<meta property=\"article:publisher\" content=\"https:\/\/www.facebook.com\/aconteceunovale\/\" \/>\n<meta property=\"article:published_time\" content=\"2014-10-29T15:23:46+00:00\" \/>\n<meta property=\"article:modified_time\" content=\"2026-09-02T15:21:55+00:00\" \/>\n<meta property=\"og:image\" content=\"https:\/\/aconteceunovale.com.br\/portal\/wp-content\/uploads\/2014\/10\/furto_detran_ara.jpg\" \/>\n\t<meta property=\"og:image:width\" content=\"640\" \/>\n\t<meta property=\"og:image:height\" content=\"399\" \/>\n\t<meta property=\"og:image:type\" content=\"image\/jpeg\" \/>\n<meta name=\"author\" content=\"Aconteceu no Vale\" \/>\n<meta name=\"twitter:card\" content=\"summary_large_image\" \/>\n<meta name=\"twitter:creator\" content=\"@noticiadosvales\" \/>\n<meta name=\"twitter:site\" content=\"@noticiadosvales\" \/>\n<meta name=\"twitter:label1\" content=\"Escrito por\" \/>\n\t<meta name=\"twitter:data1\" content=\"Aconteceu no Vale\" \/>\n\t<meta name=\"twitter:label2\" content=\"Est. tempo de leitura\" \/>\n\t<meta name=\"twitter:data2\" content=\"1 minuto\" \/>\n<script type=\"application\/ld+json\" class=\"yoast-schema-graph\">{\"@context\":\"https:\\\/\\\/schema.org\",\"@graph\":[{\"@type\":\"Article\",\"@id\":\"https:\\\/\\\/aconteceunovale.com.br\\\/portal\\\/?p=43759#article\",\"isPartOf\":{\"@id\":\"https:\\\/\\\/aconteceunovale.com.br\\\/portal\\\/?p=43759\"},\"author\":{\"name\":\"Aconteceu no Vale\",\"@id\":\"https:\\\/\\\/aconteceunovale.com.br\\\/portal\\\/#\\\/schema\\\/person\\\/633529146f2c94272bef50ac2953d589\"},\"headline\":\"Menores s\u00e3o apreendidos durante tentativa de furto em p\u00e1tio do DETRAN de Ara\u00e7ua\u00ed\",\"datePublished\":\"2014-10-29T15:23:46+00:00\",\"dateModified\":\"2026-09-02T15:21:55+00:00\",\"mainEntityOfPage\":{\"@id\":\"https:\\\/\\\/aconteceunovale.com.br\\\/portal\\\/?p=43759\"},\"wordCount\":300,\"commentCount\":0,\"image\":{\"@id\":\"https:\\\/\\\/aconteceunovale.com.br\\\/portal\\\/?p=43759#primaryimage\"},\"thumbnailUrl\":\"https:\\\/\\\/aconteceunovale.com.br\\\/portal\\\/wp-content\\\/uploads\\\/2014\\\/10\\\/furto_detran_ara.jpg\",\"keywords\":[\"Ara\u00e7ua\u00ed\",\"furto em p\u00e1tio do detran em ara\u00e7ua\u00ed\",\"furto no detran de ara\u00e7ua\u00ed\",\"Menores s\u00e3o apreendidos durante tentativa de furto em p\u00e1tio do DETRAN de Ara\u00e7ua\u00ed\",\"Silvana Cunha Melo\"],\"articleSection\":[\"Ara\u00e7ua\u00ed\",\"Vale do Jequitinhonha\"],\"inLanguage\":\"pt-BR\",\"potentialAction\":[{\"@type\":\"CommentAction\",\"name\":\"Comment\",\"target\":[\"https:\\\/\\\/aconteceunovale.com.br\\\/portal\\\/?p=43759#respond\"]}]},{\"@type\":\"WebPage\",\"@id\":\"https:\\\/\\\/aconteceunovale.com.br\\\/portal\\\/?p=43759\",\"url\":\"https:\\\/\\\/aconteceunovale.com.br\\\/portal\\\/?p=43759\",\"name\":\"Menores s\u00e3o apreendidos durante tentativa de furto em p\u00e1tio do DETRAN de Ara\u00e7ua\u00ed - Aconteceu no Vale\",\"isPartOf\":{\"@id\":\"https:\\\/\\\/aconteceunovale.com.br\\\/portal\\\/#website\"},\"primaryImageOfPage\":{\"@id\":\"https:\\\/\\\/aconteceunovale.com.br\\\/portal\\\/?p=43759#primaryimage\"},\"image\":{\"@id\":\"https:\\\/\\\/aconteceunovale.com.br\\\/portal\\\/?p=43759#primaryimage\"},\"thumbnailUrl\":\"https:\\\/\\\/aconteceunovale.com.br\\\/portal\\\/wp-content\\\/uploads\\\/2014\\\/10\\\/furto_detran_ara.jpg\",\"datePublished\":\"2014-10-29T15:23:46+00:00\",\"dateModified\":\"2026-09-02T15:21:55+00:00\",\"author\":{\"@id\":\"https:\\\/\\\/aconteceunovale.com.br\\\/portal\\\/#\\\/schema\\\/person\\\/633529146f2c94272bef50ac2953d589\"},\"breadcrumb\":{\"@id\":\"https:\\\/\\\/aconteceunovale.com.br\\\/portal\\\/?p=43759#breadcrumb\"},\"inLanguage\":\"pt-BR\",\"potentialAction\":[{\"@type\":\"ReadAction\",\"target\":[\"https:\\\/\\\/aconteceunovale.com.br\\\/portal\\\/?p=43759\"]}]},{\"@type\":\"ImageObject\",\"inLanguage\":\"pt-BR\",\"@id\":\"https:\\\/\\\/aconteceunovale.com.br\\\/portal\\\/?p=43759#primaryimage\",\"url\":\"https:\\\/\\\/aconteceunovale.com.br\\\/portal\\\/wp-content\\\/uploads\\\/2014\\\/10\\\/furto_detran_ara.jpg\",\"contentUrl\":\"https:\\\/\\\/aconteceunovale.com.br\\\/portal\\\/wp-content\\\/uploads\\\/2014\\\/10\\\/furto_detran_ara.jpg\",\"width\":640,\"height\":399},{\"@type\":\"BreadcrumbList\",\"@id\":\"https:\\\/\\\/aconteceunovale.com.br\\\/portal\\\/?p=43759#breadcrumb\",\"itemListElement\":[{\"@type\":\"ListItem\",\"position\":1,\"name\":\"In\u00edcio\",\"item\":\"https:\\\/\\\/aconteceunovale.com.br\\\/portal\\\/\"},{\"@type\":\"ListItem\",\"position\":2,\"name\":\"Menores s\u00e3o apreendidos durante tentativa de furto em p\u00e1tio do DETRAN de Ara\u00e7ua\u00ed\"}]},{\"@type\":\"WebSite\",\"@id\":\"https:\\\/\\\/aconteceunovale.com.br\\\/portal\\\/#website\",\"url\":\"https:\\\/\\\/aconteceunovale.com.br\\\/portal\\\/\",\"name\":\"Aconteceu no Vale\",\"description\":\"Portal de Not\u00edcias\",\"potentialAction\":[{\"@type\":\"SearchAction\",\"target\":{\"@type\":\"EntryPoint\",\"urlTemplate\":\"https:\\\/\\\/aconteceunovale.com.br\\\/portal\\\/?s={search_term_string}\"},\"query-input\":{\"@type\":\"PropertyValueSpecification\",\"valueRequired\":true,\"valueName\":\"search_term_string\"}}],\"inLanguage\":\"pt-BR\"},{\"@type\":\"Person\",\"@id\":\"https:\\\/\\\/aconteceunovale.com.br\\\/portal\\\/#\\\/schema\\\/person\\\/633529146f2c94272bef50ac2953d589\",\"name\":\"Aconteceu no Vale\",\"description\":\"Equipe de reportagem do Aconteceu no Vale, portal de not\u00edcias do Vale do Jequitinhonha, em Minas Gerais. Cobrimos as 51 cidades do Vale desde 2013. Sugest\u00f5es de pauta e pedidos de corre\u00e7\u00e3o: contato@aconteceunovale.com.br\",\"sameAs\":[\"http:\\\/\\\/www.aconteceunovale.com.br\"],\"url\":\"https:\\\/\\\/aconteceunovale.com.br\\\/portal\\\/?author=1\"}]}<\/script>\n<!-- \/ Yoast SEO plugin. -->","yoast_head_json":{"title":"Menores s\u00e3o apreendidos durante tentativa de furto em p\u00e1tio do DETRAN de Ara\u00e7ua\u00ed - Aconteceu no Vale","robots":{"index":"index","follow":"follow","max-snippet":"max-snippet:-1","max-image-preview":"max-image-preview:large","max-video-preview":"max-video-preview:-1"},"canonical":"https:\/\/aconteceunovale.com.br\/portal\/?p=43759","og_locale":"pt_BR","og_type":"article","og_title":"Menores s\u00e3o apreendidos durante tentativa de furto em p\u00e1tio do DETRAN de Ara\u00e7ua\u00ed - Aconteceu no Vale","og_description":"Os menores s\u00e3o suspeitos de v\u00e1rios arrombamentos e furtos na cidade Dois adolescentes de 17 anos, foram apreendidos na madrugada desta quarta-feira (29) quando tentavam furtar duas motos de um p\u00e1tio credenciado pelo Detran, no bairro Nova Terra, em Ara\u00e7ua\u00ed, no Vale do Jequitinhonha. Um denunciante an\u00f4nimo avisou \u00e0 Pol\u00edcia Militar que os menores haviam [&hellip;]","og_url":"https:\/\/aconteceunovale.com.br\/portal\/?p=43759","og_site_name":"Aconteceu no Vale","article_publisher":"https:\/\/www.facebook.com\/aconteceunovale\/","article_published_time":"2014-10-29T15:23:46+00:00","article_modified_time":"2026-09-02T15:21:55+00:00","og_image":[{"width":640,"height":399,"url":"https:\/\/aconteceunovale.com.br\/portal\/wp-content\/uploads\/2014\/10\/furto_detran_ara.jpg","type":"image\/jpeg"}],"author":"Aconteceu no Vale","twitter_card":"summary_large_image","twitter_creator":"@noticiadosvales","twitter_site":"@noticiadosvales","twitter_misc":{"Escrito por":"Aconteceu no Vale","Est. tempo de leitura":"1 minuto"},"schema":{"@context":"https:\/\/schema.org","@graph":[{"@type":"Article","@id":"https:\/\/aconteceunovale.com.br\/portal\/?p=43759#article","isPartOf":{"@id":"https:\/\/aconteceunovale.com.br\/portal\/?p=43759"},"author":{"name":"Aconteceu no Vale","@id":"https:\/\/aconteceunovale.com.br\/portal\/#\/schema\/person\/633529146f2c94272bef50ac2953d589"},"headline":"Menores s\u00e3o apreendidos durante tentativa de furto em p\u00e1tio do DETRAN de Ara\u00e7ua\u00ed","datePublished":"2014-10-29T15:23:46+00:00","dateModified":"2026-09-02T15:21:55+00:00","mainEntityOfPage":{"@id":"https:\/\/aconteceunovale.com.br\/portal\/?p=43759"},"wordCount":300,"commentCount":0,"image":{"@id":"https:\/\/aconteceunovale.com.br\/portal\/?p=43759#primaryimage"},"thumbnailUrl":"https:\/\/aconteceunovale.com.br\/portal\/wp-content\/uploads\/2014\/10\/furto_detran_ara.jpg","keywords":["Ara\u00e7ua\u00ed","furto em p\u00e1tio do detran em ara\u00e7ua\u00ed","furto no detran de ara\u00e7ua\u00ed","Menores s\u00e3o apreendidos durante tentativa de furto em p\u00e1tio do DETRAN de Ara\u00e7ua\u00ed","Silvana Cunha Melo"],"articleSection":["Ara\u00e7ua\u00ed","Vale do Jequitinhonha"],"inLanguage":"pt-BR","potentialAction":[{"@type":"CommentAction","name":"Comment","target":["https:\/\/aconteceunovale.com.br\/portal\/?p=43759#respond"]}]},{"@type":"WebPage","@id":"https:\/\/aconteceunovale.com.br\/portal\/?p=43759","url":"https:\/\/aconteceunovale.com.br\/portal\/?p=43759","name":"Menores s\u00e3o apreendidos durante tentativa de furto em p\u00e1tio do DETRAN de Ara\u00e7ua\u00ed - Aconteceu no Vale","isPartOf":{"@id":"https:\/\/aconteceunovale.com.br\/portal\/#website"},"primaryImageOfPage":{"@id":"https:\/\/aconteceunovale.com.br\/portal\/?p=43759#primaryimage"},"image":{"@id":"https:\/\/aconteceunovale.com.br\/portal\/?p=43759#primaryimage"},"thumbnailUrl":"https:\/\/aconteceunovale.com.br\/portal\/wp-content\/uploads\/2014\/10\/furto_detran_ara.jpg","datePublished":"2014-10-29T15:23:46+00:00","dateModified":"2026-09-02T15:21:55+00:00","author":{"@id":"https:\/\/aconteceunovale.com.br\/portal\/#\/schema\/person\/633529146f2c94272bef50ac2953d589"},"breadcrumb":{"@id":"https:\/\/aconteceunovale.com.br\/portal\/?p=43759#breadcrumb"},"inLanguage":"pt-BR","potentialAction":[{"@type":"ReadAction","target":["https:\/\/aconteceunovale.com.br\/portal\/?p=43759"]}]},{"@type":"ImageObject","inLanguage":"pt-BR","@id":"https:\/\/aconteceunovale.com.br\/portal\/?p=43759#primaryimage","url":"https:\/\/aconteceunovale.com.br\/portal\/wp-content\/uploads\/2014\/10\/furto_detran_ara.jpg","contentUrl":"https:\/\/aconteceunovale.com.br\/portal\/wp-content\/uploads\/2014\/10\/furto_detran_ara.jpg","width":640,"height":399},{"@type":"BreadcrumbList","@id":"https:\/\/aconteceunovale.com.br\/portal\/?p=43759#breadcrumb","itemListElement":[{"@type":"ListItem","position":1,"name":"In\u00edcio","item":"https:\/\/aconteceunovale.com.br\/portal\/"},{"@type":"ListItem","position":2,"name":"Menores s\u00e3o apreendidos durante tentativa de furto em p\u00e1tio do DETRAN de Ara\u00e7ua\u00ed"}]},{"@type":"WebSite","@id":"https:\/\/aconteceunovale.com.br\/portal\/#website","url":"https:\/\/aconteceunovale.com.br\/portal\/","name":"Aconteceu no Vale","description":"Portal de Not\u00edcias","potentialAction":[{"@type":"SearchAction","target":{"@type":"EntryPoint","urlTemplate":"https:\/\/aconteceunovale.com.br\/portal\/?s={search_term_string}"},"query-input":{"@type":"PropertyValueSpecification","valueRequired":true,"valueName":"search_term_string"}}],"inLanguage":"pt-BR"},{"@type":"Person","@id":"https:\/\/aconteceunovale.com.br\/portal\/#\/schema\/person\/633529146f2c94272bef50ac2953d589","name":"Aconteceu no Vale","description":"Equipe de reportagem do Aconteceu no Vale, portal de not\u00edcias do Vale do Jequitinhonha, em Minas Gerais. Cobrimos as 51 cidades do Vale desde 2013. Sugest\u00f5es de pauta e pedidos de corre\u00e7\u00e3o: contato@aconteceunovale.com.br","sameAs":["http:\/\/www.aconteceunovale.com.br"],"url":"https:\/\/aconteceunovale.com.br\/portal\/?author=1"}]}},"_links":{"self":[{"href":"https:\/\/aconteceunovale.com.br\/portal\/index.php?rest_route=\/wp\/v2\/posts\/43759","targetHints":{"allow":["GET"]}}],"collection":[{"href":"https:\/\/aconteceunovale.com.br\/portal\/index.php?rest_route=\/wp\/v2\/posts"}],"about":[{"href":"https:\/\/aconteceunovale.com.br\/portal\/index.php?rest_route=\/wp\/v2\/types\/post"}],"author":[{"embeddable":true,"href":"https:\/\/aconteceunovale.com.br\/portal\/index.php?rest_route=\/wp\/v2\/users\/1"}],"replies":[{"embeddable":true,"href":"https:\/\/aconteceunovale.com.br\/portal\/index.php?rest_route=%2Fwp%2Fv2%2Fcomments&post=43759"}],"version-history":[{"count":1,"href":"https:\/\/aconteceunovale.com.br\/portal\/index.php?rest_route=\/wp\/v2\/posts\/43759\/revisions"}],"predecessor-version":[{"id":199752,"href":"https:\/\/aconteceunovale.com.br\/portal\/index.php?rest_route=\/wp\/v2\/posts\/43759\/revisions\/199752"}],"wp:featuredmedia":[{"embeddable":true,"href":"https:\/\/aconteceunovale.com.br\/portal\/index.php?rest_route=\/wp\/v2\/media\/43760"}],"wp:attachment":[{"href":"https:\/\/aconteceunovale.com.br\/portal\/index.php?rest_route=%2Fwp%2Fv2%2Fmedia&parent=43759"}],"wp:term":[{"taxonomy":"category","embeddable":true,"href":"https:\/\/aconteceunovale.com.br\/portal\/index.php?rest_route=%2Fwp%2Fv2%2Fcategories&post=43759"},{"taxonomy":"post_tag","embeddable":true,"href":"https:\/\/aconteceunovale.com.br\/portal\/index.php?rest_route=%2Fwp%2Fv2%2Ftags&post=43759"}],"curies":[{"name":"wp","href":"https:\/\/api.w.org\/{rel}","templated":true}]}}