{"id":43754,"date":"2014-10-29T12:03:46","date_gmt":"2014-10-29T15:03:46","guid":{"rendered":"http:\/\/aconteceunovale.com.br\/portal\/?p=43754"},"modified":"2014-10-29T12:12:12","modified_gmt":"2014-10-29T15:12:12","slug":"corte-eleitoral-confirma-cassacao-de-prefeito-e-vice-de-frei-inocencio","status":"publish","type":"post","link":"https:\/\/aconteceunovale.com.br\/portal\/?p=43754","title":{"rendered":"Corte eleitoral confirma cassa\u00e7\u00e3o de prefeito e vice de Frei Inoc\u00eancio"},"content":{"rendered":"<div id=\"fb-root\"><\/div>\n<p><script type=\"text\/javascript\">\/\/ <![CDATA[\n(function(d, s, id) {\n\t\t\t\t  var js, fjs = d.getElementsByTagName(s)[0];\n\t\t\t\t  if (d.getElementById(id)) return;\n\t\t\t\t  js = d.createElement(s); js.id = id;\n\t\t\t\t  js.src = \"\/\/connect.facebook.net\/pt_BR\/sdk.js#xfbml=1&#038;appId=691575364226355&#038;version=v2.0\";\n\t\t\t\t  fjs.parentNode.insertBefore(js, fjs);\n\t\t\t\t}(document, 'script', 'facebook-jssdk'));\n\/\/ ]]><\/script><\/p>\n<div class=\"fb-like\" data-href=\"https:\/\/www.facebook.com\/aconteceunovale\" data-layout=\"button_count\" data-action=\"like\" data-show-faces=\"true\" data-share=\"true\"><\/div>\n<p><\/br><\/p>\n<p>[image src=&#8221;http:\/\/aconteceunovale.com.br\/portal\/wp-content\/uploads\/2014\/10\/prefeito_frei_inocencio.jpg&#8221; width=&#8221;161&#8243; height=&#8221;225&#8243; lightbox=&#8221;yes&#8221; align=&#8221;left&#8221; float=&#8221;left&#8221;]A Corte Eleitoral, na sess\u00e3o desta ter\u00e7a-feira (28), confirmou a cassa\u00e7\u00e3o do prefeito da cidade de Frei Inoc\u00eancio, Carlos Vin\u00edcio de Carvalho Soares (PR), e de seu vice, Erotides Ara\u00fajo de Oliveira Filho (PMDB), por quatro votos a dois, por abuso de poder. A decis\u00e3o determina, ainda, a posse do segundo colocado nas Elei\u00e7\u00f5es 2012, Jos\u00e9 Geraldo De Mattos Bicalho (PP). A execu\u00e7\u00e3o da decis\u00e3o se dar\u00e1 ap\u00f3s publica\u00e7\u00e3o de poss\u00edveis embargos de declara\u00e7\u00e3o.<\/p>\n<p>A cassa\u00e7\u00e3o do prefeito e vice de Frei Inoc\u00eancio se deu em dois processos \u2013 uma a\u00e7\u00e3o de impugna\u00e7\u00e3o de mandato eletivo e uma a\u00e7\u00e3o de investiga\u00e7\u00e3o judicial eleitoral &#8211; que chegaram com recurso ao TRE (RE 152210 e RE 157236). Em ambos, a Corte, por maioria, confirmou a decis\u00e3o de cassa\u00e7\u00e3o, de autoria do juiz da 119\u00aa de Governador Valadares, e negou provimento aos recursos, mas, em um deles (RE 152210), o desembargador Geraldo Augusto, presidente do TRE-MG, pediu vista para proferir voto de desempate sobre aplica\u00e7\u00e3o de multa. O julgamento da quest\u00e3o ficou marcado para o dia seis de novembro.<\/p>\n<p>O Partido Trabalhista Crist\u00e3o e o segundo colocado nas Elei\u00e7\u00f5es 2012 impetraram a\u00e7\u00f5es pedindo a cassa\u00e7\u00e3o dos diplomas do prefeito e vice eleitos por condutas que caracterizariam abuso de poder econ\u00f4mico, pol\u00edtico e de autoridade, capta\u00e7\u00e3o il\u00edcita de sufr\u00e1gio e conduta vedada a agente p\u00fablico. Os impetrantes alegam que, dentre outras condutas, o prefeito eleito e o vice teriam feito atendimentos m\u00e9dicos em benef\u00edcio de sua candidatura, teriam distribu\u00eddo aux\u00edlio financeiro para que eleitores fizessem cirurgias ou exames e realizado contrata\u00e7\u00f5es tempor\u00e1rias de servidores em massa. O relator dos dois processos no TRE, juiz Wladimir Rodrigues Dias, votou pela manuten\u00e7\u00e3o da cassa\u00e7\u00e3o do prefeito e vice de Frei Inoc\u00eancio por acreditar que \u201co bem jur\u00eddico a ser protegido no caso \u00e9 a normalidade e legitimidade das elei\u00e7\u00f5es\u201d. (TRE\/MG)<\/p>\n","protected":false},"excerpt":{"rendered":"<p>[image src=&#8221;http:\/\/aconteceunovale.com.br\/portal\/wp-content\/uploads\/2014\/10\/prefeito_frei_inocencio.jpg&#8221; width=&#8221;161&#8243; height=&#8221;225&#8243; lightbox=&#8221;yes&#8221; align=&#8221;left&#8221; float=&#8221;left&#8221;]A Corte Eleitoral, na sess\u00e3o desta ter\u00e7a-feira (28), confirmou a cassa\u00e7\u00e3o do prefeito da cidade de Frei Inoc\u00eancio, Carlos Vin\u00edcio de Carvalho Soares (PR), e de seu vice, Erotides Ara\u00fajo de Oliveira Filho (PMDB), por quatro votos a dois, por abuso de poder. A decis\u00e3o determina, ainda, a posse [&hellip;]<\/p>\n","protected":false},"author":1,"featured_media":43755,"comment_status":"open","ping_status":"closed","sticky":false,"template":"","format":"standard","meta":{"amp_status":"","footnotes":""},"categories":[121],"tags":[20967,20971,20969,290,20970,18096,17299,20968,20972],"class_list":["post-43754","post","type-post","status-publish","format-standard","has-post-thumbnail","hentry","category-leste","tag-carlos-vinicio-de-carvalho-soares","tag-corte-eleitoral-confirma-cassacao-de-prefeito-e-vice-de-frei-inocencio","tag-erotides-araujo-de-oliveira-filho","tag-frei-inocencio","tag-jose-geraldo-de-mattos-bicalho","tag-pmdb","tag-pp","tag-pr","tag-prefeito-e-vice-de-frei-inocencio-sao-cassados-por-abuso-de-poder"],"yoast_head":"<!-- This site is optimized with the Yoast SEO plugin v28.3 - https:\/\/yoast.com\/product\/yoast-seo-wordpress\/ -->\n<title>Corte eleitoral confirma cassa\u00e7\u00e3o de prefeito e vice de Frei Inoc\u00eancio - Aconteceu no Vale<\/title>\n<meta name=\"robots\" content=\"index, follow, max-snippet:-1, max-image-preview:large, max-video-preview:-1\" \/>\n<link rel=\"canonical\" href=\"https:\/\/aconteceunovale.com.br\/portal\/?p=43754\" \/>\n<meta property=\"og:locale\" content=\"pt_BR\" \/>\n<meta property=\"og:type\" content=\"article\" \/>\n<meta property=\"og:title\" content=\"Corte eleitoral confirma cassa\u00e7\u00e3o de prefeito e vice de Frei Inoc\u00eancio - Aconteceu no Vale\" \/>\n<meta property=\"og:description\" content=\"[image src=&#8221;http:\/\/aconteceunovale.com.br\/portal\/wp-content\/uploads\/2014\/10\/prefeito_frei_inocencio.jpg&#8221; width=&#8221;161&#8243; height=&#8221;225&#8243; lightbox=&#8221;yes&#8221; align=&#8221;left&#8221; float=&#8221;left&#8221;]A Corte Eleitoral, na sess\u00e3o desta ter\u00e7a-feira (28), confirmou a cassa\u00e7\u00e3o do prefeito da cidade de Frei Inoc\u00eancio, Carlos Vin\u00edcio de Carvalho Soares (PR), e de seu vice, Erotides Ara\u00fajo de Oliveira Filho (PMDB), por quatro votos a dois, por abuso de poder. A decis\u00e3o determina, ainda, a posse [&hellip;]\" \/>\n<meta property=\"og:url\" content=\"https:\/\/aconteceunovale.com.br\/portal\/?p=43754\" \/>\n<meta property=\"og:site_name\" content=\"Aconteceu no Vale\" \/>\n<meta property=\"article:publisher\" content=\"https:\/\/www.facebook.com\/aconteceunovale\/\" \/>\n<meta property=\"article:published_time\" content=\"2014-10-29T15:03:46+00:00\" \/>\n<meta property=\"article:modified_time\" content=\"2014-10-29T15:12:12+00:00\" \/>\n<meta property=\"og:image\" content=\"https:\/\/aconteceunovale.com.br\/portal\/wp-content\/uploads\/2014\/10\/prefeito_frei_inocencio.jpg\" \/>\n\t<meta property=\"og:image:width\" content=\"161\" \/>\n\t<meta property=\"og:image:height\" content=\"225\" \/>\n\t<meta property=\"og:image:type\" content=\"image\/jpeg\" \/>\n<meta name=\"author\" content=\"Aconteceu no Vale\" \/>\n<meta name=\"twitter:card\" content=\"summary_large_image\" \/>\n<meta name=\"twitter:creator\" content=\"@noticiadosvales\" \/>\n<meta name=\"twitter:site\" content=\"@noticiadosvales\" \/>\n<meta name=\"twitter:label1\" content=\"Escrito por\" \/>\n\t<meta name=\"twitter:data1\" content=\"Aconteceu no Vale\" \/>\n\t<meta name=\"twitter:label2\" content=\"Est. tempo de leitura\" \/>\n\t<meta name=\"twitter:data2\" content=\"2 minutos\" \/>\n<script type=\"application\/ld+json\" class=\"yoast-schema-graph\">{\"@context\":\"https:\\\/\\\/schema.org\",\"@graph\":[{\"@type\":\"Article\",\"@id\":\"https:\\\/\\\/aconteceunovale.com.br\\\/portal\\\/?p=43754#article\",\"isPartOf\":{\"@id\":\"https:\\\/\\\/aconteceunovale.com.br\\\/portal\\\/?p=43754\"},\"author\":{\"name\":\"Aconteceu no Vale\",\"@id\":\"https:\\\/\\\/aconteceunovale.com.br\\\/portal\\\/#\\\/schema\\\/person\\\/633529146f2c94272bef50ac2953d589\"},\"headline\":\"Corte eleitoral confirma cassa\u00e7\u00e3o de prefeito e vice de Frei Inoc\u00eancio\",\"datePublished\":\"2014-10-29T15:03:46+00:00\",\"dateModified\":\"2014-10-29T15:12:12+00:00\",\"mainEntityOfPage\":{\"@id\":\"https:\\\/\\\/aconteceunovale.com.br\\\/portal\\\/?p=43754\"},\"wordCount\":375,\"commentCount\":0,\"image\":{\"@id\":\"https:\\\/\\\/aconteceunovale.com.br\\\/portal\\\/?p=43754#primaryimage\"},\"thumbnailUrl\":\"https:\\\/\\\/aconteceunovale.com.br\\\/portal\\\/wp-content\\\/uploads\\\/2014\\\/10\\\/prefeito_frei_inocencio.jpg\",\"keywords\":[\"Carlos Vin\u00edcio de Carvalho Soares\",\"Corte eleitoral confirma cassa\u00e7\u00e3o de prefeito e vice de Frei Inoc\u00eancio\",\"Erotides Ara\u00fajo de Oliveira Filho\",\"Frei Inoc\u00eancio\",\"Jos\u00e9 Geraldo De Mattos Bicalho\",\"PMDB\",\"PP\",\"PR\",\"Prefeito e vice de Frei Inoc\u00eancio s\u00e3o cassados por abuso de poder\"],\"articleSection\":[\"Leste de Minas\"],\"inLanguage\":\"pt-BR\",\"potentialAction\":[{\"@type\":\"CommentAction\",\"name\":\"Comment\",\"target\":[\"https:\\\/\\\/aconteceunovale.com.br\\\/portal\\\/?p=43754#respond\"]}]},{\"@type\":\"WebPage\",\"@id\":\"https:\\\/\\\/aconteceunovale.com.br\\\/portal\\\/?p=43754\",\"url\":\"https:\\\/\\\/aconteceunovale.com.br\\\/portal\\\/?p=43754\",\"name\":\"Corte eleitoral confirma cassa\u00e7\u00e3o de prefeito e vice de Frei Inoc\u00eancio - Aconteceu no Vale\",\"isPartOf\":{\"@id\":\"https:\\\/\\\/aconteceunovale.com.br\\\/portal\\\/#website\"},\"primaryImageOfPage\":{\"@id\":\"https:\\\/\\\/aconteceunovale.com.br\\\/portal\\\/?p=43754#primaryimage\"},\"image\":{\"@id\":\"https:\\\/\\\/aconteceunovale.com.br\\\/portal\\\/?p=43754#primaryimage\"},\"thumbnailUrl\":\"https:\\\/\\\/aconteceunovale.com.br\\\/portal\\\/wp-content\\\/uploads\\\/2014\\\/10\\\/prefeito_frei_inocencio.jpg\",\"datePublished\":\"2014-10-29T15:03:46+00:00\",\"dateModified\":\"2014-10-29T15:12:12+00:00\",\"author\":{\"@id\":\"https:\\\/\\\/aconteceunovale.com.br\\\/portal\\\/#\\\/schema\\\/person\\\/633529146f2c94272bef50ac2953d589\"},\"breadcrumb\":{\"@id\":\"https:\\\/\\\/aconteceunovale.com.br\\\/portal\\\/?p=43754#breadcrumb\"},\"inLanguage\":\"pt-BR\",\"potentialAction\":[{\"@type\":\"ReadAction\",\"target\":[\"https:\\\/\\\/aconteceunovale.com.br\\\/portal\\\/?p=43754\"]}]},{\"@type\":\"ImageObject\",\"inLanguage\":\"pt-BR\",\"@id\":\"https:\\\/\\\/aconteceunovale.com.br\\\/portal\\\/?p=43754#primaryimage\",\"url\":\"https:\\\/\\\/aconteceunovale.com.br\\\/portal\\\/wp-content\\\/uploads\\\/2014\\\/10\\\/prefeito_frei_inocencio.jpg\",\"contentUrl\":\"https:\\\/\\\/aconteceunovale.com.br\\\/portal\\\/wp-content\\\/uploads\\\/2014\\\/10\\\/prefeito_frei_inocencio.jpg\",\"width\":161,\"height\":225},{\"@type\":\"BreadcrumbList\",\"@id\":\"https:\\\/\\\/aconteceunovale.com.br\\\/portal\\\/?p=43754#breadcrumb\",\"itemListElement\":[{\"@type\":\"ListItem\",\"position\":1,\"name\":\"In\u00edcio\",\"item\":\"https:\\\/\\\/aconteceunovale.com.br\\\/portal\\\/\"},{\"@type\":\"ListItem\",\"position\":2,\"name\":\"Corte eleitoral confirma cassa\u00e7\u00e3o de prefeito e vice de Frei Inoc\u00eancio\"}]},{\"@type\":\"WebSite\",\"@id\":\"https:\\\/\\\/aconteceunovale.com.br\\\/portal\\\/#website\",\"url\":\"https:\\\/\\\/aconteceunovale.com.br\\\/portal\\\/\",\"name\":\"Aconteceu no Vale\",\"description\":\"Portal de Not\u00edcias\",\"potentialAction\":[{\"@type\":\"SearchAction\",\"target\":{\"@type\":\"EntryPoint\",\"urlTemplate\":\"https:\\\/\\\/aconteceunovale.com.br\\\/portal\\\/?s={search_term_string}\"},\"query-input\":{\"@type\":\"PropertyValueSpecification\",\"valueRequired\":true,\"valueName\":\"search_term_string\"}}],\"inLanguage\":\"pt-BR\"},{\"@type\":\"Person\",\"@id\":\"https:\\\/\\\/aconteceunovale.com.br\\\/portal\\\/#\\\/schema\\\/person\\\/633529146f2c94272bef50ac2953d589\",\"name\":\"Aconteceu no Vale\",\"description\":\"Equipe de reportagem do Aconteceu no Vale, portal de not\u00edcias do Vale do Jequitinhonha, em Minas Gerais. Cobrimos as 51 cidades do Vale desde 2013. Sugest\u00f5es de pauta e pedidos de corre\u00e7\u00e3o: contato@aconteceunovale.com.br\",\"sameAs\":[\"http:\\\/\\\/www.aconteceunovale.com.br\"],\"url\":\"https:\\\/\\\/aconteceunovale.com.br\\\/portal\\\/?author=1\"}]}<\/script>\n<!-- \/ Yoast SEO plugin. -->","yoast_head_json":{"title":"Corte eleitoral confirma cassa\u00e7\u00e3o de prefeito e vice de Frei Inoc\u00eancio - Aconteceu no Vale","robots":{"index":"index","follow":"follow","max-snippet":"max-snippet:-1","max-image-preview":"max-image-preview:large","max-video-preview":"max-video-preview:-1"},"canonical":"https:\/\/aconteceunovale.com.br\/portal\/?p=43754","og_locale":"pt_BR","og_type":"article","og_title":"Corte eleitoral confirma cassa\u00e7\u00e3o de prefeito e vice de Frei Inoc\u00eancio - Aconteceu no Vale","og_description":"[image src=&#8221;http:\/\/aconteceunovale.com.br\/portal\/wp-content\/uploads\/2014\/10\/prefeito_frei_inocencio.jpg&#8221; width=&#8221;161&#8243; height=&#8221;225&#8243; lightbox=&#8221;yes&#8221; align=&#8221;left&#8221; float=&#8221;left&#8221;]A Corte Eleitoral, na sess\u00e3o desta ter\u00e7a-feira (28), confirmou a cassa\u00e7\u00e3o do prefeito da cidade de Frei Inoc\u00eancio, Carlos Vin\u00edcio de Carvalho Soares (PR), e de seu vice, Erotides Ara\u00fajo de Oliveira Filho (PMDB), por quatro votos a dois, por abuso de poder. A decis\u00e3o determina, ainda, a posse [&hellip;]","og_url":"https:\/\/aconteceunovale.com.br\/portal\/?p=43754","og_site_name":"Aconteceu no Vale","article_publisher":"https:\/\/www.facebook.com\/aconteceunovale\/","article_published_time":"2014-10-29T15:03:46+00:00","article_modified_time":"2014-10-29T15:12:12+00:00","og_image":[{"width":161,"height":225,"url":"https:\/\/aconteceunovale.com.br\/portal\/wp-content\/uploads\/2014\/10\/prefeito_frei_inocencio.jpg","type":"image\/jpeg"}],"author":"Aconteceu no Vale","twitter_card":"summary_large_image","twitter_creator":"@noticiadosvales","twitter_site":"@noticiadosvales","twitter_misc":{"Escrito por":"Aconteceu no Vale","Est. tempo de leitura":"2 minutos"},"schema":{"@context":"https:\/\/schema.org","@graph":[{"@type":"Article","@id":"https:\/\/aconteceunovale.com.br\/portal\/?p=43754#article","isPartOf":{"@id":"https:\/\/aconteceunovale.com.br\/portal\/?p=43754"},"author":{"name":"Aconteceu no Vale","@id":"https:\/\/aconteceunovale.com.br\/portal\/#\/schema\/person\/633529146f2c94272bef50ac2953d589"},"headline":"Corte eleitoral confirma cassa\u00e7\u00e3o de prefeito e vice de Frei Inoc\u00eancio","datePublished":"2014-10-29T15:03:46+00:00","dateModified":"2014-10-29T15:12:12+00:00","mainEntityOfPage":{"@id":"https:\/\/aconteceunovale.com.br\/portal\/?p=43754"},"wordCount":375,"commentCount":0,"image":{"@id":"https:\/\/aconteceunovale.com.br\/portal\/?p=43754#primaryimage"},"thumbnailUrl":"https:\/\/aconteceunovale.com.br\/portal\/wp-content\/uploads\/2014\/10\/prefeito_frei_inocencio.jpg","keywords":["Carlos Vin\u00edcio de Carvalho Soares","Corte eleitoral confirma cassa\u00e7\u00e3o de prefeito e vice de Frei Inoc\u00eancio","Erotides Ara\u00fajo de Oliveira Filho","Frei Inoc\u00eancio","Jos\u00e9 Geraldo De Mattos Bicalho","PMDB","PP","PR","Prefeito e vice de Frei Inoc\u00eancio s\u00e3o cassados por abuso de poder"],"articleSection":["Leste de Minas"],"inLanguage":"pt-BR","potentialAction":[{"@type":"CommentAction","name":"Comment","target":["https:\/\/aconteceunovale.com.br\/portal\/?p=43754#respond"]}]},{"@type":"WebPage","@id":"https:\/\/aconteceunovale.com.br\/portal\/?p=43754","url":"https:\/\/aconteceunovale.com.br\/portal\/?p=43754","name":"Corte eleitoral confirma cassa\u00e7\u00e3o de prefeito e vice de Frei Inoc\u00eancio - Aconteceu no Vale","isPartOf":{"@id":"https:\/\/aconteceunovale.com.br\/portal\/#website"},"primaryImageOfPage":{"@id":"https:\/\/aconteceunovale.com.br\/portal\/?p=43754#primaryimage"},"image":{"@id":"https:\/\/aconteceunovale.com.br\/portal\/?p=43754#primaryimage"},"thumbnailUrl":"https:\/\/aconteceunovale.com.br\/portal\/wp-content\/uploads\/2014\/10\/prefeito_frei_inocencio.jpg","datePublished":"2014-10-29T15:03:46+00:00","dateModified":"2014-10-29T15:12:12+00:00","author":{"@id":"https:\/\/aconteceunovale.com.br\/portal\/#\/schema\/person\/633529146f2c94272bef50ac2953d589"},"breadcrumb":{"@id":"https:\/\/aconteceunovale.com.br\/portal\/?p=43754#breadcrumb"},"inLanguage":"pt-BR","potentialAction":[{"@type":"ReadAction","target":["https:\/\/aconteceunovale.com.br\/portal\/?p=43754"]}]},{"@type":"ImageObject","inLanguage":"pt-BR","@id":"https:\/\/aconteceunovale.com.br\/portal\/?p=43754#primaryimage","url":"https:\/\/aconteceunovale.com.br\/portal\/wp-content\/uploads\/2014\/10\/prefeito_frei_inocencio.jpg","contentUrl":"https:\/\/aconteceunovale.com.br\/portal\/wp-content\/uploads\/2014\/10\/prefeito_frei_inocencio.jpg","width":161,"height":225},{"@type":"BreadcrumbList","@id":"https:\/\/aconteceunovale.com.br\/portal\/?p=43754#breadcrumb","itemListElement":[{"@type":"ListItem","position":1,"name":"In\u00edcio","item":"https:\/\/aconteceunovale.com.br\/portal\/"},{"@type":"ListItem","position":2,"name":"Corte eleitoral confirma cassa\u00e7\u00e3o de prefeito e vice de Frei Inoc\u00eancio"}]},{"@type":"WebSite","@id":"https:\/\/aconteceunovale.com.br\/portal\/#website","url":"https:\/\/aconteceunovale.com.br\/portal\/","name":"Aconteceu no Vale","description":"Portal de Not\u00edcias","potentialAction":[{"@type":"SearchAction","target":{"@type":"EntryPoint","urlTemplate":"https:\/\/aconteceunovale.com.br\/portal\/?s={search_term_string}"},"query-input":{"@type":"PropertyValueSpecification","valueRequired":true,"valueName":"search_term_string"}}],"inLanguage":"pt-BR"},{"@type":"Person","@id":"https:\/\/aconteceunovale.com.br\/portal\/#\/schema\/person\/633529146f2c94272bef50ac2953d589","name":"Aconteceu no Vale","description":"Equipe de reportagem do Aconteceu no Vale, portal de not\u00edcias do Vale do Jequitinhonha, em Minas Gerais. Cobrimos as 51 cidades do Vale desde 2013. Sugest\u00f5es de pauta e pedidos de corre\u00e7\u00e3o: contato@aconteceunovale.com.br","sameAs":["http:\/\/www.aconteceunovale.com.br"],"url":"https:\/\/aconteceunovale.com.br\/portal\/?author=1"}]}},"_links":{"self":[{"href":"https:\/\/aconteceunovale.com.br\/portal\/index.php?rest_route=\/wp\/v2\/posts\/43754","targetHints":{"allow":["GET"]}}],"collection":[{"href":"https:\/\/aconteceunovale.com.br\/portal\/index.php?rest_route=\/wp\/v2\/posts"}],"about":[{"href":"https:\/\/aconteceunovale.com.br\/portal\/index.php?rest_route=\/wp\/v2\/types\/post"}],"author":[{"embeddable":true,"href":"https:\/\/aconteceunovale.com.br\/portal\/index.php?rest_route=\/wp\/v2\/users\/1"}],"replies":[{"embeddable":true,"href":"https:\/\/aconteceunovale.com.br\/portal\/index.php?rest_route=%2Fwp%2Fv2%2Fcomments&post=43754"}],"version-history":[{"count":0,"href":"https:\/\/aconteceunovale.com.br\/portal\/index.php?rest_route=\/wp\/v2\/posts\/43754\/revisions"}],"wp:featuredmedia":[{"embeddable":true,"href":"https:\/\/aconteceunovale.com.br\/portal\/index.php?rest_route=\/wp\/v2\/media\/43755"}],"wp:attachment":[{"href":"https:\/\/aconteceunovale.com.br\/portal\/index.php?rest_route=%2Fwp%2Fv2%2Fmedia&parent=43754"}],"wp:term":[{"taxonomy":"category","embeddable":true,"href":"https:\/\/aconteceunovale.com.br\/portal\/index.php?rest_route=%2Fwp%2Fv2%2Fcategories&post=43754"},{"taxonomy":"post_tag","embeddable":true,"href":"https:\/\/aconteceunovale.com.br\/portal\/index.php?rest_route=%2Fwp%2Fv2%2Ftags&post=43754"}],"curies":[{"name":"wp","href":"https:\/\/api.w.org\/{rel}","templated":true}]}}