{"id":43747,"date":"2014-10-29T11:29:36","date_gmt":"2014-10-29T14:29:36","guid":{"rendered":"http:\/\/aconteceunovale.com.br\/portal\/?p=43747"},"modified":"2014-10-29T11:31:39","modified_gmt":"2014-10-29T14:31:39","slug":"papa-francisco-reconhece-teoria-da-evolucao-e-do-big-bang","status":"publish","type":"post","link":"https:\/\/aconteceunovale.com.br\/portal\/?p=43747","title":{"rendered":"Papa Francisco reconhece Teoria da Evolu\u00e7\u00e3o e do Big Bang"},"content":{"rendered":"<h4><strong><em>Francisco ainda criticou interpreta\u00e7\u00e3o errada do G\u00eanesis: &#8216;Deus n\u00e3o \u00e9 mago&#8217;. Declara\u00e7\u00f5es foram feitas \u00e0 Pontif\u00edcia Academia de Ci\u00eancias, no Vaticano.<\/em><\/strong><\/h4>\n<div id=\"fb-root\"><\/div>\n<p>\t\t\t\t<script>(function(d, s, id) {\n\t\t\t\t  var js, fjs = d.getElementsByTagName(s)[0];\n\t\t\t\t  if (d.getElementById(id)) return;\n\t\t\t\t  js = d.createElement(s); js.id = id;\n\t\t\t\t  js.src = \"\/\/connect.facebook.net\/pt_BR\/sdk.js#xfbml=1&appId=691575364226355&version=v2.0\";\n\t\t\t\t  fjs.parentNode.insertBefore(js, fjs);\n\t\t\t\t}(document, 'script', 'facebook-jssdk'));<\/script><\/p>\n<div class=\"fb-like\" data-href=\"https:\/\/www.facebook.com\/aconteceunovale\" data-layout=\"button_count\" data-action=\"like\" data-show-faces=\"true\" data-share=\"true\"><\/div>\n<p><\/br><\/p>\n<p>O Papa Francisco afirmou nesta segunda-feira (27), durante discurso na Pontif\u00edcia Academia de Ci\u00eancias, que a Teoria da Evolu\u00e7\u00e3o e o Big Bang s\u00e3o reais e criticou a interpreta\u00e7\u00e3o das pessoas que leem o G\u00eanesis, livro da B\u00edblia, achando que Deus &#8220;tenha agido como um mago, com uma varinha m\u00e1gica capaz de criar todas as coisas&#8221;.<\/p>\n<p>Segundo ele, a cria\u00e7\u00e3o do mundo &#8220;n\u00e3o \u00e9 obra do caos, mas deriva de um princ\u00edpio supremo que cria por amor&#8221;. &#8220;O Big Bang n\u00e3o contradiz a interven\u00e7\u00e3o criadora, mas a exige&#8221;, disse o pont\u00edfice na inaugura\u00e7\u00e3o de um busto de bronze em homenagem ao Papa Em\u00e9rito Bento XVI.<\/p>\n<p>O Big Bang \u00e9, segundo aceita a maior parte da comunidade cient\u00edfica, a explos\u00e3o ocorrida h\u00e1 cerca de 13,8 bilh\u00f5es de anos que deu origem \u00e0 expans\u00e3o do Universo. J\u00e1 a Teoria da Evolu\u00e7\u00e3o, iniciada pelo brit\u00e2nico Charles Darwin (1809-1882), que prega que os seres vivos n\u00e3o s\u00e3o imut\u00e1veis e se transformam de acordo com sua melhor adapta\u00e7\u00e3o ao meio ambiente, pela sele\u00e7\u00e3o natural.<\/p>\n<p><img decoding=\"async\" src=\"http:\/\/aconteceunovale.com.br\/portal\/wp-content\/uploads\/2014\/10\/big_bang_papa.jpg\" alt=\"\" \/><em>Papa Francisco fez declara\u00e7\u00f5es sobre a ci\u00eancia durante inaugura\u00e7\u00e3o de busto em homenagem ao Papa Em\u00e9rito Bento XVI (Foto: Osservatore Romano\/Reuters)<\/em><br \/>\n<\/br><\/p>\n<p>O Papa acrescentou dizendo que a &#8220;evolu\u00e7\u00e3o da natureza n\u00e3o \u00e9 incompat\u00edvel com a no\u00e7\u00e3o de cria\u00e7\u00e3o, pois exige a cria\u00e7\u00e3o de seres que evoluem&#8221;.<\/p>\n<p>Ele criticou que quando as pessoas leem o livro do G\u00eanesis, sobre como foi a origem do mundo, pensam que Deus tenha agido como um mago. &#8220;Mas n\u00e3o \u00e9 assim&#8221;, explica.<\/p>\n<p>Segundo Francisco, o homem foi criado com uma caracter\u00edstica especial \u2013 a liberdade \u2013 e recebe a incumb\u00eancia de proteger a cria\u00e7\u00e3o, mas quando a liberdade se torna autonomia, destr\u00f3i a cria\u00e7\u00e3o e homem assume o lugar do criador.<\/p>\n<p>&#8220;Ao cientista, portanto, sobretudo ao cientista crist\u00e3o, corresponde a atitude de interrogar-se sobre o futuro da humanidade e da Terra; de construir um mundo humano para todas as pessoas e n\u00e3o para um grupo ou uma classe de privilegiados&#8221;, concluiu o pont\u00edfice. (G1)<\/p>\n","protected":false},"excerpt":{"rendered":"<p>Francisco ainda criticou interpreta\u00e7\u00e3o errada do G\u00eanesis: &#8216;Deus n\u00e3o \u00e9 mago&#8217;. Declara\u00e7\u00f5es foram feitas \u00e0 Pontif\u00edcia Academia de Ci\u00eancias, no Vaticano. O Papa Francisco afirmou nesta segunda-feira (27), durante discurso na Pontif\u00edcia Academia de Ci\u00eancias, que a Teoria da Evolu\u00e7\u00e3o e o Big Bang s\u00e3o reais e criticou a interpreta\u00e7\u00e3o das pessoas que leem o [&hellip;]<\/p>\n","protected":false},"author":1,"featured_media":34107,"comment_status":"open","ping_status":"closed","sticky":false,"template":"","format":"standard","meta":{"amp_status":"","footnotes":""},"categories":[6],"tags":[20960,1018,20962,20961,946,20963,20959,20958,20957],"class_list":["post-43747","post","type-post","status-publish","format-standard","has-post-thumbnail","hentry","category-br","tag-big-bang-e-teoria-da-evolucao-nao-contradizem-cristianismo","tag-destaque","tag-origem-da-vida","tag-origem-do-ser-humano","tag-papa-francisco","tag-papa-francisco-reconhece-teoria-da-evolucao-e-do-big-bang","tag-papa-reconhece-origem-do-ser-humano","tag-papa-reconhece-teoria-do-big-bang","tag-papa-reconhece-teoria-do-big-bang-e-da-evolucao"],"yoast_head":"<!-- This site is optimized with the Yoast SEO plugin v28.3 - https:\/\/yoast.com\/product\/yoast-seo-wordpress\/ -->\n<title>Papa Francisco reconhece Teoria da Evolu\u00e7\u00e3o e do Big Bang - Aconteceu no Vale<\/title>\n<meta name=\"robots\" content=\"index, follow, max-snippet:-1, max-image-preview:large, max-video-preview:-1\" \/>\n<link rel=\"canonical\" href=\"https:\/\/aconteceunovale.com.br\/portal\/?p=43747\" \/>\n<meta property=\"og:locale\" content=\"pt_BR\" \/>\n<meta property=\"og:type\" content=\"article\" \/>\n<meta property=\"og:title\" content=\"Papa Francisco reconhece Teoria da Evolu\u00e7\u00e3o e do Big Bang - Aconteceu no Vale\" \/>\n<meta property=\"og:description\" content=\"Francisco ainda criticou interpreta\u00e7\u00e3o errada do G\u00eanesis: &#8216;Deus n\u00e3o \u00e9 mago&#8217;. Declara\u00e7\u00f5es foram feitas \u00e0 Pontif\u00edcia Academia de Ci\u00eancias, no Vaticano. O Papa Francisco afirmou nesta segunda-feira (27), durante discurso na Pontif\u00edcia Academia de Ci\u00eancias, que a Teoria da Evolu\u00e7\u00e3o e o Big Bang s\u00e3o reais e criticou a interpreta\u00e7\u00e3o das pessoas que leem o [&hellip;]\" \/>\n<meta property=\"og:url\" content=\"https:\/\/aconteceunovale.com.br\/portal\/?p=43747\" \/>\n<meta property=\"og:site_name\" content=\"Aconteceu no Vale\" \/>\n<meta property=\"article:publisher\" content=\"https:\/\/www.facebook.com\/aconteceunovale\/\" \/>\n<meta property=\"article:published_time\" content=\"2014-10-29T14:29:36+00:00\" \/>\n<meta property=\"article:modified_time\" content=\"2014-10-29T14:31:39+00:00\" \/>\n<meta property=\"og:image\" content=\"https:\/\/aconteceunovale.com.br\/portal\/wp-content\/uploads\/2014\/07\/papa_francisco_recebe_vitimas_pedofilia.jpg\" \/>\n\t<meta property=\"og:image:width\" content=\"654\" \/>\n\t<meta property=\"og:image:height\" content=\"450\" \/>\n\t<meta property=\"og:image:type\" content=\"image\/jpeg\" \/>\n<meta name=\"author\" content=\"Aconteceu no Vale\" \/>\n<meta name=\"twitter:card\" content=\"summary_large_image\" \/>\n<meta name=\"twitter:creator\" content=\"@noticiadosvales\" \/>\n<meta name=\"twitter:site\" content=\"@noticiadosvales\" \/>\n<meta name=\"twitter:label1\" content=\"Escrito por\" \/>\n\t<meta name=\"twitter:data1\" content=\"Aconteceu no Vale\" \/>\n\t<meta name=\"twitter:label2\" content=\"Est. tempo de leitura\" \/>\n\t<meta name=\"twitter:data2\" content=\"2 minutos\" \/>\n<script type=\"application\/ld+json\" class=\"yoast-schema-graph\">{\"@context\":\"https:\\\/\\\/schema.org\",\"@graph\":[{\"@type\":\"Article\",\"@id\":\"https:\\\/\\\/aconteceunovale.com.br\\\/portal\\\/?p=43747#article\",\"isPartOf\":{\"@id\":\"https:\\\/\\\/aconteceunovale.com.br\\\/portal\\\/?p=43747\"},\"author\":{\"name\":\"Aconteceu no Vale\",\"@id\":\"https:\\\/\\\/aconteceunovale.com.br\\\/portal\\\/#\\\/schema\\\/person\\\/633529146f2c94272bef50ac2953d589\"},\"headline\":\"Papa Francisco reconhece Teoria da Evolu\u00e7\u00e3o e do Big Bang\",\"datePublished\":\"2014-10-29T14:29:36+00:00\",\"dateModified\":\"2014-10-29T14:31:39+00:00\",\"mainEntityOfPage\":{\"@id\":\"https:\\\/\\\/aconteceunovale.com.br\\\/portal\\\/?p=43747\"},\"wordCount\":403,\"commentCount\":1,\"image\":{\"@id\":\"https:\\\/\\\/aconteceunovale.com.br\\\/portal\\\/?p=43747#primaryimage\"},\"thumbnailUrl\":\"https:\\\/\\\/aconteceunovale.com.br\\\/portal\\\/wp-content\\\/uploads\\\/2014\\\/07\\\/papa_francisco_recebe_vitimas_pedofilia.jpg\",\"keywords\":[\"Big Bang e Teoria da Evolu\u00e7\u00e3o n\u00e3o contradizem cristianismo\",\"destaque\",\"origem da vida\",\"origem do ser humano\",\"papa francisco\",\"Papa Francisco reconhece Teoria da Evolu\u00e7\u00e3o e do Big Bang\",\"papa reconhece origem do ser humano\",\"Papa reconhece Teoria do Big Bang\",\"Papa reconhece Teoria do Big Bang e da evolu\u00e7\u00e3o\"],\"articleSection\":[\"Brasil\"],\"inLanguage\":\"pt-BR\",\"potentialAction\":[{\"@type\":\"CommentAction\",\"name\":\"Comment\",\"target\":[\"https:\\\/\\\/aconteceunovale.com.br\\\/portal\\\/?p=43747#respond\"]}]},{\"@type\":\"WebPage\",\"@id\":\"https:\\\/\\\/aconteceunovale.com.br\\\/portal\\\/?p=43747\",\"url\":\"https:\\\/\\\/aconteceunovale.com.br\\\/portal\\\/?p=43747\",\"name\":\"Papa Francisco reconhece Teoria da Evolu\u00e7\u00e3o e do Big Bang - Aconteceu no Vale\",\"isPartOf\":{\"@id\":\"https:\\\/\\\/aconteceunovale.com.br\\\/portal\\\/#website\"},\"primaryImageOfPage\":{\"@id\":\"https:\\\/\\\/aconteceunovale.com.br\\\/portal\\\/?p=43747#primaryimage\"},\"image\":{\"@id\":\"https:\\\/\\\/aconteceunovale.com.br\\\/portal\\\/?p=43747#primaryimage\"},\"thumbnailUrl\":\"https:\\\/\\\/aconteceunovale.com.br\\\/portal\\\/wp-content\\\/uploads\\\/2014\\\/07\\\/papa_francisco_recebe_vitimas_pedofilia.jpg\",\"datePublished\":\"2014-10-29T14:29:36+00:00\",\"dateModified\":\"2014-10-29T14:31:39+00:00\",\"author\":{\"@id\":\"https:\\\/\\\/aconteceunovale.com.br\\\/portal\\\/#\\\/schema\\\/person\\\/633529146f2c94272bef50ac2953d589\"},\"breadcrumb\":{\"@id\":\"https:\\\/\\\/aconteceunovale.com.br\\\/portal\\\/?p=43747#breadcrumb\"},\"inLanguage\":\"pt-BR\",\"potentialAction\":[{\"@type\":\"ReadAction\",\"target\":[\"https:\\\/\\\/aconteceunovale.com.br\\\/portal\\\/?p=43747\"]}]},{\"@type\":\"ImageObject\",\"inLanguage\":\"pt-BR\",\"@id\":\"https:\\\/\\\/aconteceunovale.com.br\\\/portal\\\/?p=43747#primaryimage\",\"url\":\"https:\\\/\\\/aconteceunovale.com.br\\\/portal\\\/wp-content\\\/uploads\\\/2014\\\/07\\\/papa_francisco_recebe_vitimas_pedofilia.jpg\",\"contentUrl\":\"https:\\\/\\\/aconteceunovale.com.br\\\/portal\\\/wp-content\\\/uploads\\\/2014\\\/07\\\/papa_francisco_recebe_vitimas_pedofilia.jpg\",\"width\":654,\"height\":450},{\"@type\":\"BreadcrumbList\",\"@id\":\"https:\\\/\\\/aconteceunovale.com.br\\\/portal\\\/?p=43747#breadcrumb\",\"itemListElement\":[{\"@type\":\"ListItem\",\"position\":1,\"name\":\"In\u00edcio\",\"item\":\"https:\\\/\\\/aconteceunovale.com.br\\\/portal\\\/\"},{\"@type\":\"ListItem\",\"position\":2,\"name\":\"Papa Francisco reconhece Teoria da Evolu\u00e7\u00e3o e do Big Bang\"}]},{\"@type\":\"WebSite\",\"@id\":\"https:\\\/\\\/aconteceunovale.com.br\\\/portal\\\/#website\",\"url\":\"https:\\\/\\\/aconteceunovale.com.br\\\/portal\\\/\",\"name\":\"Aconteceu no Vale\",\"description\":\"Portal de Not\u00edcias\",\"potentialAction\":[{\"@type\":\"SearchAction\",\"target\":{\"@type\":\"EntryPoint\",\"urlTemplate\":\"https:\\\/\\\/aconteceunovale.com.br\\\/portal\\\/?s={search_term_string}\"},\"query-input\":{\"@type\":\"PropertyValueSpecification\",\"valueRequired\":true,\"valueName\":\"search_term_string\"}}],\"inLanguage\":\"pt-BR\"},{\"@type\":\"Person\",\"@id\":\"https:\\\/\\\/aconteceunovale.com.br\\\/portal\\\/#\\\/schema\\\/person\\\/633529146f2c94272bef50ac2953d589\",\"name\":\"Aconteceu no Vale\",\"description\":\"Equipe de reportagem do Aconteceu no Vale, portal de not\u00edcias do Vale do Jequitinhonha, em Minas Gerais. Cobrimos as 51 cidades do Vale desde 2013. Sugest\u00f5es de pauta e pedidos de corre\u00e7\u00e3o: contato@aconteceunovale.com.br\",\"sameAs\":[\"http:\\\/\\\/www.aconteceunovale.com.br\"],\"url\":\"https:\\\/\\\/aconteceunovale.com.br\\\/portal\\\/?author=1\"}]}<\/script>\n<!-- \/ Yoast SEO plugin. -->","yoast_head_json":{"title":"Papa Francisco reconhece Teoria da Evolu\u00e7\u00e3o e do Big Bang - Aconteceu no Vale","robots":{"index":"index","follow":"follow","max-snippet":"max-snippet:-1","max-image-preview":"max-image-preview:large","max-video-preview":"max-video-preview:-1"},"canonical":"https:\/\/aconteceunovale.com.br\/portal\/?p=43747","og_locale":"pt_BR","og_type":"article","og_title":"Papa Francisco reconhece Teoria da Evolu\u00e7\u00e3o e do Big Bang - Aconteceu no Vale","og_description":"Francisco ainda criticou interpreta\u00e7\u00e3o errada do G\u00eanesis: &#8216;Deus n\u00e3o \u00e9 mago&#8217;. Declara\u00e7\u00f5es foram feitas \u00e0 Pontif\u00edcia Academia de Ci\u00eancias, no Vaticano. O Papa Francisco afirmou nesta segunda-feira (27), durante discurso na Pontif\u00edcia Academia de Ci\u00eancias, que a Teoria da Evolu\u00e7\u00e3o e o Big Bang s\u00e3o reais e criticou a interpreta\u00e7\u00e3o das pessoas que leem o [&hellip;]","og_url":"https:\/\/aconteceunovale.com.br\/portal\/?p=43747","og_site_name":"Aconteceu no Vale","article_publisher":"https:\/\/www.facebook.com\/aconteceunovale\/","article_published_time":"2014-10-29T14:29:36+00:00","article_modified_time":"2014-10-29T14:31:39+00:00","og_image":[{"width":654,"height":450,"url":"https:\/\/aconteceunovale.com.br\/portal\/wp-content\/uploads\/2014\/07\/papa_francisco_recebe_vitimas_pedofilia.jpg","type":"image\/jpeg"}],"author":"Aconteceu no Vale","twitter_card":"summary_large_image","twitter_creator":"@noticiadosvales","twitter_site":"@noticiadosvales","twitter_misc":{"Escrito por":"Aconteceu no Vale","Est. tempo de leitura":"2 minutos"},"schema":{"@context":"https:\/\/schema.org","@graph":[{"@type":"Article","@id":"https:\/\/aconteceunovale.com.br\/portal\/?p=43747#article","isPartOf":{"@id":"https:\/\/aconteceunovale.com.br\/portal\/?p=43747"},"author":{"name":"Aconteceu no Vale","@id":"https:\/\/aconteceunovale.com.br\/portal\/#\/schema\/person\/633529146f2c94272bef50ac2953d589"},"headline":"Papa Francisco reconhece Teoria da Evolu\u00e7\u00e3o e do Big Bang","datePublished":"2014-10-29T14:29:36+00:00","dateModified":"2014-10-29T14:31:39+00:00","mainEntityOfPage":{"@id":"https:\/\/aconteceunovale.com.br\/portal\/?p=43747"},"wordCount":403,"commentCount":1,"image":{"@id":"https:\/\/aconteceunovale.com.br\/portal\/?p=43747#primaryimage"},"thumbnailUrl":"https:\/\/aconteceunovale.com.br\/portal\/wp-content\/uploads\/2014\/07\/papa_francisco_recebe_vitimas_pedofilia.jpg","keywords":["Big Bang e Teoria da Evolu\u00e7\u00e3o n\u00e3o contradizem cristianismo","destaque","origem da vida","origem do ser humano","papa francisco","Papa Francisco reconhece Teoria da Evolu\u00e7\u00e3o e do Big Bang","papa reconhece origem do ser humano","Papa reconhece Teoria do Big Bang","Papa reconhece Teoria do Big Bang e da evolu\u00e7\u00e3o"],"articleSection":["Brasil"],"inLanguage":"pt-BR","potentialAction":[{"@type":"CommentAction","name":"Comment","target":["https:\/\/aconteceunovale.com.br\/portal\/?p=43747#respond"]}]},{"@type":"WebPage","@id":"https:\/\/aconteceunovale.com.br\/portal\/?p=43747","url":"https:\/\/aconteceunovale.com.br\/portal\/?p=43747","name":"Papa Francisco reconhece Teoria da Evolu\u00e7\u00e3o e do Big Bang - Aconteceu no Vale","isPartOf":{"@id":"https:\/\/aconteceunovale.com.br\/portal\/#website"},"primaryImageOfPage":{"@id":"https:\/\/aconteceunovale.com.br\/portal\/?p=43747#primaryimage"},"image":{"@id":"https:\/\/aconteceunovale.com.br\/portal\/?p=43747#primaryimage"},"thumbnailUrl":"https:\/\/aconteceunovale.com.br\/portal\/wp-content\/uploads\/2014\/07\/papa_francisco_recebe_vitimas_pedofilia.jpg","datePublished":"2014-10-29T14:29:36+00:00","dateModified":"2014-10-29T14:31:39+00:00","author":{"@id":"https:\/\/aconteceunovale.com.br\/portal\/#\/schema\/person\/633529146f2c94272bef50ac2953d589"},"breadcrumb":{"@id":"https:\/\/aconteceunovale.com.br\/portal\/?p=43747#breadcrumb"},"inLanguage":"pt-BR","potentialAction":[{"@type":"ReadAction","target":["https:\/\/aconteceunovale.com.br\/portal\/?p=43747"]}]},{"@type":"ImageObject","inLanguage":"pt-BR","@id":"https:\/\/aconteceunovale.com.br\/portal\/?p=43747#primaryimage","url":"https:\/\/aconteceunovale.com.br\/portal\/wp-content\/uploads\/2014\/07\/papa_francisco_recebe_vitimas_pedofilia.jpg","contentUrl":"https:\/\/aconteceunovale.com.br\/portal\/wp-content\/uploads\/2014\/07\/papa_francisco_recebe_vitimas_pedofilia.jpg","width":654,"height":450},{"@type":"BreadcrumbList","@id":"https:\/\/aconteceunovale.com.br\/portal\/?p=43747#breadcrumb","itemListElement":[{"@type":"ListItem","position":1,"name":"In\u00edcio","item":"https:\/\/aconteceunovale.com.br\/portal\/"},{"@type":"ListItem","position":2,"name":"Papa Francisco reconhece Teoria da Evolu\u00e7\u00e3o e do Big Bang"}]},{"@type":"WebSite","@id":"https:\/\/aconteceunovale.com.br\/portal\/#website","url":"https:\/\/aconteceunovale.com.br\/portal\/","name":"Aconteceu no Vale","description":"Portal de Not\u00edcias","potentialAction":[{"@type":"SearchAction","target":{"@type":"EntryPoint","urlTemplate":"https:\/\/aconteceunovale.com.br\/portal\/?s={search_term_string}"},"query-input":{"@type":"PropertyValueSpecification","valueRequired":true,"valueName":"search_term_string"}}],"inLanguage":"pt-BR"},{"@type":"Person","@id":"https:\/\/aconteceunovale.com.br\/portal\/#\/schema\/person\/633529146f2c94272bef50ac2953d589","name":"Aconteceu no Vale","description":"Equipe de reportagem do Aconteceu no Vale, portal de not\u00edcias do Vale do Jequitinhonha, em Minas Gerais. Cobrimos as 51 cidades do Vale desde 2013. Sugest\u00f5es de pauta e pedidos de corre\u00e7\u00e3o: contato@aconteceunovale.com.br","sameAs":["http:\/\/www.aconteceunovale.com.br"],"url":"https:\/\/aconteceunovale.com.br\/portal\/?author=1"}]}},"_links":{"self":[{"href":"https:\/\/aconteceunovale.com.br\/portal\/index.php?rest_route=\/wp\/v2\/posts\/43747","targetHints":{"allow":["GET"]}}],"collection":[{"href":"https:\/\/aconteceunovale.com.br\/portal\/index.php?rest_route=\/wp\/v2\/posts"}],"about":[{"href":"https:\/\/aconteceunovale.com.br\/portal\/index.php?rest_route=\/wp\/v2\/types\/post"}],"author":[{"embeddable":true,"href":"https:\/\/aconteceunovale.com.br\/portal\/index.php?rest_route=\/wp\/v2\/users\/1"}],"replies":[{"embeddable":true,"href":"https:\/\/aconteceunovale.com.br\/portal\/index.php?rest_route=%2Fwp%2Fv2%2Fcomments&post=43747"}],"version-history":[{"count":0,"href":"https:\/\/aconteceunovale.com.br\/portal\/index.php?rest_route=\/wp\/v2\/posts\/43747\/revisions"}],"wp:featuredmedia":[{"embeddable":true,"href":"https:\/\/aconteceunovale.com.br\/portal\/index.php?rest_route=\/wp\/v2\/media\/34107"}],"wp:attachment":[{"href":"https:\/\/aconteceunovale.com.br\/portal\/index.php?rest_route=%2Fwp%2Fv2%2Fmedia&parent=43747"}],"wp:term":[{"taxonomy":"category","embeddable":true,"href":"https:\/\/aconteceunovale.com.br\/portal\/index.php?rest_route=%2Fwp%2Fv2%2Fcategories&post=43747"},{"taxonomy":"post_tag","embeddable":true,"href":"https:\/\/aconteceunovale.com.br\/portal\/index.php?rest_route=%2Fwp%2Fv2%2Ftags&post=43747"}],"curies":[{"name":"wp","href":"https:\/\/api.w.org\/{rel}","templated":true}]}}