{"id":43744,"date":"2014-10-29T11:21:20","date_gmt":"2014-10-29T14:21:20","guid":{"rendered":"http:\/\/aconteceunovale.com.br\/portal\/?p=43744"},"modified":"2014-10-29T11:21:20","modified_gmt":"2014-10-29T14:21:20","slug":"bananas-produzidas-no-projeto-jaiba-vao-ser-exportadas-para-a-europa","status":"publish","type":"post","link":"https:\/\/aconteceunovale.com.br\/portal\/?p=43744","title":{"rendered":"Bananas produzidas no Projeto Ja\u00edba v\u00e3o ser exportadas para a Europa"},"content":{"rendered":"<h4><strong><em>Foram dois anos de pesquisa e busca de certifica\u00e7\u00f5es para preparar a fruta que sair\u00e1 do Ja\u00edba<\/em><\/strong><\/h4>\n<div id=\"fb-root\"><\/div>\n<p>\t\t\t\t<script>(function(d, s, id) {\n\t\t\t\t  var js, fjs = d.getElementsByTagName(s)[0];\n\t\t\t\t  if (d.getElementById(id)) return;\n\t\t\t\t  js = d.createElement(s); js.id = id;\n\t\t\t\t  js.src = \"\/\/connect.facebook.net\/pt_BR\/sdk.js#xfbml=1&appId=691575364226355&version=v2.0\";\n\t\t\t\t  fjs.parentNode.insertBefore(js, fjs);\n\t\t\t\t}(document, 'script', 'facebook-jssdk'));<\/script><\/p>\n<div class=\"fb-like\" data-href=\"https:\/\/www.facebook.com\/aconteceunovale\" data-layout=\"button_count\" data-action=\"like\" data-show-faces=\"true\" data-share=\"true\"><\/div>\n<p><\/br><\/p>\n<p>Yes, n\u00f3s temos bananas, mas exportamos somente cerca de 1%. Segundo dados do Minist\u00e9rio do Desenvolvimento, Ind\u00fastria e Com\u00e9rcio Exterior (MDIC), de janeiro a setembro foram exportadas 66,5 mil toneladas, dentro de um universo de produ\u00e7\u00e3o de aproximadamente 5,4 milh\u00f5es de toneladas no mesmo per\u00edodo, segundo dados do Instituto Brasileiro de Geografia e Estat\u00edstica (IBGE).<\/p>\n<p><img decoding=\"async\" src=\"http:\/\/aconteceunovale.com.br\/portal\/wp-content\/uploads\/2014\/10\/banana_do_jaiba.jpg\" alt=\"\" \/><em>Embarque de banana, feito experimentalmente no in\u00edcio desse m\u00eas, \u00e9 o primeiro do produto da regi\u00e3o Norte de Minas Gerais, que promete exportar ainda mais &#8211; Foto: Lincon Zarbietti\/O Tempo<\/em><br \/>\n<\/br><\/p>\n<p>A partir do dia 3 de novembro, esse cen\u00e1rio pode mudar. Nesta data, vai chegar a Portugal o primeiro cont\u00eainer de banana-prata de Minas Gerais, direto do Ja\u00edba, Norte de Minas. Embora se saiba que alguns Estados j\u00e1 tentaram vender essa modalidade, n\u00e3o h\u00e1 registros oficiais da exporta\u00e7\u00e3o desse tipo de banana no Brasil.<\/p>\n<p>O embarque, feito no dia 15 de outubro, faz parte de um projeto desenvolvido pela Federa\u00e7\u00e3o da Agricultura e Pecu\u00e1ria do Estado de Minas Gerais (Faemg) com apoio do Sebrae-MG. O objetivo \u00e9 abrir as portas para a exporta\u00e7\u00e3o da fruta mineira.<\/p>\n<p>O analista ambiental do Instituto Ant\u00f4nio Ernesto de Salvo (Inaes\/Faemg), Pierre Vilela, explica que as pesquisas come\u00e7aram h\u00e1 dois anos para encontrar o ponto de colheita e a t\u00e9cnica ideal de resfriamento, para que a fruta chegasse em boas condi\u00e7\u00f5es de consumo na Europa. \u201cN\u00e3o exportamos banana-prata no momento. Temos not\u00edcias de algumas tentativas no Cear\u00e1, mas ainda n\u00e3o h\u00e1 escala\u201d, afirma.<\/p>\n<p>Segundo Vilela, o primeiro embarque mineiro tamb\u00e9m est\u00e1 no campo da tentativa. \u201cPrecisamos saber se o paladar do consumidor europeu vai ser compat\u00edvel com uma fruta considerada ex\u00f3tica. Ou seja, primeiro respondemos \u00e0s d\u00favidas t\u00e9cnicas, desenvolvendo o resfriamento para conservar a fruta por at\u00e9 25 dias no navio. A viabilidade econ\u00f4mica, a precifica\u00e7\u00e3o ser\u00e3o outras etapas.\u201d<\/p>\n<p>O cont\u00eainer, com 5,7 toneladas de banana-prata, saiu do Ja\u00edba e foi para a Europa pelo porto de Salvador, na Bahia. \u201cA regi\u00e3o j\u00e1 \u00e9 conhecida por exportar manga e lim\u00e3o. Agora, abre-se o leque para os compradores que tamb\u00e9m ter\u00e3o a op\u00e7\u00e3o de comprar banana\u201d, considera o analista da unidade de agroneg\u00f3cio do Sebrae, Cl\u00e1udio Wagner.<\/p>\n<p><strong><em>(O Tempo)<\/em><\/strong><\/p>\n","protected":false},"excerpt":{"rendered":"<p>Foram dois anos de pesquisa e busca de certifica\u00e7\u00f5es para preparar a fruta que sair\u00e1 do Ja\u00edba Yes, n\u00f3s temos bananas, mas exportamos somente cerca de 1%. Segundo dados do Minist\u00e9rio do Desenvolvimento, Ind\u00fastria e Com\u00e9rcio Exterior (MDIC), de janeiro a setembro foram exportadas 66,5 mil toneladas, dentro de um universo de produ\u00e7\u00e3o de aproximadamente [&hellip;]<\/p>\n","protected":false},"author":1,"featured_media":43745,"comment_status":"open","ping_status":"closed","sticky":false,"template":"","format":"standard","meta":{"amp_status":"","footnotes":""},"categories":[123],"tags":[20956,1018,1058,3106],"class_list":["post-43744","post","type-post","status-publish","format-standard","has-post-thumbnail","hentry","category-gerais","tag-bananas-produzidas-no-projeto-jaiba-vao-ser-exportadas-para-a-europa","tag-destaque","tag-jaiba","tag-projeto-jaiba"],"yoast_head":"<!-- This site is optimized with the Yoast SEO plugin v28.3 - https:\/\/yoast.com\/product\/yoast-seo-wordpress\/ -->\n<title>Bananas produzidas no Projeto Ja\u00edba v\u00e3o ser exportadas para a Europa - Aconteceu no Vale<\/title>\n<meta name=\"robots\" content=\"index, follow, max-snippet:-1, max-image-preview:large, max-video-preview:-1\" \/>\n<link rel=\"canonical\" href=\"https:\/\/aconteceunovale.com.br\/portal\/?p=43744\" \/>\n<meta property=\"og:locale\" content=\"pt_BR\" \/>\n<meta property=\"og:type\" content=\"article\" \/>\n<meta property=\"og:title\" content=\"Bananas produzidas no Projeto Ja\u00edba v\u00e3o ser exportadas para a Europa - Aconteceu no Vale\" \/>\n<meta property=\"og:description\" content=\"Foram dois anos de pesquisa e busca de certifica\u00e7\u00f5es para preparar a fruta que sair\u00e1 do Ja\u00edba Yes, n\u00f3s temos bananas, mas exportamos somente cerca de 1%. Segundo dados do Minist\u00e9rio do Desenvolvimento, Ind\u00fastria e Com\u00e9rcio Exterior (MDIC), de janeiro a setembro foram exportadas 66,5 mil toneladas, dentro de um universo de produ\u00e7\u00e3o de aproximadamente [&hellip;]\" \/>\n<meta property=\"og:url\" content=\"https:\/\/aconteceunovale.com.br\/portal\/?p=43744\" \/>\n<meta property=\"og:site_name\" content=\"Aconteceu no Vale\" \/>\n<meta property=\"article:publisher\" content=\"https:\/\/www.facebook.com\/aconteceunovale\/\" \/>\n<meta property=\"article:published_time\" content=\"2014-10-29T14:21:20+00:00\" \/>\n<meta property=\"og:image\" content=\"https:\/\/aconteceunovale.com.br\/portal\/wp-content\/uploads\/2014\/10\/banana_do_jaiba.jpg\" \/>\n\t<meta property=\"og:image:width\" content=\"620\" \/>\n\t<meta property=\"og:image:height\" content=\"413\" \/>\n\t<meta property=\"og:image:type\" content=\"image\/jpeg\" \/>\n<meta name=\"author\" content=\"Aconteceu no Vale\" \/>\n<meta name=\"twitter:card\" content=\"summary_large_image\" \/>\n<meta name=\"twitter:creator\" content=\"@noticiadosvales\" \/>\n<meta name=\"twitter:site\" content=\"@noticiadosvales\" \/>\n<meta name=\"twitter:label1\" content=\"Escrito por\" \/>\n\t<meta name=\"twitter:data1\" content=\"Aconteceu no Vale\" \/>\n\t<meta name=\"twitter:label2\" content=\"Est. tempo de leitura\" \/>\n\t<meta name=\"twitter:data2\" content=\"2 minutos\" \/>\n<script type=\"application\/ld+json\" class=\"yoast-schema-graph\">{\"@context\":\"https:\\\/\\\/schema.org\",\"@graph\":[{\"@type\":\"Article\",\"@id\":\"https:\\\/\\\/aconteceunovale.com.br\\\/portal\\\/?p=43744#article\",\"isPartOf\":{\"@id\":\"https:\\\/\\\/aconteceunovale.com.br\\\/portal\\\/?p=43744\"},\"author\":{\"name\":\"Aconteceu no Vale\",\"@id\":\"https:\\\/\\\/aconteceunovale.com.br\\\/portal\\\/#\\\/schema\\\/person\\\/633529146f2c94272bef50ac2953d589\"},\"headline\":\"Bananas produzidas no Projeto Ja\u00edba v\u00e3o ser exportadas para a Europa\",\"datePublished\":\"2014-10-29T14:21:20+00:00\",\"mainEntityOfPage\":{\"@id\":\"https:\\\/\\\/aconteceunovale.com.br\\\/portal\\\/?p=43744\"},\"wordCount\":425,\"commentCount\":0,\"image\":{\"@id\":\"https:\\\/\\\/aconteceunovale.com.br\\\/portal\\\/?p=43744#primaryimage\"},\"thumbnailUrl\":\"https:\\\/\\\/aconteceunovale.com.br\\\/portal\\\/wp-content\\\/uploads\\\/2014\\\/10\\\/banana_do_jaiba.jpg\",\"keywords\":[\"Bananas produzidas no Projeto Ja\u00edba v\u00e3o ser exportadas para a Europa\",\"destaque\",\"ja\u00edba\",\"projeto Ja\u00edba\"],\"articleSection\":[\"Minas Gerais\"],\"inLanguage\":\"pt-BR\",\"potentialAction\":[{\"@type\":\"CommentAction\",\"name\":\"Comment\",\"target\":[\"https:\\\/\\\/aconteceunovale.com.br\\\/portal\\\/?p=43744#respond\"]}]},{\"@type\":\"WebPage\",\"@id\":\"https:\\\/\\\/aconteceunovale.com.br\\\/portal\\\/?p=43744\",\"url\":\"https:\\\/\\\/aconteceunovale.com.br\\\/portal\\\/?p=43744\",\"name\":\"Bananas produzidas no Projeto Ja\u00edba v\u00e3o ser exportadas para a Europa - Aconteceu no Vale\",\"isPartOf\":{\"@id\":\"https:\\\/\\\/aconteceunovale.com.br\\\/portal\\\/#website\"},\"primaryImageOfPage\":{\"@id\":\"https:\\\/\\\/aconteceunovale.com.br\\\/portal\\\/?p=43744#primaryimage\"},\"image\":{\"@id\":\"https:\\\/\\\/aconteceunovale.com.br\\\/portal\\\/?p=43744#primaryimage\"},\"thumbnailUrl\":\"https:\\\/\\\/aconteceunovale.com.br\\\/portal\\\/wp-content\\\/uploads\\\/2014\\\/10\\\/banana_do_jaiba.jpg\",\"datePublished\":\"2014-10-29T14:21:20+00:00\",\"author\":{\"@id\":\"https:\\\/\\\/aconteceunovale.com.br\\\/portal\\\/#\\\/schema\\\/person\\\/633529146f2c94272bef50ac2953d589\"},\"breadcrumb\":{\"@id\":\"https:\\\/\\\/aconteceunovale.com.br\\\/portal\\\/?p=43744#breadcrumb\"},\"inLanguage\":\"pt-BR\",\"potentialAction\":[{\"@type\":\"ReadAction\",\"target\":[\"https:\\\/\\\/aconteceunovale.com.br\\\/portal\\\/?p=43744\"]}]},{\"@type\":\"ImageObject\",\"inLanguage\":\"pt-BR\",\"@id\":\"https:\\\/\\\/aconteceunovale.com.br\\\/portal\\\/?p=43744#primaryimage\",\"url\":\"https:\\\/\\\/aconteceunovale.com.br\\\/portal\\\/wp-content\\\/uploads\\\/2014\\\/10\\\/banana_do_jaiba.jpg\",\"contentUrl\":\"https:\\\/\\\/aconteceunovale.com.br\\\/portal\\\/wp-content\\\/uploads\\\/2014\\\/10\\\/banana_do_jaiba.jpg\",\"width\":620,\"height\":413},{\"@type\":\"BreadcrumbList\",\"@id\":\"https:\\\/\\\/aconteceunovale.com.br\\\/portal\\\/?p=43744#breadcrumb\",\"itemListElement\":[{\"@type\":\"ListItem\",\"position\":1,\"name\":\"In\u00edcio\",\"item\":\"https:\\\/\\\/aconteceunovale.com.br\\\/portal\\\/\"},{\"@type\":\"ListItem\",\"position\":2,\"name\":\"Bananas produzidas no Projeto Ja\u00edba v\u00e3o ser exportadas para a Europa\"}]},{\"@type\":\"WebSite\",\"@id\":\"https:\\\/\\\/aconteceunovale.com.br\\\/portal\\\/#website\",\"url\":\"https:\\\/\\\/aconteceunovale.com.br\\\/portal\\\/\",\"name\":\"Aconteceu no Vale\",\"description\":\"Portal de Not\u00edcias\",\"potentialAction\":[{\"@type\":\"SearchAction\",\"target\":{\"@type\":\"EntryPoint\",\"urlTemplate\":\"https:\\\/\\\/aconteceunovale.com.br\\\/portal\\\/?s={search_term_string}\"},\"query-input\":{\"@type\":\"PropertyValueSpecification\",\"valueRequired\":true,\"valueName\":\"search_term_string\"}}],\"inLanguage\":\"pt-BR\"},{\"@type\":\"Person\",\"@id\":\"https:\\\/\\\/aconteceunovale.com.br\\\/portal\\\/#\\\/schema\\\/person\\\/633529146f2c94272bef50ac2953d589\",\"name\":\"Aconteceu no Vale\",\"description\":\"Equipe de reportagem do Aconteceu no Vale, portal de not\u00edcias do Vale do Jequitinhonha, em Minas Gerais. Cobrimos as 51 cidades do Vale desde 2013. Sugest\u00f5es de pauta e pedidos de corre\u00e7\u00e3o: contato@aconteceunovale.com.br\",\"sameAs\":[\"http:\\\/\\\/www.aconteceunovale.com.br\"],\"url\":\"https:\\\/\\\/aconteceunovale.com.br\\\/portal\\\/?author=1\"}]}<\/script>\n<!-- \/ Yoast SEO plugin. -->","yoast_head_json":{"title":"Bananas produzidas no Projeto Ja\u00edba v\u00e3o ser exportadas para a Europa - Aconteceu no Vale","robots":{"index":"index","follow":"follow","max-snippet":"max-snippet:-1","max-image-preview":"max-image-preview:large","max-video-preview":"max-video-preview:-1"},"canonical":"https:\/\/aconteceunovale.com.br\/portal\/?p=43744","og_locale":"pt_BR","og_type":"article","og_title":"Bananas produzidas no Projeto Ja\u00edba v\u00e3o ser exportadas para a Europa - Aconteceu no Vale","og_description":"Foram dois anos de pesquisa e busca de certifica\u00e7\u00f5es para preparar a fruta que sair\u00e1 do Ja\u00edba Yes, n\u00f3s temos bananas, mas exportamos somente cerca de 1%. Segundo dados do Minist\u00e9rio do Desenvolvimento, Ind\u00fastria e Com\u00e9rcio Exterior (MDIC), de janeiro a setembro foram exportadas 66,5 mil toneladas, dentro de um universo de produ\u00e7\u00e3o de aproximadamente [&hellip;]","og_url":"https:\/\/aconteceunovale.com.br\/portal\/?p=43744","og_site_name":"Aconteceu no Vale","article_publisher":"https:\/\/www.facebook.com\/aconteceunovale\/","article_published_time":"2014-10-29T14:21:20+00:00","og_image":[{"width":620,"height":413,"url":"https:\/\/aconteceunovale.com.br\/portal\/wp-content\/uploads\/2014\/10\/banana_do_jaiba.jpg","type":"image\/jpeg"}],"author":"Aconteceu no Vale","twitter_card":"summary_large_image","twitter_creator":"@noticiadosvales","twitter_site":"@noticiadosvales","twitter_misc":{"Escrito por":"Aconteceu no Vale","Est. tempo de leitura":"2 minutos"},"schema":{"@context":"https:\/\/schema.org","@graph":[{"@type":"Article","@id":"https:\/\/aconteceunovale.com.br\/portal\/?p=43744#article","isPartOf":{"@id":"https:\/\/aconteceunovale.com.br\/portal\/?p=43744"},"author":{"name":"Aconteceu no Vale","@id":"https:\/\/aconteceunovale.com.br\/portal\/#\/schema\/person\/633529146f2c94272bef50ac2953d589"},"headline":"Bananas produzidas no Projeto Ja\u00edba v\u00e3o ser exportadas para a Europa","datePublished":"2014-10-29T14:21:20+00:00","mainEntityOfPage":{"@id":"https:\/\/aconteceunovale.com.br\/portal\/?p=43744"},"wordCount":425,"commentCount":0,"image":{"@id":"https:\/\/aconteceunovale.com.br\/portal\/?p=43744#primaryimage"},"thumbnailUrl":"https:\/\/aconteceunovale.com.br\/portal\/wp-content\/uploads\/2014\/10\/banana_do_jaiba.jpg","keywords":["Bananas produzidas no Projeto Ja\u00edba v\u00e3o ser exportadas para a Europa","destaque","ja\u00edba","projeto Ja\u00edba"],"articleSection":["Minas Gerais"],"inLanguage":"pt-BR","potentialAction":[{"@type":"CommentAction","name":"Comment","target":["https:\/\/aconteceunovale.com.br\/portal\/?p=43744#respond"]}]},{"@type":"WebPage","@id":"https:\/\/aconteceunovale.com.br\/portal\/?p=43744","url":"https:\/\/aconteceunovale.com.br\/portal\/?p=43744","name":"Bananas produzidas no Projeto Ja\u00edba v\u00e3o ser exportadas para a Europa - Aconteceu no Vale","isPartOf":{"@id":"https:\/\/aconteceunovale.com.br\/portal\/#website"},"primaryImageOfPage":{"@id":"https:\/\/aconteceunovale.com.br\/portal\/?p=43744#primaryimage"},"image":{"@id":"https:\/\/aconteceunovale.com.br\/portal\/?p=43744#primaryimage"},"thumbnailUrl":"https:\/\/aconteceunovale.com.br\/portal\/wp-content\/uploads\/2014\/10\/banana_do_jaiba.jpg","datePublished":"2014-10-29T14:21:20+00:00","author":{"@id":"https:\/\/aconteceunovale.com.br\/portal\/#\/schema\/person\/633529146f2c94272bef50ac2953d589"},"breadcrumb":{"@id":"https:\/\/aconteceunovale.com.br\/portal\/?p=43744#breadcrumb"},"inLanguage":"pt-BR","potentialAction":[{"@type":"ReadAction","target":["https:\/\/aconteceunovale.com.br\/portal\/?p=43744"]}]},{"@type":"ImageObject","inLanguage":"pt-BR","@id":"https:\/\/aconteceunovale.com.br\/portal\/?p=43744#primaryimage","url":"https:\/\/aconteceunovale.com.br\/portal\/wp-content\/uploads\/2014\/10\/banana_do_jaiba.jpg","contentUrl":"https:\/\/aconteceunovale.com.br\/portal\/wp-content\/uploads\/2014\/10\/banana_do_jaiba.jpg","width":620,"height":413},{"@type":"BreadcrumbList","@id":"https:\/\/aconteceunovale.com.br\/portal\/?p=43744#breadcrumb","itemListElement":[{"@type":"ListItem","position":1,"name":"In\u00edcio","item":"https:\/\/aconteceunovale.com.br\/portal\/"},{"@type":"ListItem","position":2,"name":"Bananas produzidas no Projeto Ja\u00edba v\u00e3o ser exportadas para a Europa"}]},{"@type":"WebSite","@id":"https:\/\/aconteceunovale.com.br\/portal\/#website","url":"https:\/\/aconteceunovale.com.br\/portal\/","name":"Aconteceu no Vale","description":"Portal de Not\u00edcias","potentialAction":[{"@type":"SearchAction","target":{"@type":"EntryPoint","urlTemplate":"https:\/\/aconteceunovale.com.br\/portal\/?s={search_term_string}"},"query-input":{"@type":"PropertyValueSpecification","valueRequired":true,"valueName":"search_term_string"}}],"inLanguage":"pt-BR"},{"@type":"Person","@id":"https:\/\/aconteceunovale.com.br\/portal\/#\/schema\/person\/633529146f2c94272bef50ac2953d589","name":"Aconteceu no Vale","description":"Equipe de reportagem do Aconteceu no Vale, portal de not\u00edcias do Vale do Jequitinhonha, em Minas Gerais. Cobrimos as 51 cidades do Vale desde 2013. Sugest\u00f5es de pauta e pedidos de corre\u00e7\u00e3o: contato@aconteceunovale.com.br","sameAs":["http:\/\/www.aconteceunovale.com.br"],"url":"https:\/\/aconteceunovale.com.br\/portal\/?author=1"}]}},"_links":{"self":[{"href":"https:\/\/aconteceunovale.com.br\/portal\/index.php?rest_route=\/wp\/v2\/posts\/43744","targetHints":{"allow":["GET"]}}],"collection":[{"href":"https:\/\/aconteceunovale.com.br\/portal\/index.php?rest_route=\/wp\/v2\/posts"}],"about":[{"href":"https:\/\/aconteceunovale.com.br\/portal\/index.php?rest_route=\/wp\/v2\/types\/post"}],"author":[{"embeddable":true,"href":"https:\/\/aconteceunovale.com.br\/portal\/index.php?rest_route=\/wp\/v2\/users\/1"}],"replies":[{"embeddable":true,"href":"https:\/\/aconteceunovale.com.br\/portal\/index.php?rest_route=%2Fwp%2Fv2%2Fcomments&post=43744"}],"version-history":[{"count":0,"href":"https:\/\/aconteceunovale.com.br\/portal\/index.php?rest_route=\/wp\/v2\/posts\/43744\/revisions"}],"wp:featuredmedia":[{"embeddable":true,"href":"https:\/\/aconteceunovale.com.br\/portal\/index.php?rest_route=\/wp\/v2\/media\/43745"}],"wp:attachment":[{"href":"https:\/\/aconteceunovale.com.br\/portal\/index.php?rest_route=%2Fwp%2Fv2%2Fmedia&parent=43744"}],"wp:term":[{"taxonomy":"category","embeddable":true,"href":"https:\/\/aconteceunovale.com.br\/portal\/index.php?rest_route=%2Fwp%2Fv2%2Fcategories&post=43744"},{"taxonomy":"post_tag","embeddable":true,"href":"https:\/\/aconteceunovale.com.br\/portal\/index.php?rest_route=%2Fwp%2Fv2%2Ftags&post=43744"}],"curies":[{"name":"wp","href":"https:\/\/api.w.org\/{rel}","templated":true}]}}