{"id":43742,"date":"2014-10-29T11:14:05","date_gmt":"2014-10-29T14:14:05","guid":{"rendered":"http:\/\/aconteceunovale.com.br\/portal\/?p=43742"},"modified":"2014-10-29T11:14:05","modified_gmt":"2014-10-29T14:14:05","slug":"bovinos-com-ate-24-meses-de-idade-devem-ser-vacinados-contra-aftosa-em-novembro","status":"publish","type":"post","link":"https:\/\/aconteceunovale.com.br\/portal\/?p=43742","title":{"rendered":"Bovinos com at\u00e9 24 meses de idade devem ser vacinados contra aftosa em novembro"},"content":{"rendered":"<p><em><\/p>\n<h4><strong>A principal novidade nesta etapa de vacina\u00e7\u00e3o no Estado \u00e9 que os pecuaristas poder\u00e3o fazer a sua declara\u00e7\u00e3o pela internet<\/strong><\/h4>\n<p><\/em><\/p>\n<div id=\"fb-root\"><\/div>\n<p>\t\t\t\t<script>(function(d, s, id) {\n\t\t\t\t  var js, fjs = d.getElementsByTagName(s)[0];\n\t\t\t\t  if (d.getElementById(id)) return;\n\t\t\t\t  js = d.createElement(s); js.id = id;\n\t\t\t\t  js.src = \"\/\/connect.facebook.net\/pt_BR\/sdk.js#xfbml=1&appId=691575364226355&version=v2.0\";\n\t\t\t\t  fjs.parentNode.insertBefore(js, fjs);\n\t\t\t\t}(document, 'script', 'facebook-jssdk'));<\/script><\/p>\n<div class=\"fb-like\" data-href=\"https:\/\/www.facebook.com\/aconteceunovale\" data-layout=\"button_count\" data-action=\"like\" data-show-faces=\"true\" data-share=\"true\"><\/div>\n<p><\/br><\/p>\n<p>Pecuaristas de todas as regi\u00f5es de Minas Gerais j\u00e1 est\u00e3o se preparando para a vacina\u00e7\u00e3o contra a febre aftosa no m\u00eas de novembro. No Estado, esta segunda etapa da Campanha Nacional de Vacina\u00e7\u00e3o Contra a Febre Aftosa ser\u00e1 realizada no per\u00edodo de 1\u00ba a 30 de novembro, com os pecuaristas vacinando somente animais com at\u00e9 24 meses de idade.<\/p>\n<p>A expectativa \u00e9 a de que os mais de 376 mil pecuaristas mineiros vacinem em torno de 10,5 milh\u00f5es de bovinos e bubalinos em um rebanho total de 24,5 milh\u00f5es de animais. A vacina\u00e7\u00e3o contra a febre aftosa \u00e9 de grande import\u00e2ncia para a prote\u00e7\u00e3o do rebanho mineiro e brasileiro e \u00e9 efetuada em grande parte da Am\u00e9rica do Sul, como uma das principais estrat\u00e9gias dos programas nacionais de erradica\u00e7\u00e3o. As experi\u00eancias dispon\u00edveis na regi\u00e3o demonstram que a manuten\u00e7\u00e3o de um adequado n\u00edvel de imunidade populacional na esp\u00e9cie bovina tem contribu\u00eddo para a erradica\u00e7\u00e3o da doen\u00e7a em pa\u00edses sul americanos.<\/p>\n<p>Para o diretor-geral do <a href=\"http:\/\/www.ima.mg.gov.br\" target=\"_blank\">Instituto Mineiro de Agropecu\u00e1ria (IMA)<\/a>, Altino Rodrigues Neto, Minas, assim como outros estados do Brasil, est\u00e1 empenhado em transformar todo o seu territ\u00f3rio em \u00e1rea livre da doen\u00e7a sem vacina\u00e7\u00e3o. Para alcan\u00e7ar este objetivo, estamos convocando todos os pecuaristas, sindicatos rurais, cooperativas e outros segmentos do agroneg\u00f3cio para que nos ajudem nesta empreitada.<\/p>\n<h4>Novidade<\/h4>\n<p>A principal novidade nesta etapa de vacina\u00e7\u00e3o em Minas Gerais \u00e9 que os pecuaristas poder\u00e3o fazer a sua declara\u00e7\u00e3o pela internet. Neste ano, o IMA criou uma plataforma online que vai facilitar a vida do \u00f3rg\u00e3o, revendedores e produtores rurais que ir\u00e3o comprovar a venda e declarar a imuniza\u00e7\u00e3o do seu animal diretamente no site do instituto (<a href=\"http:\/\/www.ima.mg.gov.br\" target=\"_blank\">www.ima.mg.gov.br<\/a>).<\/p>\n<p>Normalmente, o pecuarista faz a declara\u00e7\u00e3o presencialmente nos escrit\u00f3rios regionais do IMA. Eles v\u00e3o at\u00e9 a unidade e apresentam os documentos necess\u00e1rios, como notas fiscais da compra da vacina que s\u00e3o adquiridas atrav\u00e9s das redes credenciadas. Com a nova plataforma, os pecuaristas poder\u00e3o fazer a declara\u00e7\u00e3o eletr\u00f4nica, informando os dados via web. O IMA disponibilizar\u00e1 em seu site uma cartilha com o passo a passo que o pecuarista deve seguir. As revendedoras disponibilizar\u00e3o os dados da venda, com a nota fiscal eletr\u00f4nica, que ser\u00e3o acessados e confirmados pelo pecuarista para a declara\u00e7\u00e3o eletr\u00f4nica.<\/p>\n<p>Para o diretor-geral do IMA, este novo sistema, que ainda n\u00e3o \u00e9 obrigat\u00f3rio, trar\u00e1 mais agilidade e comodidade ao produtor e mais transpar\u00eancia ao processo, facilitando enormemente o trabalho do instituto. \u201cCaso o pecuarista prefira, poder\u00e1 continuar informando os dados presencialmente\u201d.<\/p>\n<p><em>(Ag\u00eancia Minas)<\/em><\/p>\n","protected":false},"excerpt":{"rendered":"<p>A principal novidade nesta etapa de vacina\u00e7\u00e3o no Estado \u00e9 que os pecuaristas poder\u00e3o fazer a sua declara\u00e7\u00e3o pela internet Pecuaristas de todas as regi\u00f5es de Minas Gerais j\u00e1 est\u00e3o se preparando para a vacina\u00e7\u00e3o contra a febre aftosa no m\u00eas de novembro. No Estado, esta segunda etapa da Campanha Nacional de Vacina\u00e7\u00e3o Contra a [&hellip;]<\/p>\n","protected":false},"author":1,"featured_media":12617,"comment_status":"open","ping_status":"closed","sticky":false,"template":"","format":"standard","meta":{"amp_status":"","footnotes":""},"categories":[123],"tags":[20951,20950,20955,20954,20953,20952],"class_list":["post-43742","post","type-post","status-publish","format-standard","has-post-thumbnail","hentry","category-gerais","tag-aftosa","tag-bovinos-com-ate-24-meses-de-idade-devem-ser-vacinados-contra-aftosa-em-novembro","tag-ima","tag-instituto-mineiro-de-agropecuaria","tag-vacina-contra-aftosa","tag-vacina-contra-febre-aftosa"],"yoast_head":"<!-- This site is optimized with the Yoast SEO plugin v28.3 - https:\/\/yoast.com\/product\/yoast-seo-wordpress\/ -->\n<title>Bovinos com at\u00e9 24 meses de idade devem ser vacinados contra aftosa em novembro - Aconteceu no Vale<\/title>\n<meta name=\"robots\" content=\"index, follow, max-snippet:-1, max-image-preview:large, max-video-preview:-1\" \/>\n<link rel=\"canonical\" href=\"https:\/\/aconteceunovale.com.br\/portal\/?p=43742\" \/>\n<meta property=\"og:locale\" content=\"pt_BR\" \/>\n<meta property=\"og:type\" content=\"article\" \/>\n<meta property=\"og:title\" content=\"Bovinos com at\u00e9 24 meses de idade devem ser vacinados contra aftosa em novembro - Aconteceu no Vale\" \/>\n<meta property=\"og:description\" content=\"A principal novidade nesta etapa de vacina\u00e7\u00e3o no Estado \u00e9 que os pecuaristas poder\u00e3o fazer a sua declara\u00e7\u00e3o pela internet Pecuaristas de todas as regi\u00f5es de Minas Gerais j\u00e1 est\u00e3o se preparando para a vacina\u00e7\u00e3o contra a febre aftosa no m\u00eas de novembro. No Estado, esta segunda etapa da Campanha Nacional de Vacina\u00e7\u00e3o Contra a [&hellip;]\" \/>\n<meta property=\"og:url\" content=\"https:\/\/aconteceunovale.com.br\/portal\/?p=43742\" \/>\n<meta property=\"og:site_name\" content=\"Aconteceu no Vale\" \/>\n<meta property=\"article:publisher\" content=\"https:\/\/www.facebook.com\/aconteceunovale\/\" \/>\n<meta property=\"article:published_time\" content=\"2014-10-29T14:14:05+00:00\" \/>\n<meta property=\"og:image\" content=\"https:\/\/aconteceunovale.com.br\/portal\/wp-content\/uploads\/2013\/10\/Febre-aftosa-01.jpg\" \/>\n\t<meta property=\"og:image:width\" content=\"600\" \/>\n\t<meta property=\"og:image:height\" content=\"400\" \/>\n\t<meta property=\"og:image:type\" content=\"image\/jpeg\" \/>\n<meta name=\"author\" content=\"Aconteceu no Vale\" \/>\n<meta name=\"twitter:card\" content=\"summary_large_image\" \/>\n<meta name=\"twitter:creator\" content=\"@noticiadosvales\" \/>\n<meta name=\"twitter:site\" content=\"@noticiadosvales\" \/>\n<meta name=\"twitter:label1\" content=\"Escrito por\" \/>\n\t<meta name=\"twitter:data1\" content=\"Aconteceu no Vale\" \/>\n\t<meta name=\"twitter:label2\" content=\"Est. tempo de leitura\" \/>\n\t<meta name=\"twitter:data2\" content=\"2 minutos\" \/>\n<script type=\"application\/ld+json\" class=\"yoast-schema-graph\">{\"@context\":\"https:\\\/\\\/schema.org\",\"@graph\":[{\"@type\":\"Article\",\"@id\":\"https:\\\/\\\/aconteceunovale.com.br\\\/portal\\\/?p=43742#article\",\"isPartOf\":{\"@id\":\"https:\\\/\\\/aconteceunovale.com.br\\\/portal\\\/?p=43742\"},\"author\":{\"name\":\"Aconteceu no Vale\",\"@id\":\"https:\\\/\\\/aconteceunovale.com.br\\\/portal\\\/#\\\/schema\\\/person\\\/633529146f2c94272bef50ac2953d589\"},\"headline\":\"Bovinos com at\u00e9 24 meses de idade devem ser vacinados contra aftosa em novembro\",\"datePublished\":\"2014-10-29T14:14:05+00:00\",\"mainEntityOfPage\":{\"@id\":\"https:\\\/\\\/aconteceunovale.com.br\\\/portal\\\/?p=43742\"},\"wordCount\":493,\"commentCount\":0,\"image\":{\"@id\":\"https:\\\/\\\/aconteceunovale.com.br\\\/portal\\\/?p=43742#primaryimage\"},\"thumbnailUrl\":\"https:\\\/\\\/aconteceunovale.com.br\\\/portal\\\/wp-content\\\/uploads\\\/2013\\\/10\\\/Febre-aftosa-01.jpg\",\"keywords\":[\"aftosa\",\"Bovinos com at\u00e9 24 meses de idade devem ser vacinados contra aftosa em novembro\",\"IMA\",\"Instituto Mineiro de Agropecu\u00e1ria\",\"vacina contra aftosa\",\"vacina contra febre aftosa\"],\"articleSection\":[\"Minas Gerais\"],\"inLanguage\":\"pt-BR\",\"potentialAction\":[{\"@type\":\"CommentAction\",\"name\":\"Comment\",\"target\":[\"https:\\\/\\\/aconteceunovale.com.br\\\/portal\\\/?p=43742#respond\"]}]},{\"@type\":\"WebPage\",\"@id\":\"https:\\\/\\\/aconteceunovale.com.br\\\/portal\\\/?p=43742\",\"url\":\"https:\\\/\\\/aconteceunovale.com.br\\\/portal\\\/?p=43742\",\"name\":\"Bovinos com at\u00e9 24 meses de idade devem ser vacinados contra aftosa em novembro - Aconteceu no Vale\",\"isPartOf\":{\"@id\":\"https:\\\/\\\/aconteceunovale.com.br\\\/portal\\\/#website\"},\"primaryImageOfPage\":{\"@id\":\"https:\\\/\\\/aconteceunovale.com.br\\\/portal\\\/?p=43742#primaryimage\"},\"image\":{\"@id\":\"https:\\\/\\\/aconteceunovale.com.br\\\/portal\\\/?p=43742#primaryimage\"},\"thumbnailUrl\":\"https:\\\/\\\/aconteceunovale.com.br\\\/portal\\\/wp-content\\\/uploads\\\/2013\\\/10\\\/Febre-aftosa-01.jpg\",\"datePublished\":\"2014-10-29T14:14:05+00:00\",\"author\":{\"@id\":\"https:\\\/\\\/aconteceunovale.com.br\\\/portal\\\/#\\\/schema\\\/person\\\/633529146f2c94272bef50ac2953d589\"},\"breadcrumb\":{\"@id\":\"https:\\\/\\\/aconteceunovale.com.br\\\/portal\\\/?p=43742#breadcrumb\"},\"inLanguage\":\"pt-BR\",\"potentialAction\":[{\"@type\":\"ReadAction\",\"target\":[\"https:\\\/\\\/aconteceunovale.com.br\\\/portal\\\/?p=43742\"]}]},{\"@type\":\"ImageObject\",\"inLanguage\":\"pt-BR\",\"@id\":\"https:\\\/\\\/aconteceunovale.com.br\\\/portal\\\/?p=43742#primaryimage\",\"url\":\"https:\\\/\\\/aconteceunovale.com.br\\\/portal\\\/wp-content\\\/uploads\\\/2013\\\/10\\\/Febre-aftosa-01.jpg\",\"contentUrl\":\"https:\\\/\\\/aconteceunovale.com.br\\\/portal\\\/wp-content\\\/uploads\\\/2013\\\/10\\\/Febre-aftosa-01.jpg\",\"width\":600,\"height\":400},{\"@type\":\"BreadcrumbList\",\"@id\":\"https:\\\/\\\/aconteceunovale.com.br\\\/portal\\\/?p=43742#breadcrumb\",\"itemListElement\":[{\"@type\":\"ListItem\",\"position\":1,\"name\":\"In\u00edcio\",\"item\":\"https:\\\/\\\/aconteceunovale.com.br\\\/portal\\\/\"},{\"@type\":\"ListItem\",\"position\":2,\"name\":\"Bovinos com at\u00e9 24 meses de idade devem ser vacinados contra aftosa em novembro\"}]},{\"@type\":\"WebSite\",\"@id\":\"https:\\\/\\\/aconteceunovale.com.br\\\/portal\\\/#website\",\"url\":\"https:\\\/\\\/aconteceunovale.com.br\\\/portal\\\/\",\"name\":\"Aconteceu no Vale\",\"description\":\"Portal de Not\u00edcias\",\"potentialAction\":[{\"@type\":\"SearchAction\",\"target\":{\"@type\":\"EntryPoint\",\"urlTemplate\":\"https:\\\/\\\/aconteceunovale.com.br\\\/portal\\\/?s={search_term_string}\"},\"query-input\":{\"@type\":\"PropertyValueSpecification\",\"valueRequired\":true,\"valueName\":\"search_term_string\"}}],\"inLanguage\":\"pt-BR\"},{\"@type\":\"Person\",\"@id\":\"https:\\\/\\\/aconteceunovale.com.br\\\/portal\\\/#\\\/schema\\\/person\\\/633529146f2c94272bef50ac2953d589\",\"name\":\"Aconteceu no Vale\",\"description\":\"Equipe de reportagem do Aconteceu no Vale, portal de not\u00edcias do Vale do Jequitinhonha, em Minas Gerais. Cobrimos as 51 cidades do Vale desde 2013. Sugest\u00f5es de pauta e pedidos de corre\u00e7\u00e3o: contato@aconteceunovale.com.br\",\"sameAs\":[\"http:\\\/\\\/www.aconteceunovale.com.br\"],\"url\":\"https:\\\/\\\/aconteceunovale.com.br\\\/portal\\\/?author=1\"}]}<\/script>\n<!-- \/ Yoast SEO plugin. -->","yoast_head_json":{"title":"Bovinos com at\u00e9 24 meses de idade devem ser vacinados contra aftosa em novembro - Aconteceu no Vale","robots":{"index":"index","follow":"follow","max-snippet":"max-snippet:-1","max-image-preview":"max-image-preview:large","max-video-preview":"max-video-preview:-1"},"canonical":"https:\/\/aconteceunovale.com.br\/portal\/?p=43742","og_locale":"pt_BR","og_type":"article","og_title":"Bovinos com at\u00e9 24 meses de idade devem ser vacinados contra aftosa em novembro - Aconteceu no Vale","og_description":"A principal novidade nesta etapa de vacina\u00e7\u00e3o no Estado \u00e9 que os pecuaristas poder\u00e3o fazer a sua declara\u00e7\u00e3o pela internet Pecuaristas de todas as regi\u00f5es de Minas Gerais j\u00e1 est\u00e3o se preparando para a vacina\u00e7\u00e3o contra a febre aftosa no m\u00eas de novembro. No Estado, esta segunda etapa da Campanha Nacional de Vacina\u00e7\u00e3o Contra a [&hellip;]","og_url":"https:\/\/aconteceunovale.com.br\/portal\/?p=43742","og_site_name":"Aconteceu no Vale","article_publisher":"https:\/\/www.facebook.com\/aconteceunovale\/","article_published_time":"2014-10-29T14:14:05+00:00","og_image":[{"width":600,"height":400,"url":"https:\/\/aconteceunovale.com.br\/portal\/wp-content\/uploads\/2013\/10\/Febre-aftosa-01.jpg","type":"image\/jpeg"}],"author":"Aconteceu no Vale","twitter_card":"summary_large_image","twitter_creator":"@noticiadosvales","twitter_site":"@noticiadosvales","twitter_misc":{"Escrito por":"Aconteceu no Vale","Est. tempo de leitura":"2 minutos"},"schema":{"@context":"https:\/\/schema.org","@graph":[{"@type":"Article","@id":"https:\/\/aconteceunovale.com.br\/portal\/?p=43742#article","isPartOf":{"@id":"https:\/\/aconteceunovale.com.br\/portal\/?p=43742"},"author":{"name":"Aconteceu no Vale","@id":"https:\/\/aconteceunovale.com.br\/portal\/#\/schema\/person\/633529146f2c94272bef50ac2953d589"},"headline":"Bovinos com at\u00e9 24 meses de idade devem ser vacinados contra aftosa em novembro","datePublished":"2014-10-29T14:14:05+00:00","mainEntityOfPage":{"@id":"https:\/\/aconteceunovale.com.br\/portal\/?p=43742"},"wordCount":493,"commentCount":0,"image":{"@id":"https:\/\/aconteceunovale.com.br\/portal\/?p=43742#primaryimage"},"thumbnailUrl":"https:\/\/aconteceunovale.com.br\/portal\/wp-content\/uploads\/2013\/10\/Febre-aftosa-01.jpg","keywords":["aftosa","Bovinos com at\u00e9 24 meses de idade devem ser vacinados contra aftosa em novembro","IMA","Instituto Mineiro de Agropecu\u00e1ria","vacina contra aftosa","vacina contra febre aftosa"],"articleSection":["Minas Gerais"],"inLanguage":"pt-BR","potentialAction":[{"@type":"CommentAction","name":"Comment","target":["https:\/\/aconteceunovale.com.br\/portal\/?p=43742#respond"]}]},{"@type":"WebPage","@id":"https:\/\/aconteceunovale.com.br\/portal\/?p=43742","url":"https:\/\/aconteceunovale.com.br\/portal\/?p=43742","name":"Bovinos com at\u00e9 24 meses de idade devem ser vacinados contra aftosa em novembro - Aconteceu no Vale","isPartOf":{"@id":"https:\/\/aconteceunovale.com.br\/portal\/#website"},"primaryImageOfPage":{"@id":"https:\/\/aconteceunovale.com.br\/portal\/?p=43742#primaryimage"},"image":{"@id":"https:\/\/aconteceunovale.com.br\/portal\/?p=43742#primaryimage"},"thumbnailUrl":"https:\/\/aconteceunovale.com.br\/portal\/wp-content\/uploads\/2013\/10\/Febre-aftosa-01.jpg","datePublished":"2014-10-29T14:14:05+00:00","author":{"@id":"https:\/\/aconteceunovale.com.br\/portal\/#\/schema\/person\/633529146f2c94272bef50ac2953d589"},"breadcrumb":{"@id":"https:\/\/aconteceunovale.com.br\/portal\/?p=43742#breadcrumb"},"inLanguage":"pt-BR","potentialAction":[{"@type":"ReadAction","target":["https:\/\/aconteceunovale.com.br\/portal\/?p=43742"]}]},{"@type":"ImageObject","inLanguage":"pt-BR","@id":"https:\/\/aconteceunovale.com.br\/portal\/?p=43742#primaryimage","url":"https:\/\/aconteceunovale.com.br\/portal\/wp-content\/uploads\/2013\/10\/Febre-aftosa-01.jpg","contentUrl":"https:\/\/aconteceunovale.com.br\/portal\/wp-content\/uploads\/2013\/10\/Febre-aftosa-01.jpg","width":600,"height":400},{"@type":"BreadcrumbList","@id":"https:\/\/aconteceunovale.com.br\/portal\/?p=43742#breadcrumb","itemListElement":[{"@type":"ListItem","position":1,"name":"In\u00edcio","item":"https:\/\/aconteceunovale.com.br\/portal\/"},{"@type":"ListItem","position":2,"name":"Bovinos com at\u00e9 24 meses de idade devem ser vacinados contra aftosa em novembro"}]},{"@type":"WebSite","@id":"https:\/\/aconteceunovale.com.br\/portal\/#website","url":"https:\/\/aconteceunovale.com.br\/portal\/","name":"Aconteceu no Vale","description":"Portal de Not\u00edcias","potentialAction":[{"@type":"SearchAction","target":{"@type":"EntryPoint","urlTemplate":"https:\/\/aconteceunovale.com.br\/portal\/?s={search_term_string}"},"query-input":{"@type":"PropertyValueSpecification","valueRequired":true,"valueName":"search_term_string"}}],"inLanguage":"pt-BR"},{"@type":"Person","@id":"https:\/\/aconteceunovale.com.br\/portal\/#\/schema\/person\/633529146f2c94272bef50ac2953d589","name":"Aconteceu no Vale","description":"Equipe de reportagem do Aconteceu no Vale, portal de not\u00edcias do Vale do Jequitinhonha, em Minas Gerais. Cobrimos as 51 cidades do Vale desde 2013. Sugest\u00f5es de pauta e pedidos de corre\u00e7\u00e3o: contato@aconteceunovale.com.br","sameAs":["http:\/\/www.aconteceunovale.com.br"],"url":"https:\/\/aconteceunovale.com.br\/portal\/?author=1"}]}},"_links":{"self":[{"href":"https:\/\/aconteceunovale.com.br\/portal\/index.php?rest_route=\/wp\/v2\/posts\/43742","targetHints":{"allow":["GET"]}}],"collection":[{"href":"https:\/\/aconteceunovale.com.br\/portal\/index.php?rest_route=\/wp\/v2\/posts"}],"about":[{"href":"https:\/\/aconteceunovale.com.br\/portal\/index.php?rest_route=\/wp\/v2\/types\/post"}],"author":[{"embeddable":true,"href":"https:\/\/aconteceunovale.com.br\/portal\/index.php?rest_route=\/wp\/v2\/users\/1"}],"replies":[{"embeddable":true,"href":"https:\/\/aconteceunovale.com.br\/portal\/index.php?rest_route=%2Fwp%2Fv2%2Fcomments&post=43742"}],"version-history":[{"count":0,"href":"https:\/\/aconteceunovale.com.br\/portal\/index.php?rest_route=\/wp\/v2\/posts\/43742\/revisions"}],"wp:featuredmedia":[{"embeddable":true,"href":"https:\/\/aconteceunovale.com.br\/portal\/index.php?rest_route=\/wp\/v2\/media\/12617"}],"wp:attachment":[{"href":"https:\/\/aconteceunovale.com.br\/portal\/index.php?rest_route=%2Fwp%2Fv2%2Fmedia&parent=43742"}],"wp:term":[{"taxonomy":"category","embeddable":true,"href":"https:\/\/aconteceunovale.com.br\/portal\/index.php?rest_route=%2Fwp%2Fv2%2Fcategories&post=43742"},{"taxonomy":"post_tag","embeddable":true,"href":"https:\/\/aconteceunovale.com.br\/portal\/index.php?rest_route=%2Fwp%2Fv2%2Ftags&post=43742"}],"curies":[{"name":"wp","href":"https:\/\/api.w.org\/{rel}","templated":true}]}}