{"id":43733,"date":"2014-10-29T10:59:42","date_gmt":"2014-10-29T13:59:42","guid":{"rendered":"http:\/\/aconteceunovale.com.br\/portal\/?p=43733"},"modified":"2014-10-29T10:59:51","modified_gmt":"2014-10-29T13:59:51","slug":"ana-oferece-especializacao-gratuita-em-gestao-de-recursos-hidricos","status":"publish","type":"post","link":"https:\/\/aconteceunovale.com.br\/portal\/?p=43733","title":{"rendered":"ANA oferece especializa\u00e7\u00e3o gratuita em gest\u00e3o de recursos h\u00eddricos"},"content":{"rendered":"<h4><em><strong>S\u00e3o 200 vagas gratuitas para capacitar t\u00e9cnicos dos servi\u00e7os municipais. As inscri\u00e7\u00f5es devem ser feitas at\u00e9 o dia 10 de novembro<\/strong><\/em><\/h4>\n<div id=\"fb-root\"><\/div>\n<p>\t\t\t\t<script>(function(d, s, id) {\n\t\t\t\t  var js, fjs = d.getElementsByTagName(s)[0];\n\t\t\t\t  if (d.getElementById(id)) return;\n\t\t\t\t  js = d.createElement(s); js.id = id;\n\t\t\t\t  js.src = \"\/\/connect.facebook.net\/pt_BR\/sdk.js#xfbml=1&appId=691575364226355&version=v2.0\";\n\t\t\t\t  fjs.parentNode.insertBefore(js, fjs);\n\t\t\t\t}(document, 'script', 'facebook-jssdk'));<\/script><\/p>\n<div class=\"fb-like\" data-href=\"https:\/\/www.facebook.com\/aconteceunovale\" data-layout=\"button_count\" data-action=\"like\" data-show-faces=\"true\" data-share=\"true\"><\/div>\n<p><\/br><\/p>\n<p>A Ag\u00eancia Nacional de \u00c1guas (ANA), em parceria com o Instituto Federal de Educa\u00e7\u00e3o, Ci\u00eancia e Tecnologia do Cear\u00e1 (IFCE), abre inscri\u00e7\u00e3o para o curso de p\u00f3s-gradua\u00e7\u00e3o Lato Sensu em Elabora\u00e7\u00e3o e Gerenciamento de Projetos para a Gest\u00e3o Municipal de Recursos H\u00eddricos na modalidade semipresencial. S\u00e3o ofertadas 200 vagas gratuitas at\u00e9 o dia 10 de novembro, quando o prazo de inscri\u00e7\u00f5es termina.<\/p>\n<p>O curso tem o objetivo de capacitar t\u00e9cnicos dos servi\u00e7os municipais a atuarem na concep\u00e7\u00e3o, capta\u00e7\u00e3o de recursos, implementa\u00e7\u00e3o e presta\u00e7\u00e3o de contas de projetos ligados \u00e0s pol\u00edticas de \u00e2mbito municipal (ambiente, saneamento, uso e ocupa\u00e7\u00e3o do solo) com potencial impacto sobre os recursos h\u00eddricos.<\/p>\n<p>Para concorrer a uma das 200 vagas dessa primeira turma o candidato dever\u00e1 cumprir tr\u00eas requisitos b\u00e1sicos:<\/p>\n<p>&#8211; Possuir gradua\u00e7\u00e3o em qualquer \u00e1rea do conhecimento;<br \/>\n&#8211; Ser servidor com v\u00ednculo efetivo com a administra\u00e7\u00e3o p\u00fablica municipal, estadual ou federal; e<br \/>\n&#8211; Estar liberado e autorizado pelo \u00f3rg\u00e3o de origem para as atividades presenciais e a dist\u00e2ncia oferecidas pelo curso.<\/p>\n<p>Uma comiss\u00e3o de avalia\u00e7\u00e3o formada por representantes da ANA e do IFCE avaliar\u00e1 e validar\u00e1 as inscri\u00e7\u00f5es, tendo como base os crit\u00e9rios definidos no Edital PRPI\/DEAD n\u00ba 001\/2014. Os resultados de todas as etapas do processo seletivo ser\u00e3o publicados na <a href=\"http:\/\/prpi.ifce.edu.br\/ifce_ana\" target=\"_blank\">p\u00e1gina do IFCE na internet<\/a>.<\/p>\n<p>A dura\u00e7\u00e3o do curso est\u00e1 estimada em 18 meses, com tr\u00eas encontros presenciais nos 12 primeiros meses da capacita\u00e7\u00e3o nas cidades polo definidas no edital, a saber: Manaus, Fortaleza, Bras\u00edlia, S\u00e3o Paulo e Florian\u00f3polis, de acordo com a respectiva regi\u00e3o geogr\u00e1fica.<\/p>\n<p>O curso \u00e9 gratuito e as despesas com deslocamento, hospedagem e alimenta\u00e7\u00e3o correr\u00e3o a expensas dos participantes ou de suas institui\u00e7\u00f5es de origem.<\/p>\n<p>O resultado final da sele\u00e7\u00e3o dever\u00e1 ocorrer na data prov\u00e1vel de 21 de novembro, com divulga\u00e7\u00e3o no site do IFCE. O in\u00edcio das aulas est\u00e1 previsto para ocorrer no dia 1\u00ba de dezembro de 2014.<\/p>\n<h4>Vertente indutora<\/h4>\n<p>Como institui\u00e7\u00e3o respons\u00e1vel pelo desenvolvimento de a\u00e7\u00f5es de capacita\u00e7\u00e3o no \u00e2mbito do Sistema Nacional de Gerenciamento de Recursos H\u00eddricos (Singreh), a Ag\u00eancia Nacional de \u00c1guas identificou a demanda para forma\u00e7\u00e3o especializada de t\u00e9cnicos atuantes nos munic\u00edpios brasileiros e, de forma in\u00e9dita no Brasil, apoiou o IFCE na estrutura\u00e7\u00e3o do curso de p\u00f3s-gradua\u00e7\u00e3o Lato Sensu em Elabora\u00e7\u00e3o e Gerenciamento de Projetos para a Gest\u00e3o Municipal de Recursos H\u00eddricos.<\/p>\n<p>A expectativa da Ag\u00eancia \u00e9 capacitar, em duas turmas, 600 profissionais e, assim, permitir que os munic\u00edpios tenham as aptid\u00f5es e o conhecimento necess\u00e1rios para captar recursos para financiamento nas \u00e1reas de saneamento, meio ambiente e planejamento do uso do solo.<\/p>\n<p><em>(Fonte: Ag\u00eancia Nacional das \u00c1guas)<\/em><\/p>\n","protected":false},"excerpt":{"rendered":"<p>S\u00e3o 200 vagas gratuitas para capacitar t\u00e9cnicos dos servi\u00e7os municipais. As inscri\u00e7\u00f5es devem ser feitas at\u00e9 o dia 10 de novembro A Ag\u00eancia Nacional de \u00c1guas (ANA), em parceria com o Instituto Federal de Educa\u00e7\u00e3o, Ci\u00eancia e Tecnologia do Cear\u00e1 (IFCE), abre inscri\u00e7\u00e3o para o curso de p\u00f3s-gradua\u00e7\u00e3o Lato Sensu em Elabora\u00e7\u00e3o e Gerenciamento de [&hellip;]<\/p>\n","protected":false},"author":1,"featured_media":43734,"comment_status":"open","ping_status":"closed","sticky":false,"template":"","format":"standard","meta":{"amp_status":"","footnotes":""},"categories":[6],"tags":[20944,20943,20939,20941,20940,20942],"class_list":["post-43733","post","type-post","status-publish","format-standard","has-post-thumbnail","hentry","category-br","tag-agencia-nacional-das-aguas","tag-ana","tag-ana-oferece-especializacao-gratuita-em-gestao-de-recursos-hidricos","tag-especializacao-em-gestao-de-recursos-hidricos","tag-especializacao-gratuita-em-gestao-de-recursos-hidricos","tag-gestao-de-recursos-hidricos"],"_links":{"self":[{"href":"https:\/\/aconteceunovale.com.br\/portal\/index.php?rest_route=\/wp\/v2\/posts\/43733","targetHints":{"allow":["GET"]}}],"collection":[{"href":"https:\/\/aconteceunovale.com.br\/portal\/index.php?rest_route=\/wp\/v2\/posts"}],"about":[{"href":"https:\/\/aconteceunovale.com.br\/portal\/index.php?rest_route=\/wp\/v2\/types\/post"}],"author":[{"embeddable":true,"href":"https:\/\/aconteceunovale.com.br\/portal\/index.php?rest_route=\/wp\/v2\/users\/1"}],"replies":[{"embeddable":true,"href":"https:\/\/aconteceunovale.com.br\/portal\/index.php?rest_route=%2Fwp%2Fv2%2Fcomments&post=43733"}],"version-history":[{"count":0,"href":"https:\/\/aconteceunovale.com.br\/portal\/index.php?rest_route=\/wp\/v2\/posts\/43733\/revisions"}],"wp:featuredmedia":[{"embeddable":true,"href":"https:\/\/aconteceunovale.com.br\/portal\/index.php?rest_route=\/wp\/v2\/media\/43734"}],"wp:attachment":[{"href":"https:\/\/aconteceunovale.com.br\/portal\/index.php?rest_route=%2Fwp%2Fv2%2Fmedia&parent=43733"}],"wp:term":[{"taxonomy":"category","embeddable":true,"href":"https:\/\/aconteceunovale.com.br\/portal\/index.php?rest_route=%2Fwp%2Fv2%2Fcategories&post=43733"},{"taxonomy":"post_tag","embeddable":true,"href":"https:\/\/aconteceunovale.com.br\/portal\/index.php?rest_route=%2Fwp%2Fv2%2Ftags&post=43733"}],"curies":[{"name":"wp","href":"https:\/\/api.w.org\/{rel}","templated":true}]}}